{"id":588816,"date":"2025-11-20T07:27:14","date_gmt":"2025-11-20T07:27:14","guid":{"rendered":"https:\/\/www.europesays.com\/de\/588816\/"},"modified":"2025-11-20T07:27:14","modified_gmt":"2025-11-20T07:27:14","slug":"andreas-zimmermann-wird-co-trainer-beim-sv-wehen-wiesbaden","status":"publish","type":"post","link":"https:\/\/www.europesays.com\/de\/588816\/","title":{"rendered":"Andreas Zimmermann wird Co-Trainer beim SV Wehen Wiesbaden"},"content":{"rendered":"<ol class=\"id-DonaldBreadcrumb lp_west_breadcrumb id-DonaldBreadcrumb--default\" data-k5a-pos=\"west_breadcrumb\">\n<li class=\"id-Breadcrumb-item\"><a href=\"https:\/\/www.soester-anzeiger.de\/\" class=\"id-Breadcrumb-link\" data-id-ec=\"{\" shn=\"\" textlink=\"\" anzeiger=\"\" data-k5a-pos=\"1_soesterAnzeiger\" rel=\"nofollow noopener\" target=\"_blank\">Soester Anzeiger<\/a><\/li>\n<li class=\"id-Breadcrumb-item\"><a href=\"https:\/\/www.soester-anzeiger.de\/sport\/\" class=\"id-Breadcrumb-link\" data-id-ec=\"{\" shn=\"\" textlink=\"\" data-k5a-pos=\"2_sport\" rel=\"nofollow noopener\" target=\"_blank\">Sport<\/a><\/li>\n<li class=\"id-Breadcrumb-item\"><a href=\"https:\/\/www.soester-anzeiger.de\/sport\/lokalsport\/\" class=\"id-Breadcrumb-link\" data-id-ec=\"{\" shn=\"\" textlink=\"\" data-k5a-pos=\"3_lokalsport\" rel=\"nofollow noopener\" target=\"_blank\">Lokalsport<\/a><\/li>\n<\/ol>\n<p class=\"id-Story-timestamp id-Story-timestamp--default\">Stand: 20.11.2025, 07:08 Uhr<\/p>\n<p class=\"id-Story-authors id-Story-authors--default\">Von: <a class=\"id-Story-authors-link lp_west_author\" href=\"https:\/\/www.soester-anzeiger.de\/autor\/frank-zoellner-6t3qv0flw.html\" title=\"Zur Autorenseite von Frank Z&#xF6;llner\" data-id-ec=\"{\" shn=\"\" author-link=\"\" z=\"\" data-k5a-pos=\"west_author\" rel=\"nofollow noopener\" target=\"_blank\">Frank Z\u00f6llner<\/a><\/p>\n<p class=\"id-Story-interactionBar id-Story-interactionBar--default\">DruckenTeilen<\/p>\n<p><img decoding=\"async\" class=\"id-RatioPlaceholder-element wv_story_el_image\" src=\"https:\/\/www.europesays.com\/de\/wp-content\/uploads\/2025\/11\/38268751-eintracht-braunschweig-sc-paderborn-07-1w7a.jpg\" loading=\"eager\" fetchpriority=\"high\"   height=\"792\" width=\"1408\" alt=\"Eintracht Braunschweig - SC Paderborn 07\"\/>Andreas Zimmermann (l.) und Daniel Scherning arbeiten wieder zusammen. \u00a9\u00a0Swen Pf\u00f6rtner<\/p>\n<p class=\"id-StoryElement-leadText\">Der 55-j\u00e4hrige Ex-Profi aus S\u00f6nnern bringt Erfahrung aus Profi- und Nachwuchsbereich mit zum Drittligisten SV Wehen-Wiesbaden.<\/p>\n<p class=\"id-StoryElement-paragraph\">Andreas \u201eZimbo\u201c Zimmermann aus S\u00f6nnern hat einen neuen Trainerjob gefunden. Der SV Wehen Wiesbaden erweitert sein Trainerteam:\u202fAndreas Zimmermann ist neuer Co-Trainer an der Seite von Cheftrainer\u202fDaniel Scherning, erkl\u00e4rt der Drittligist in einer Mitteilung . Der 55-J\u00e4hrige\u202fhatte\u202fzuletzt gemeinsam mit Scherning bei Eintracht Braunschweig\u202fgearbeitet\u202fund wurde dort zusammen mit Scherning im Saisonfinale am 19. Mai diesen Jahres entlassen. <\/p>\n<p class=\"id-StoryElement-paragraph\"><strong>Jeden Abend die wichtigsten Nachrichten des Tages von soester-anzeiger.de per E-Mail. Abonnieren Sie kostenlos unseren Newsletter. <\/strong><br \/>\n<br \/><a href=\"https:\/\/www.soester-anzeiger.de\/ueber-uns\/newsletter-anmeldung\/\" class=\"id-import-Link--action\" data-id-ec=\"{&quot;sht&quot;:&quot;Container&quot;,&quot;shn&quot;:&quot;Story&quot;,&quot;p&quot;:{&quot;containerType&quot;:&quot;Paragraph&quot;,&quot;displayType&quot;:&quot;Paragraph InlineLink&quot;,&quot;type&quot;:&quot;INLINE_LINK&quot;,&quot;value&quot;:&quot;Zur Anmeldung&quot;,&quot;variant&quot;:&quot;callToAction&quot;,&quot;sponsored&quot;:false,&quot;linkHref&quot;:&quot;https:\/\/www.soester-anzeiger.de\/ueber-uns\/newsletter-anmeldung\/&quot;,&quot;storyElementPosition&quot;:10,&quot;storyElementCount&quot;:14}}\" data-id-av=\"{&quot;sht&quot;:&quot;Container&quot;,&quot;shn&quot;:&quot;Story&quot;,&quot;p&quot;:{&quot;containerType&quot;:&quot;Paragraph&quot;,&quot;displayType&quot;:&quot;Paragraph InlineLink&quot;,&quot;type&quot;:&quot;INLINE_LINK&quot;,&quot;value&quot;:&quot;Zur Anmeldung&quot;,&quot;variant&quot;:&quot;callToAction&quot;,&quot;sponsored&quot;:false,&quot;linkHref&quot;:&quot;https:\/\/www.soester-anzeiger.de\/ueber-uns\/newsletter-anmeldung\/&quot;,&quot;storyElementPosition&quot;:10,&quot;storyElementCount&quot;:14}}\" rel=\"nofollow noopener\" target=\"_blank\">Zur Anmeldung<\/a><\/p>\n<p class=\"id-StoryElement-paragraph\">Zimmermann, der schon l\u00e4ngere Zeit in S\u00f6nnern wohnt, bringt umfassende Erfahrung aus dem Profi- und Nachwuchsbereich mit.\u202fUnterschrieben hat der geb\u00fcrtige Berliner bis\u202fzum Ende der Saison 2067\/27. Seinen ersten Einsatz hat Zimmermann beim Tabellen13., der drei Punkte Vorsprung vor dem Abstiegsrang hat, am kommenden Samstag mit dem Ausw\u00e4rtsspiel bei Waldhof Mannheim (Ansto\u00df: 14 Uhr). Der Drittligist hatte Daniel Scherning am 10. November als Nachfolger des entlassen Trainers Nils D\u00f6ring vorgestellt.<\/p>\n<p class=\"id-StoryElement-paragraph\">\u201eMit Andreas Zimmermann gewinnen wir einen erfahrenen und kompetenten Trainer, der Daniel Scherning bereits aus der gemeinsamen Zeit in Braunschweig bestens kennt\u201c, wird Uwe St\u00f6ver, Gesch\u00e4ftsf\u00fchrer Sport beim SVWW, in der Mitteilung zitiert.\u202f\u201eSeine fachliche Expertise, seine kommunikative Art und sein Blick f\u00fcr Teamprozesse werden unser Trainerteam sehr gut erg\u00e4nzen.\u201c So schaffte Zimmermann an der Seite von Scherning im ersten JAhr bei Eintracht Braunschweig nach dem Amtsantritt im November 20023 fast schon sensationell den Klassenerhalt. <\/p>\n<p class=\"id-StoryElement-paragraph\">Ex-Profi Andreas Zimmermann (u.a.. Hertha BSC Berlin und LR Ahlen), der vorher auch Trainer bei Eintracht Trier, RW Ahlen und dem Wuppertaler SV war, sagt:\u202f\u201eIch freue mich sehr auf die Aufgabe beim SV Wehen Wiesbaden\u202fsowie\u202fauf die Zusammenarbeit mit Daniel und dem gesamten Trainerteam. Die Gespr\u00e4che waren von Beginn an sehr vertrauensvoll, und ich habe sofort gesp\u00fcrt, dass hier professionell, aber auch mit viel Leidenschaft gearbeitet wird. Ich m\u00f6chte meinen Teil dazu beitragen, dass wir unsere sportlichen Ziele gemeinsam erreichen.\u201c<\/p>\n","protected":false},"excerpt":{"rendered":"Soester Anzeiger Sport Lokalsport Stand: 20.11.2025, 07:08 Uhr Von: Frank Z\u00f6llner DruckenTeilen Andreas Zimmermann (l.) und Daniel Scherning&hellip;\n","protected":false},"author":2,"featured_media":588817,"comment_status":"","ping_status":"","sticky":false,"template":"","format":"standard","meta":{"footnotes":""},"categories":[1847],"tags":[3364,29,548,663,3934,30,13,2052,14,15,12,4544],"class_list":{"0":"post-588816","1":"post","2":"type-post","3":"status-publish","4":"format-standard","5":"has-post-thumbnail","7":"category-wiesbaden","8":"tag-de","9":"tag-deutschland","10":"tag-eu","11":"tag-europa","12":"tag-europe","13":"tag-germany","14":"tag-headlines","15":"tag-hessen","16":"tag-nachrichten","17":"tag-news","18":"tag-schlagzeilen","19":"tag-wiesbaden"},"share_on_mastodon":{"url":"https:\/\/pubeurope.com\/@de\/115580845761596200","error":""},"_links":{"self":[{"href":"https:\/\/www.europesays.com\/de\/wp-json\/wp\/v2\/posts\/588816","targetHints":{"allow":["GET"]}}],"collection":[{"href":"https:\/\/www.europesays.com\/de\/wp-json\/wp\/v2\/posts"}],"about":[{"href":"https:\/\/www.europesays.com\/de\/wp-json\/wp\/v2\/types\/post"}],"author":[{"embeddable":true,"href":"https:\/\/www.europesays.com\/de\/wp-json\/wp\/v2\/users\/2"}],"replies":[{"embeddable":true,"href":"https:\/\/www.europesays.com\/de\/wp-json\/wp\/v2\/comments?post=588816"}],"version-history":[{"count":0,"href":"https:\/\/www.europesays.com\/de\/wp-json\/wp\/v2\/posts\/588816\/revisions"}],"wp:featuredmedia":[{"embeddable":true,"href":"https:\/\/www.europesays.com\/de\/wp-json\/wp\/v2\/media\/588817"}],"wp:attachment":[{"href":"https:\/\/www.europesays.com\/de\/wp-json\/wp\/v2\/media?parent=588816"}],"wp:term":[{"taxonomy":"category","embeddable":true,"href":"https:\/\/www.europesays.com\/de\/wp-json\/wp\/v2\/categories?post=588816"},{"taxonomy":"post_tag","embeddable":true,"href":"https:\/\/www.europesays.com\/de\/wp-json\/wp\/v2\/tags?post=588816"}],"curies":[{"name":"wp","href":"https:\/\/api.w.org\/{rel}","templated":true}]}}