{"id":588818,"date":"2025-11-20T07:28:11","date_gmt":"2025-11-20T07:28:11","guid":{"rendered":"https:\/\/www.europesays.com\/de\/588818\/"},"modified":"2025-11-20T07:28:11","modified_gmt":"2025-11-20T07:28:11","slug":"landkreis-augsburg-erinnerung-an-die-toten","status":"publish","type":"post","link":"https:\/\/www.europesays.com\/de\/588818\/","title":{"rendered":"Landkreis Augsburg: Erinnerung an die Toten"},"content":{"rendered":"<p class=\"mb-6 text-xs md:text-m lg:text-l font-serif group-[.font-sans]:font-sans \">\n    In allen Kulturen spielt die Erinnerung an die Toten eine gro\u00dfe Rolle. Das ist auch im Christentum der Fall. Katholiken und Protestanten begehen das Gedenken unterschiedlich. W\u00e4hrend im Katholischen das Allerseelenfest der Totenerinnerung dient, gibt es im evangelischen Kirchenjahr den Totensonntag. Der Tag wird auch \u201eEwigkeitssonntag\u201c genannt und markiert das Ende des Kirchenjahres, eine Woche vor dem ersten Advent.\n  <\/p>\n<p class=\"mb-6 text-xs md:text-m lg:text-l font-serif group-[.font-sans]:font-sans \">\n    An diesem Tag gedenken die\u00a0Menschen der Verstorbenen, besuchen Gr\u00e4ber, z\u00fcnden Kerzen an und denken \u00fcber das ewige Leben nach. K\u00f6nig Friedrich Wilhelm III. von Preu\u00dfen bestimmte\u00a01816 f\u00fcr die evangelische Kirche in den preu\u00dfischen Regionen jeweils den letzten Sonntag des Kirchenjahres zum \u201eallgemeinen Kirchenfest zur Erinnerung an die Verstorbenen\u201c. An diesem Tag sollte an die vielen Gefallenen der Befreiungskriege von 1813 bis 1815 und an die 1810 verstorbene K\u00f6nigin Luise gedacht werden. Das Bild zeigt die Aussegnungshalle auf dem Friedhof in <a href=\"https:\/\/www.augsburger-allgemeine.de\/schwabmuenchen\/ort\/bobingen\" target=\"_self\" class=\"underline \" rel=\"nofollow noopener\">Bobingen<\/a>, der vor 100 Jahren errichtet wurde. Am vergangenen Wochenende fanden dazu mehrere Veranstaltungen auf dem St\u00e4dtischen Friedhof statt, F\u00fchrungen, das neu geschaffene Gr\u00e4berfeld f\u00fcr muslimische Bestattungen wurde vorgestellt und \u00fcber die neuen Bestattungsformen informiert.\n  <\/p>\n<ul data-module-id=\"DragDropModule\" class=\"flex flex-wrap justify-start group-[.no-bookmarks]:hidden\">\n<li class=\"mb-3 mr-3\">\n    86399 Bobingen<\/p>\n<p>      Icon Haken im Kreis gesetzt<\/p>\n<p>      Icon Plus im Kreis<\/p>\n<\/li>\n<li class=\"mb-3 mr-3\">\n    Kirchenjahr<\/p>\n<p>      Icon Haken im Kreis gesetzt<\/p>\n<p>      Icon Plus im Kreis<\/p>\n<\/li>\n<li class=\"mb-3 mr-3\">\n    Totensonntag<\/p>\n<p>      Icon Haken im Kreis gesetzt<\/p>\n<p>      Icon Plus im Kreis<\/p>\n<\/li>\n<\/ul>\n","protected":false},"excerpt":{"rendered":"In allen Kulturen spielt die Erinnerung an die Toten eine gro\u00dfe Rolle. Das ist auch im Christentum der&hellip;\n","protected":false},"author":2,"featured_media":588819,"comment_status":"","ping_status":"","sticky":false,"template":"","format":"standard","meta":{"footnotes":""},"categories":[1846],"tags":[140978,680,772,137673,3364,29,548,663,3934,140981,140982,30,13,140980,14,15,12,140979,130007],"class_list":{"0":"post-588818","1":"post","2":"type-post","3":"status-publish","4":"format-standard","5":"has-post-thumbnail","7":"category-augsburg","8":"tag-allerseelenfest","9":"tag-augsburg","10":"tag-bayern","11":"tag-bobingen","12":"tag-de","13":"tag-deutschland","14":"tag-eu","15":"tag-europa","16":"tag-europe","17":"tag-ewigkeitssonntag","18":"tag-friedrich-wilhelm-iii","19":"tag-germany","20":"tag-headlines","21":"tag-kirchenjahr","22":"tag-nachrichten","23":"tag-news","24":"tag-schlagzeilen","25":"tag-totenerinnerung","26":"tag-totensonntag"},"share_on_mastodon":{"url":"https:\/\/pubeurope.com\/@de\/115580849955796028","error":""},"_links":{"self":[{"href":"https:\/\/www.europesays.com\/de\/wp-json\/wp\/v2\/posts\/588818","targetHints":{"allow":["GET"]}}],"collection":[{"href":"https:\/\/www.europesays.com\/de\/wp-json\/wp\/v2\/posts"}],"about":[{"href":"https:\/\/www.europesays.com\/de\/wp-json\/wp\/v2\/types\/post"}],"author":[{"embeddable":true,"href":"https:\/\/www.europesays.com\/de\/wp-json\/wp\/v2\/users\/2"}],"replies":[{"embeddable":true,"href":"https:\/\/www.europesays.com\/de\/wp-json\/wp\/v2\/comments?post=588818"}],"version-history":[{"count":0,"href":"https:\/\/www.europesays.com\/de\/wp-json\/wp\/v2\/posts\/588818\/revisions"}],"wp:featuredmedia":[{"embeddable":true,"href":"https:\/\/www.europesays.com\/de\/wp-json\/wp\/v2\/media\/588819"}],"wp:attachment":[{"href":"https:\/\/www.europesays.com\/de\/wp-json\/wp\/v2\/media?parent=588818"}],"wp:term":[{"taxonomy":"category","embeddable":true,"href":"https:\/\/www.europesays.com\/de\/wp-json\/wp\/v2\/categories?post=588818"},{"taxonomy":"post_tag","embeddable":true,"href":"https:\/\/www.europesays.com\/de\/wp-json\/wp\/v2\/tags?post=588818"}],"curies":[{"name":"wp","href":"https:\/\/api.w.org\/{rel}","templated":true}]}}