{"id":588858,"date":"2025-11-20T07:50:18","date_gmt":"2025-11-20T07:50:18","guid":{"rendered":"https:\/\/www.europesays.com\/de\/588858\/"},"modified":"2025-11-20T07:50:18","modified_gmt":"2025-11-20T07:50:18","slug":"bonn-muss-nicht-einspringen-weltklimakonferenz-2026-wohl-in-der-tuerkei","status":"publish","type":"post","link":"https:\/\/www.europesays.com\/de\/588858\/","title":{"rendered":"Bonn muss nicht einspringen: Weltklimakonferenz 2026 wohl in der T\u00fcrkei"},"content":{"rendered":"<p class=\"small date article__date\">Ver\u00f6ffentlicht:\u00a0Donnerstag, 20.11.2025 07:45<\/p>\n<p>Nach langem Hin und Her ist klar: Die Stadt Bonn muss nicht einspringen und noch auf die Schnelle die n\u00e4chste Weltklimakonferenz auf die Beine stellen. Sie d\u00fcrfte in der T\u00fcrkei stattfinden.   <\/p>\n<p><img decoding=\"async\" alt=\"\" src=\"https:\/\/www.europesays.com\/de\/wp-content\/uploads\/2025\/11\/klima-energie-strommasten-windenergie-dsc3770-c-ralph-frank-wwf.jpg&#038;crop=0x73x3600x2250&#038;resize=1280x.jpeg\" data-size=\"1280x800\"\/>\u00a9 Ralph Frank\/WWFT\u00fcrkei und Australien handeln Kompromiss aus<\/p>\n<p>Die T\u00fcrkei und Australien hatten sich lange um die Ausrichtung gestritten. Jetzt gab es auf der laufenden Klimakonferenz in Brasilien einen Kompromiss: Demnach soll die T\u00fcrkei Gastgeber und Pr\u00e4sidentschaft der n\u00e4chsten Klimakonferenz werden, Australien daf\u00fcr Pr\u00e4sidentschaft f\u00fcr die Verhandlungen. Das sei ein sehr ungew\u00f6hnliches, noch nicht einge\u00fcbtes Konzept, sagte der deutsche Umweltsekret\u00e4r Flasbarth, der die Kompromissrunde geleitet hatte. <\/p>\n<p>Bonn war 2017 Gastgeber<\/p>\n<p>H\u00e4tte es keine Einigung \u00fcber den Tagungsort gegeben, w\u00e4re automatisch Deutschland und damit Bonn als Sitz des UN-Klimasekretariats Gastgeber der Konferenz mit Zehntausenden Teilnehmern geworden. Die Bundesregierung wollte das aber unbedingt verhindern. &#8222;Deutschland braucht f\u00fcr eine Konferenz mehr Zeit&#8220;, hatte Flasbarth erkl\u00e4rt. Der Austragungsort der j\u00e4hrlichen Weltklimakonferenz soll eigentlich zwischen den Weltregionen rotieren. Die Staatengruppen m\u00fcssen sich dann jeweils auf einen Gastgeber einigen. Bonn und die Region waren zuletzt 2017 Gastgeber der Weltklimakonferenz.<\/p>\n","protected":false},"excerpt":{"rendered":"Ver\u00f6ffentlicht:\u00a0Donnerstag, 20.11.2025 07:45 Nach langem Hin und Her ist klar: Die Stadt Bonn muss nicht einspringen und noch&hellip;\n","protected":false},"author":2,"featured_media":588859,"comment_status":"","ping_status":"","sticky":false,"template":"","format":"standard","meta":{"footnotes":""},"categories":[1842],"tags":[25492,1912,1741,3364,29,30,1209,63839],"class_list":{"0":"post-588858","1":"post","2":"type-post","3":"status-publish","4":"format-standard","5":"has-post-thumbnail","7":"category-bonn","8":"tag-trkei","9":"tag-australien","10":"tag-bonn","11":"tag-de","12":"tag-deutschland","13":"tag-germany","14":"tag-nordrhein-westfalen","15":"tag-weltklimakonferenz"},"share_on_mastodon":{"url":"https:\/\/pubeurope.com\/@de\/115580936876349809","error":""},"_links":{"self":[{"href":"https:\/\/www.europesays.com\/de\/wp-json\/wp\/v2\/posts\/588858","targetHints":{"allow":["GET"]}}],"collection":[{"href":"https:\/\/www.europesays.com\/de\/wp-json\/wp\/v2\/posts"}],"about":[{"href":"https:\/\/www.europesays.com\/de\/wp-json\/wp\/v2\/types\/post"}],"author":[{"embeddable":true,"href":"https:\/\/www.europesays.com\/de\/wp-json\/wp\/v2\/users\/2"}],"replies":[{"embeddable":true,"href":"https:\/\/www.europesays.com\/de\/wp-json\/wp\/v2\/comments?post=588858"}],"version-history":[{"count":0,"href":"https:\/\/www.europesays.com\/de\/wp-json\/wp\/v2\/posts\/588858\/revisions"}],"wp:featuredmedia":[{"embeddable":true,"href":"https:\/\/www.europesays.com\/de\/wp-json\/wp\/v2\/media\/588859"}],"wp:attachment":[{"href":"https:\/\/www.europesays.com\/de\/wp-json\/wp\/v2\/media?parent=588858"}],"wp:term":[{"taxonomy":"category","embeddable":true,"href":"https:\/\/www.europesays.com\/de\/wp-json\/wp\/v2\/categories?post=588858"},{"taxonomy":"post_tag","embeddable":true,"href":"https:\/\/www.europesays.com\/de\/wp-json\/wp\/v2\/tags?post=588858"}],"curies":[{"name":"wp","href":"https:\/\/api.w.org\/{rel}","templated":true}]}}