{"id":588873,"date":"2025-11-20T07:59:14","date_gmt":"2025-11-20T07:59:14","guid":{"rendered":"https:\/\/www.europesays.com\/de\/588873\/"},"modified":"2025-11-20T07:59:14","modified_gmt":"2025-11-20T07:59:14","slug":"infos-zu-oeffnungszeiten-und-eintritt","status":"publish","type":"post","link":"https:\/\/www.europesays.com\/de\/588873\/","title":{"rendered":"Infos zu \u00d6ffnungszeiten und Eintritt"},"content":{"rendered":"<p>Kunsthandwerk statt Massenware <\/p>\n<p>Weihnachtsmarkt bei Dresden \u00f6ffnet nur f\u00fcr ein Wochenende<\/p>\n<p>Aktualisiert am 20.11.2025 &#8211; 07:07 UhrLesedauer: 1 Min.<\/p>\n<p><a href=\"#focus-0\" class=\"transition-colors duration-200 block text-current relative\" data-sctrack=\"FocusGalleryImage.Reference\"><img fetchpriority=\"high\" data-testid=\"Opener.Image\" style=\"--lqipURL:url('https:\/\/images.t-online.de\/2025\/11\/8b3L2KqXkUUN\/1068x1068:2843x1599\/fit-in\/150x0\/filters:blur(25)\/blick-auf-den-moritzburger-weihnachtsmarkt-archivbild.jpg')\"   loading=\"eager\" src=\"https:\/\/www.europesays.com\/de\/wp-content\/uploads\/2025\/11\/blick-auf-den-moritzburger-weihnachtsmarkt-archivbild.jpg\" alt=\"Blick auf den Moritzburger Weihnachtsmarkt (Archivbild):\" title=\"Blick auf den Moritzburger Weihnachtsmarkt (Archivbild):\" width=\"2843\" height=\"1599\" class=\"bg-[url:var(--lqipURL)] bg-cover bg-center flex h-full w-full max-w-full\" decoding=\"async\"\/><img style=\"--width:32;--height:32\" loading=\"lazy\" src=\"https:\/\/dresden.t-online.de\/s\/paper\/_next\/static\/media\/zoom-in.f7dae02f.svg\" alt=\"Vergr\u00f6\u00dfern des Bildes\" title=\"Vergr\u00f6\u00dfern des Bildes\" class=\"block h-[calc(var(--height)_\/_16_*_1rem)] w-[calc(var(--width)_\/_16_*_1rem)] max-w-none absolute bottom-8 right-8 rounded-4 bg-snow p-8\" decoding=\"async\"\/><\/a><\/p>\n<p>Blick auf den Moritzburger Weihnachtsmarkt (Archivbild): Das Barockschloss bildet die perfekte Kulisse. (Quelle: IMAGO\/Sylvio Dittrich)<\/p>\n<p class=\"font-bold text-18 leading-17\">Im malerischen Moritzburg \u00f6ffnet der Weihnachtsmarkt einzig f\u00fcr ein Wochenende. Besucher erwartet festlicher Zauber vor der idyllischen Schlosskulisse.<\/p>\n<p class=\"text-18 leading-17\">Der Weihnachtsmarkt in Moritzburg macht es anders: Er \u00f6ffnet nur an einem einzigen Wochenende im Jahr. Vom 12. bis 14. Dezember verwandelt sich der Markttreff am Schlossparkplatz in einen kleinen Adventszauber.<\/p>\n<p class=\"text-18 leading-17\">Das Barockschloss bildet die perfekte Kulisse. Es thront auf einer k\u00fcnstlichen Insel, umgeben von Teichen. Jedes Jahr kommen 5.000 bis 8.000 Besucher. Der Eintritt ist frei.<\/p>\n<p class=\"text-18 leading-17\">Der Markt \u00f6ffnet Freitag von 14 bis 20 Uhr, Samstag und Sonntag jeweils von 10 bis 20 Uhr. Regionale H\u00e4ndler verkaufen Kunsthandwerk, Naturprodukte und lokale Spezialit\u00e4ten. Dazu gibt es Gl\u00fchwein und Bratwurst.<\/p>\n","protected":false},"excerpt":{"rendered":"Kunsthandwerk statt Massenware Weihnachtsmarkt bei Dresden \u00f6ffnet nur f\u00fcr ein Wochenende Aktualisiert am 20.11.2025 &#8211; 07:07 UhrLesedauer: 1&hellip;\n","protected":false},"author":2,"featured_media":588874,"comment_status":"","ping_status":"","sticky":false,"template":"","format":"standard","meta":{"footnotes":""},"categories":[1835],"tags":[722,49293,3364,29,2386,30,7132,140990,16581,859,8497],"class_list":{"0":"post-588873","1":"post","2":"type-post","3":"status-publish","4":"format-standard","5":"has-post-thumbnail","7":"category-dresden","8":"tag-722","9":"tag-barockschloss","10":"tag-de","11":"tag-deutschland","12":"tag-dresden","13":"tag-germany","14":"tag-kunsthandwerk","15":"tag-massenware","16":"tag-moritzburg","17":"tag-sachsen","18":"tag-weihnachtsmarkt"},"share_on_mastodon":{"url":"https:\/\/pubeurope.com\/@de\/115580973765978073","error":""},"_links":{"self":[{"href":"https:\/\/www.europesays.com\/de\/wp-json\/wp\/v2\/posts\/588873","targetHints":{"allow":["GET"]}}],"collection":[{"href":"https:\/\/www.europesays.com\/de\/wp-json\/wp\/v2\/posts"}],"about":[{"href":"https:\/\/www.europesays.com\/de\/wp-json\/wp\/v2\/types\/post"}],"author":[{"embeddable":true,"href":"https:\/\/www.europesays.com\/de\/wp-json\/wp\/v2\/users\/2"}],"replies":[{"embeddable":true,"href":"https:\/\/www.europesays.com\/de\/wp-json\/wp\/v2\/comments?post=588873"}],"version-history":[{"count":0,"href":"https:\/\/www.europesays.com\/de\/wp-json\/wp\/v2\/posts\/588873\/revisions"}],"wp:featuredmedia":[{"embeddable":true,"href":"https:\/\/www.europesays.com\/de\/wp-json\/wp\/v2\/media\/588874"}],"wp:attachment":[{"href":"https:\/\/www.europesays.com\/de\/wp-json\/wp\/v2\/media?parent=588873"}],"wp:term":[{"taxonomy":"category","embeddable":true,"href":"https:\/\/www.europesays.com\/de\/wp-json\/wp\/v2\/categories?post=588873"},{"taxonomy":"post_tag","embeddable":true,"href":"https:\/\/www.europesays.com\/de\/wp-json\/wp\/v2\/tags?post=588873"}],"curies":[{"name":"wp","href":"https:\/\/api.w.org\/{rel}","templated":true}]}}