{"id":588896,"date":"2025-11-20T08:13:14","date_gmt":"2025-11-20T08:13:14","guid":{"rendered":"https:\/\/www.europesays.com\/de\/588896\/"},"modified":"2025-11-20T08:13:14","modified_gmt":"2025-11-20T08:13:14","slug":"umbruch-im-aufsichtsrat-diese-namen-werden-beim-vfb-stuttgart-jetzt-gehandelt-news-ueber-den-vfb-stuttgart","status":"publish","type":"post","link":"https:\/\/www.europesays.com\/de\/588896\/","title":{"rendered":"Umbruch im Aufsichtsrat: Diese Namen werden beim VfB Stuttgart jetzt gehandelt &#8211; News \u00fcber den VfB Stuttgart"},"content":{"rendered":"<p><strong>Stuttgart.<\/strong> Der Aufsichtsrat des <a href=\"https:\/\/www.zvw.de\/vfb-stuttgart\/\" rel=\"noopener\" target=\"_blank\">VfB Stuttgart<\/a> wird sich im kommenden Jahr personell ver\u00e4ndern \u2013 wieder einmal. <a href=\"https:\/\/www.zvw.de\/vfb-stuttgart\/st%C3%BChler%C3%BCcken-beim-vfb-stuttgart-der-n%C3%A4chste-aufsichtsrat-verl%C3%A4sst-die-schwaben_arid-1023258\" rel=\"noopener\" target=\"_blank\">Lutz Meschke und Franz Reiner legen ihr Amt zum 31. Dezember nieder<\/a>. Erst im Juli 2025 <a href=\"https:\/\/www.zvw.de\/vfb-stuttgart\/vier-vfb-aufsichtsratsposten-neu-besetzt-wer-k%C3%BCnftig-im-kontrollgremium-sitzt_arid-972086\" rel=\"noopener\" target=\"_blank\">wurden vier neue Aufsichtsr\u00e4te in das Gremium gew\u00e4hlt<\/a>. Ein paar Monate sp\u00e4ter muss Pr\u00e4sident Dietmar Allgaier schon wieder einen gro\u00dfen Umbruch abwickeln. Wie geht es im Aufsichtsrat (AR) nun weiter? Welche Personalien werden f\u00fcr die freigewordenen Posten gehandelt? Und wie steht es um den so wichtigen Pr\u00e4sidialausschuss, der ebenfalls vom Umbruch betroffen ist?<\/p>\n<p><a class=\"nfy-teaser nfy-ar-teaser\" id=\"nfy-teaser-inline\" data-upscore-url=\"\" href=\"https:\/\/www.zvw.de\/vfb-stuttgart\/polizei-plant-gro%C3%9Feinsatz-bei-spiel-von-maccabi-tel-aviv-in-stuttgart_arid-1023300?utm_source=empfehlungslink&amp;utm_campaign=empfehlungslink\" data-upscore-object-id=\"1023300\" target=\"_blank\" rel=\"noopener\"><img loading=\"lazy\" decoding=\"async\" src=\"\/cms_media\/module_img\/7057\/3528912_2_gridmobile_vor-dem-europa-league-spiel-aston-villa-maccabi-tel-aviv.jpeg\" alt=\"Vor dem Europa League-Spiel  Aston Villa - Maccabi Tel Aviv\" width=\"370\" height=\"229\" class=\"lazyload\" data-tmpl=\"gridmobile\"\/><\/p>\n<p>VfB StuttgartPolizei plant Gro\u00dfeinsatz bei Spiel von Maccabi Tel Aviv in Stuttgart<\/p>\n<p><\/a><\/p>\n<p>Sie wollen unseren VfB-WhatsApp-Channel abonnieren? <a href=\"https:\/\/whatsapp.com\/channel\/0029ValGZYIJuyACDMSSAT12\" rel=\"noopener\" target=\"_blank\">Dann klicken Sie hier auf diesen Link<\/a> .<\/p>\n<p>Warum Franz Reiner und Lutz Meschke beim VfB Stuttgart fehlen werden<\/p>\n<p>Das hat sich Dietmar Allgaier sicher anders vorgestellt. Als die Hauptversammlung der VfB Stuttgart 1893 AG zum 1. Juli 2025 vier neue Aufsichtsr\u00e4te in das Gremium w\u00e4hlte, war noch nicht abzusehen, dass knapp ein halbes Jahr sp\u00e4ter erneut das St\u00fchler\u00fccken losgeht. Gerade erst eingespielt, steht der Aufsichtsrat erneut vor einem Neuanfang. Denn: Der Pr\u00e4sident verliert mit Franz Reiner und Lutz Meschke sowohl den ersten als auch den zweiten stellvertretenden Aufsichtsratsvorsitzenden. Dietmar Allgaier steht als Aufsichtsratsboss vor der schweren Aufgabe, die AR-F\u00fchrungsebene komplett neu aufbauen.<\/p>\n<p>Denn: Die Schwaben m\u00fcssen k\u00fcnftig auf zwei erfahrene \u2013 <a href=\"https:\/\/www.zvw.de\/vfb-stuttgart\/%C3%A4rger-im-vfb-aufsichtsrat-und-im-hintergrund-schwelt-ein-brandherd_arid-786295\" rel=\"noopener\" target=\"_blank\">wenn auch im Fall Lutz Meschke durchaus streitbare<\/a> \u2013 Aufsichtsr\u00e4te verzichten. \u00dcber seinen ersten Stellvertreter sagt Dietmar Allgaier: \u201eHochgesch\u00e4tzt f\u00fcr seine Expertise, seine Impulse und seine Pers\u00f6nlichkeit im Aufsichtsrat darf sich Franz Reiner zu den Wegbereitern des modernen, wiedererstarkten VfB z\u00e4hlen.\u201c Dieser wird Allgaier k\u00fcnftig fehlen. Auch Lutz Meschke, ohne dessen Zutun es wohl nie zum Weltmarkenb\u00fcndnis und dem Porsche-Einstieg beim VfB gekommen w\u00e4re, wird im Aufsichtsrat eine L\u00fccke hinterlassen. Beide m\u00fcssen den VfB-Aufsichtsrat verlassen, da sie bei Mercedes bzw. Porsche als Manager ausscheiden.<\/p>\n<p>Porsche und Mercedes k\u00f6nnen selbst entscheiden, wer im VfB-AR sitzt<\/p>\n<p>Allerdings: Der doppelte personelle Wechsel bietet auch Chancen. Mit neuen Gesichtern kommen zwangsl\u00e4ufig auch neue Ideen, Impulse und Visionen in das Gremium. Frischer Wind hat selten geschadet, das trifft auch auf den Aufsichtsrat des VfB Stuttgart zu, wie es vereinzelt aus dem Gremium zu h\u00f6ren ist. Die Frage ist nur: Wer wird die beiden freigewordenen Posten im Aufsichtsrat der VfB AG k\u00fcnftig besetzen? Die Nachfolge von Franz Reiner, der als Vertreter des Ankerinvestors Mercedes Benz im AR sitzt, ist bereits gekl\u00e4rt. F\u00fcr den 58-j\u00e4hrigen Manager r\u00fcckt Michael Ren\u00e9 Eisenmann, Vice President Sales Controlling Mercedes-Benz Cars, nach (<a href=\"https:\/\/www.vfb.de\/de\/vfb\/aktuell\/neues\/club\/2025\/abschied-franz-reiner\/\" rel=\"noopener\" target=\"_blank\">zur Meldung auf der VfB-Homepage<\/a>). Damit h\u00e4lt Mercedes Benz auch in Zukunft zwei Sitze im Aufsichtsrat.<\/p>\n<p><a class=\"nfy-teaser nfy-ar-teaser\" id=\"nfy-teaser-inline\" data-upscore-url=\"\" href=\"https:\/\/www.zvw.de\/vfb-stuttgart\/st%C3%BChler%C3%BCcken-beim-vfb-stuttgart-der-n%C3%A4chste-aufsichtsrat-verl%C3%A4sst-die-schwaben_arid-1023258?utm_source=empfehlungslink&amp;utm_campaign=empfehlungslink\" data-upscore-object-id=\"1023258\" target=\"_blank\" rel=\"noopener\"><img loading=\"lazy\" decoding=\"async\" src=\"\/cms_media\/module_img\/7057\/3528810_5_gridmobile_mitgliederversammlung-vfb-stuttgart-1.jpeg\" alt=\"Mitgliederversammlung  VfB Stuttgart - 1\" width=\"370\" height=\"229\" class=\"lazyload\" data-tmpl=\"gridmobile\"\/><\/p>\n<p>VfB StuttgartSt\u00fchler\u00fccken beim VfB Stuttgart: Der n\u00e4chste Aufsichtsrat verl\u00e4sst die Schwaben<\/p>\n<p><\/a><\/p>\n<p>Anders sieht es beim Autobauer aus Zuffenhausen aus: Wer beim VfB auf Lutz Meschke folgt, der Porsche zum Ende des Jahres verlassen wird, steht noch nicht fest. Nach Informationen unserer Redaktion findet bei dem Autobauer aktuell ein Prozess statt, der die Nachfolge kl\u00e4ren soll. Bis Ende November steht der Nachfolger bei Porsche wohl fest. Das Spannende dabei: Der VfB Stuttgart kann bei der AR-Besetzung von Porsche nicht mitreden. Denn: Der Gesellschaftervertrag zwischen dem VfB Stuttgart und den beiden Ankerinvestoren Mercedes Benz und Porsche sieht vor, dass die Autobauer ihre zwei Aufsichtsr\u00e4te jeweils selbst bestimmen und nominieren d\u00fcrfen. Der VfB Stuttgart h\u00e4tte nur dann ein Veto-Recht, wenn die beiden Kandidaten nicht dem Vorstand oder der Direktorenebene angeh\u00f6ren. Letzteres trifft beispielsweise bei Mercedes-Manager Michael Ren\u00e9 Eisenmann, dem Ersatz f\u00fcr Franz Reiner, zu.<\/p>\n<p>Wichtiger Pr\u00e4sidialausschuss: Diese Namen werden beim VfB gehandelt<\/p>\n<p>Doch damit nicht genug: Neben den beiden Posten im Aufsichtsrat wird auch der so wichtige Pr\u00e4sidialausschuss des VfB Stuttgart zur H\u00e4lfte ausgetauscht. In genau diesem Ausschuss sitzen aktuell noch Franz Reiner und Lutz Meschke. Das vierk\u00f6pfige Gremium ist als schnelle Eingreiftruppe daf\u00fcr da, die Entscheidungen von Fabian Wohlgemuth oder Alexander Wehrle bei besonders dringlichen Angelegenheiten schnell abzunicken, ohne dass gleich der ganze Aufsichtsrat anr\u00fccken muss. Damit kommt dem Pr\u00e4sidialausschuss etwa bei Transferentscheidungen eine zentrale und gewichtige Rolle zu.<\/p>\n<p>Die beiden Vertreter des VfB Stuttgart e.V. im Pr\u00e4sidialausschuss, Dietmar Allgaier und Andreas Grupp, m\u00fcssen sich also nach zwei neuen Mitspielern umschauen. Fakt ist: Die beiden Posten m\u00fcssen von einem Mercedes- und einem Porsche-Vertreter besetzt werden. Denn: Die beiden Autobauer haben sich beim millionenschweren VfB-Einstieg zusichern lassen, bei den wichtigen Entscheidungen mit am Tisch sitzen zu d\u00fcrfen. Erste Namen werden nach unseren Infos bereits gehandelt. Klaus Rehkugler etwa gilt als hei\u00dfer Mercedes-Kandidat, f\u00fcr Porsche d\u00fcrfte wohl Albrecht Reimold in den Pr\u00e4sidialausschuss einziehen. Die beiden Manager sind bereits Mitglieder im VfB-Aufsichtsrat und d\u00fcrften aufgrund ihrer langj\u00e4hrigen Gremienerfahrung wohl die erste Wahl sein.<\/p>\n<p><a class=\"nfy-teaser nfy-ar-teaser\" id=\"nfy-teaser-inline\" data-upscore-url=\"\" href=\"https:\/\/www.zvw.de\/vfb-stuttgart\/vier-vfb-aufsichtsratsposten-neu-besetzt-wer-k%C3%BCnftig-im-kontrollgremium-sitzt_arid-972086?utm_source=empfehlungslink&amp;utm_campaign=empfehlungslink\" data-upscore-object-id=\"972086\" target=\"_blank\" rel=\"noopener\"><img loading=\"lazy\" decoding=\"async\" src=\"\/cms_media\/module_img\/6805\/3402725_2_gridmobile_geschaftsstelle-vfb-stuttgart-vfb-symbolbild-1.jpeg\" alt=\"Gesch\u00e4ftsstelle VfB Stuttgart, VfB, Symbolbild - 1\" width=\"370\" height=\"229\" class=\"lazyload\" data-tmpl=\"gridmobile\"\/><\/p>\n<p>VfB StuttgartVier VfB-Aufsichtsratsposten neu besetzt: Wer k\u00fcnftig im Kontrollgremium sitzt<\/p>\n<p><\/a><br \/>\nAufsichtsrat beim VfB Stuttgart: Bis Weihnachten d\u00fcrften alle Fragen gekl\u00e4rt sein<\/p>\n<p>Schlussendlich entscheidet die Hauptversammlung der VfB Stuttgart 1893 AG, wer ab dem 1. Januar im Pr\u00e4sidialausschuss der Schwaben sitzt. Nach Informationen unserer Redaktion kommt die Versammlung Ende Dezember zusammen. In dieser letzten Sitzung vor Weihnachten also sollen die Personalien abschlie\u00dfend gekl\u00e4rt werden und die beiden neuen Aufsichtsratsmitglieder begr\u00fc\u00dft werden. Dietmar Allgaier d\u00fcrfte dann hoffen, dass so schnell kein Aufsichtsratsmitglied mehr den Stuttgarter Bundesligisten verl\u00e4sst \u2013 und der Pr\u00e4sident in einem halben Jahr nicht schon wieder einen Umbruch moderieren muss.<\/p>\n<p><strong>Das macht der Pr\u00e4sidialausschuss der VfB Stuttgart 1893 AG:<\/strong><\/p>\n<ul>\n<li>Als schnelle Eingreiftruppe segnet der Pr\u00e4sidialausschuss Entscheidungen des VfB-Vorstands um Alexander Wehrle ab, wenn die Zeit dr\u00e4ngt. Beispiel: In der hektischen Transferperiode etwa sind die vier Vertreter des Pr\u00e4sidialausschusses gefragt, wenn schnelle Entscheidungen mit Sportvorstand Fabian Wohlgemuth abgesprochen werden m\u00fcssen.<\/li>\n<li>Im Pr\u00e4sidialausschuss sitzen je zwei Vertreter des VfB e.V. (Dietmar Allgaier und Andreas Grupp) sowie die beiden Vertreter der Ankerinvestoren Mercedes Benz und Porsche (aktuell noch Franz Reiner und Lutz Meschke).<\/li>\n<li>Bei Stimmengleichheit im Pr\u00e4sidialausschuss hat VfB-Pr\u00e4sident Dietmar Allgaier ein doppeltes Stimmrecht. Damit wird gew\u00e4hrleistet, dass der VfB e.V. als Mehrheitseigner an der VfB AG immer das letzte Wort hat.<\/li>\n<\/ul>\n","protected":false},"excerpt":{"rendered":"Stuttgart. Der Aufsichtsrat des VfB Stuttgart wird sich im kommenden Jahr personell ver\u00e4ndern \u2013 wieder einmal. Lutz Meschke&hellip;\n","protected":false},"author":2,"featured_media":588897,"comment_status":"","ping_status":"","sticky":false,"template":"","format":"standard","meta":{"footnotes":""},"categories":[1830],"tags":[13567,1634,3364,29,68030,30,3686,141006,1441,4112,2915,141007],"class_list":{"0":"post-588896","1":"post","2":"type-post","3":"status-publish","4":"format-standard","5":"has-post-thumbnail","7":"category-stuttgart","8":"tag-aufsichtsrat","9":"tag-baden-wuerttemberg","10":"tag-de","11":"tag-deutschland","12":"tag-dietmar-allgaier","13":"tag-germany","14":"tag-praesident","15":"tag-praesidialausschuss","16":"tag-stuttgart","17":"tag-vfb","18":"tag-vfb-stuttgart","19":"tag-vfb-praesident"},"share_on_mastodon":{"url":"https:\/\/pubeurope.com\/@de\/115581028581551416","error":""},"_links":{"self":[{"href":"https:\/\/www.europesays.com\/de\/wp-json\/wp\/v2\/posts\/588896","targetHints":{"allow":["GET"]}}],"collection":[{"href":"https:\/\/www.europesays.com\/de\/wp-json\/wp\/v2\/posts"}],"about":[{"href":"https:\/\/www.europesays.com\/de\/wp-json\/wp\/v2\/types\/post"}],"author":[{"embeddable":true,"href":"https:\/\/www.europesays.com\/de\/wp-json\/wp\/v2\/users\/2"}],"replies":[{"embeddable":true,"href":"https:\/\/www.europesays.com\/de\/wp-json\/wp\/v2\/comments?post=588896"}],"version-history":[{"count":0,"href":"https:\/\/www.europesays.com\/de\/wp-json\/wp\/v2\/posts\/588896\/revisions"}],"wp:featuredmedia":[{"embeddable":true,"href":"https:\/\/www.europesays.com\/de\/wp-json\/wp\/v2\/media\/588897"}],"wp:attachment":[{"href":"https:\/\/www.europesays.com\/de\/wp-json\/wp\/v2\/media?parent=588896"}],"wp:term":[{"taxonomy":"category","embeddable":true,"href":"https:\/\/www.europesays.com\/de\/wp-json\/wp\/v2\/categories?post=588896"},{"taxonomy":"post_tag","embeddable":true,"href":"https:\/\/www.europesays.com\/de\/wp-json\/wp\/v2\/tags?post=588896"}],"curies":[{"name":"wp","href":"https:\/\/api.w.org\/{rel}","templated":true}]}}