{"id":589292,"date":"2025-11-20T12:17:24","date_gmt":"2025-11-20T12:17:24","guid":{"rendered":"https:\/\/www.europesays.com\/de\/589292\/"},"modified":"2025-11-20T12:17:24","modified_gmt":"2025-11-20T12:17:24","slug":"deutschland-beteiligt-sich-mit-einer-milliarde-euro-an-tropenfonds","status":"publish","type":"post","link":"https:\/\/www.europesays.com\/de\/589292\/","title":{"rendered":"Deutschland beteiligt sich mit einer Milliarde Euro an Tropenfonds"},"content":{"rendered":"<p>                    <img decoding=\"async\" loading=\"lazy\" class=\"internal-image\" title=\"Eine Naturaufnahme aus der Vogelperspektive: Ein Fluss schl\u00e4ngelt sich durch einen Wald. Der Wald ist sehr dicht, es ist ein tropischer Regenwald.\" alt=\"Eine Naturaufnahme aus der Vogelperspektive: Ein Fluss schl\u00e4ngelt sich durch einen Wald. Der Wald ist sehr dicht, es ist ein tropischer Regenwald.\" src=\"https:\/\/www.europesays.com\/de\/wp-content\/uploads\/2025\/11\/regenwald-tropen-tfff-100-1920x1080.jpg\" \/><\/p>\n<p>                  Lebensraum f\u00fcr Menschn und Natur: Der Regenwald des Amazonas bei Bel\u00e9m steht nicht nur wegen der COP30 unter besonderer Beobachtung. (picture alliance \/ ASSOCIATED PRESS \/ Eraldo Peres)<\/p>\n<p>Wie Bundesentwicklungsministerin Alabali Radovan und Bundesumweltminister Schneider in Bel\u00e9m mitteilten, wird sich Deutschland in den kommenden zehn Jahren mit dieser Summe beteiligen. Ziel sei es, den Umweltschutz voranzutreiben, aber auch bei der Anpassung an den Klimawandel zu helfen, den insbesondere die Menschen im Tropenwald sp\u00fcrten.<\/p>\n<p>Das Gastgeberland Brasilien hatte das Projekt initiiert. Damit sollen L\u00e4nder f\u00fcr den Erhalt tropischer W\u00e4lder entsch\u00e4digt werden. Mehrere Staaten, darunter Brasilien und Norwegen, hatten insgesamt mehr als f\u00fcnf Milliarden US-Dollar f\u00fcr den Fonds zugesagt.<\/p>\n<p>Diese Nachricht wurde am 20.11.2025 im Programm Deutschlandfunk gesendet.<\/p>\n","protected":false},"excerpt":{"rendered":"Lebensraum f\u00fcr Menschn und Natur: Der Regenwald des Amazonas bei Bel\u00e9m steht nicht nur wegen der COP30 unter&hellip;\n","protected":false},"author":2,"featured_media":589293,"comment_status":"","ping_status":"","sticky":false,"template":"","format":"standard","meta":{"footnotes":""},"categories":[2],"tags":[331,3924,332,3922,3364,29,30,13,14,3923,15,3921,12],"class_list":{"0":"post-589292","1":"post","2":"type-post","3":"status-publish","4":"format-standard","5":"has-post-thumbnail","7":"category-deutschland","8":"tag-aktuelle-nachrichten","9":"tag-aktuelle-nachrichten-aus-deutschland","10":"tag-aktuelle-news","11":"tag-aktuelle-news-aus-deutschland","12":"tag-de","13":"tag-deutschland","14":"tag-germany","15":"tag-headlines","16":"tag-nachrichten","17":"tag-nachrichten-aus-deutschland","18":"tag-news","19":"tag-news-aus-deutschland","20":"tag-schlagzeilen"},"share_on_mastodon":{"url":"https:\/\/pubeurope.com\/@de\/115581987322065458","error":""},"_links":{"self":[{"href":"https:\/\/www.europesays.com\/de\/wp-json\/wp\/v2\/posts\/589292","targetHints":{"allow":["GET"]}}],"collection":[{"href":"https:\/\/www.europesays.com\/de\/wp-json\/wp\/v2\/posts"}],"about":[{"href":"https:\/\/www.europesays.com\/de\/wp-json\/wp\/v2\/types\/post"}],"author":[{"embeddable":true,"href":"https:\/\/www.europesays.com\/de\/wp-json\/wp\/v2\/users\/2"}],"replies":[{"embeddable":true,"href":"https:\/\/www.europesays.com\/de\/wp-json\/wp\/v2\/comments?post=589292"}],"version-history":[{"count":0,"href":"https:\/\/www.europesays.com\/de\/wp-json\/wp\/v2\/posts\/589292\/revisions"}],"wp:featuredmedia":[{"embeddable":true,"href":"https:\/\/www.europesays.com\/de\/wp-json\/wp\/v2\/media\/589293"}],"wp:attachment":[{"href":"https:\/\/www.europesays.com\/de\/wp-json\/wp\/v2\/media?parent=589292"}],"wp:term":[{"taxonomy":"category","embeddable":true,"href":"https:\/\/www.europesays.com\/de\/wp-json\/wp\/v2\/categories?post=589292"},{"taxonomy":"post_tag","embeddable":true,"href":"https:\/\/www.europesays.com\/de\/wp-json\/wp\/v2\/tags?post=589292"}],"curies":[{"name":"wp","href":"https:\/\/api.w.org\/{rel}","templated":true}]}}