{"id":589389,"date":"2025-11-20T13:17:18","date_gmt":"2025-11-20T13:17:18","guid":{"rendered":"https:\/\/www.europesays.com\/de\/589389\/"},"modified":"2025-11-20T13:17:18","modified_gmt":"2025-11-20T13:17:18","slug":"polizei-sucht-zeugen-nach-ueberfall-auf-zwei-kinder","status":"publish","type":"post","link":"https:\/\/www.europesays.com\/de\/589389\/","title":{"rendered":"Polizei sucht Zeugen nach \u00dcberfall auf zwei Kinder"},"content":{"rendered":"<p>\t\t\tRaub vor Schnellrestaurant in Chemnitz: Polizei sucht Zeugen nach \u00dcberfall auf zwei Kinder<br \/>\n\t\t\t\t\t\t\t\t\t\t\t\t\u00dcberfall am Mittwochnachmittag in der Dresdner Stra\u00dfe<\/p>\n<p>\t\t\t\t\t\t\t\t\t\t<img loading=\"lazy\" decoding=\"async\" src=\"https:\/\/www.europesays.com\/de\/wp-content\/uploads\/2025\/05\/km2_M50x50.png\"  alt=\"Kim M\u00f6hle\" width=\"50\" height=\"50\"\/><\/p>\n<p>\t\t\t\t<a id=\"whatsapp_channel_link\" href=\"https:\/\/whatsapp.com\/channel\/0029Va6RBvnLY6dCNLfeAA0c\" data-ct=\"SHARE\/WHATSAPPKANAL\" rel=\"nofollow noopener\" target=\"_blank\"><br \/>\n\t\t\t\t\t<img decoding=\"async\" alt=\"Zum Blick WhatsApp Kanal\" src=\"https:\/\/www.blick.de\/img\/WhatsApp-Kanal.svg\"\/><br \/>\n\t\t\t\t<\/a><\/p>\n<ul class=\"gallery-items\">\n<li class=\"img gallery-item\">\n<p>\t\t\t\t\t\t\t\t\t\t\t\t\t\t\t\t\t\t\t\t\t\t\t\t\t\t\t\t\t\t\t\t\t\t\t\t\t\t\t\t\t\t        \t\t\t\t<img decoding=\"async\" class=\"media-image \" loading=\"eager\" src=\"https:\/\/www.europesays.com\/de\/wp-content\/uploads\/2025\/11\/17605932_W400C2040x1360o0x0.jpg\" alt=\"Raub vor Schnellrestaurant in Chemnitz: Polizei sucht Zeugen nach \u00dcberfall auf zwei Kinder - Am Mittwochnachmittag kam es in der Dresdner Stra\u00dfe zu einem Raubdelikt zum Nachteil zweier Kinder. Symbolbild.\"   style=\"&#10;&#9;&#9;&#9;aspect-ratio:2040\/1360;&#10;&#9;&#9;&#9;background: url(data:image\/jpg;base64,\/9j\/4AAQSkZJRgABAQAAAQABAAD\/2wBDAAUDBAQEAwUEBAQFBQUGBwwIBwcHBw8LCwkMEQ8SEhEPERETFhwXExQaFRERGCEYGh0dHx8fExciJCIeJBweHx7\/2wBDAQUFBQcGBw4ICA4eFBEUHh4eHh4eHh4eHh4eHh4eHh4eHh4eHh4eHh4eHh4eHh4eHh4eHh4eHh4eHh4eHh4eHh7\/wAARCAAHAAoDASIAAhEBAxEB\/8QAFgABAQEAAAAAAAAAAAAAAAAAAAUG\/8QAIhAAAgIBBAEFAAAAAAAAAAAAAQIDEQUABAYTBxIhIiNB\/8QAFAEBAAAAAAAAAAAAAAAAAAAABf\/EABkRAAMBAQEAAAAAAAAAAAAAAAECAwAEcf\/aAAwDAQACEQMRAD8Ai4DynmhsuzIdaFuRiKdI0NwWlFlpvkb9RIsflGia0k3KeJSzPLLldw0jsWYts57JJ9yfv000ivPMzDEY5uioqVViPN\/\/2Q==) no-repeat left top; background-size: cover;&#9;&#9;&#9;width: 100%;&#9;&#9;\"\/><\/p>\n<p>\n\t\t\t\t\t\t\t\t\tAm Mittwochnachmittag kam es in der Dresdner Stra\u00dfe zu einem Raubdelikt zum Nachteil zweier Kinder. Symbolbild. Foto: Pixabay\/Yildiray Y\u00fccel Kamanmaz\n\t\t\t\t\t\t\t\t<\/p>\n<\/li>\n<\/ul>\n<p>\t\t\t\t\t\t\t\t\t\t\t\t\t\t\t\t\t\tJugendliche fordern Bargeld von Kindern<\/p>\n<p>Die beiden Jungs wurden am <a href=\"https:\/\/www.blick.de\/thema\/ereignis\/buss-und-bettag\" title=\"Bu\u00df- und Bettag\" class=\"internal-article-link\" data-ct=\"ENTITY\/EVENT\/BU\u00df--UND-BETTAG\" rel=\"nofollow noopener\" target=\"_blank\">Bu\u00df- und Bettag<\/a> vor dem Eingang eines Schnellrestaurants von einer augenscheinlich jugendlichen Gruppierung zur Herausgabe von Bargeld aufgefordert. Andernfalls drohten die Beteiligten den Kindern Schl\u00e4ge an. <\/p>\n<p>\t\t\t\t\t\t\t\t\t\t\t\t\t\t\t\t\t\tDrohungen und Durchsuchung am Tatort<\/p>\n<p>Als die beiden Jungs die Geldherausgabe verneinten, begann ein Jugendlicher der Gruppe den 12- und 13-J\u00e4hrigen nach Brauchbarem zu durchsuchen. In der Folge entwendete der Unbekannte dem \u00e4lteren Kind Bargeld.<\/p>\n<p>\t\t\t\t\t\t\t\t\t\t\t\t\t\t\t\t\t\tBargeld gestohlen \u2013 Gruppe fl\u00fcchtet<\/p>\n<p>Anschlie\u00dfend entfernte sich die etwa siebenk\u00f6pfige Gruppierung in Richtung eines nahegelegenen Einkaufsmarktes.<\/p>\n<p>\t\t\t\t\t\t\t\t\t\t\t\t\t\t\t\t\t\tT\u00e4terbeschreibung der Verd\u00e4chtigen<\/p>\n<p>Zwei der Jugendlichen aus der T\u00e4tergruppe wurden wie folgt beschrieben: Einer der Beteiligten soll etwa 1,75 Meter gro\u00df, ca. 15 Jahre alt, hellh\u00e4utig und von sportlicher Statur sein. Er hat dunkles, mittellanges, gelocktes Haar. Bekleidet war mit er einer dunklen Hose sowie einer dunklen Jacke, unter welcher er ein Fu\u00dfballtrikot trug. Der haupthandelnde T\u00e4ter wurde als etwa 1,75 Meter gro\u00df, schlank und mit dunkelblonden, glatten Haaren beschrieben. Bekleidet war dieser mit einer dunklen Jacke. <\/p>\n<p>\t\t\t\t\t\t\t\t\t\t\t\t\t\t\t\t\t\tPolizei ermittelt wegen Raubes<\/p>\n<p>Die Polizei hat die Ermittlungen wegen <a href=\"https:\/\/www.blick.de\/thema\/schlagwort\/raub\" title=\"Raubes\" class=\"internal-article-link\" data-ct=\"ENTITY\/KEYWORD\/RAUBES\" rel=\"nofollow noopener\" target=\"_blank\">Raubes<\/a> aufgenommen und sucht Zeugen.<\/p>\n<p>\t\t\t\t\t\t\t\t\t\t\t\t\t\t\t\t\t\tZeugenhinweise dringend gesucht<\/p>\n<p>Wer kann Angaben zu dem beschriebenen Sachverhalt machen? Wem ist die beschriebene Gruppierung am Nachmittag des gestrigen Feiertages im Bereich des \u201eMcDonalds\u201c aufgefallen? Wer kann Angaben zur T\u00e4terschaft machen? Sachdienliche Hinweise nimmt die Chemnitzer Kriminalpolizei unter der Telefonnummer 0371 387-3448 entgegen. <\/p>\n","protected":false},"excerpt":{"rendered":"Raub vor Schnellrestaurant in Chemnitz: Polizei sucht Zeugen nach \u00dcberfall auf zwei Kinder \u00dcberfall am Mittwochnachmittag in der&hellip;\n","protected":false},"author":2,"featured_media":589390,"comment_status":"","ping_status":"","sticky":false,"template":"","format":"standard","meta":{"footnotes":""},"categories":[1851],"tags":[2770,3364,29,548,663,3934,30,13,17318,14,15,859,12],"class_list":{"0":"post-589389","1":"post","2":"type-post","3":"status-publish","4":"format-standard","5":"has-post-thumbnail","7":"category-chemnitz","8":"tag-chemnitz","9":"tag-de","10":"tag-deutschland","11":"tag-eu","12":"tag-europa","13":"tag-europe","14":"tag-germany","15":"tag-headlines","16":"tag-kriminalitaet-verstoesse","17":"tag-nachrichten","18":"tag-news","19":"tag-sachsen","20":"tag-schlagzeilen"},"share_on_mastodon":{"url":"https:\/\/pubeurope.com\/@de\/115582222866237329","error":""},"_links":{"self":[{"href":"https:\/\/www.europesays.com\/de\/wp-json\/wp\/v2\/posts\/589389","targetHints":{"allow":["GET"]}}],"collection":[{"href":"https:\/\/www.europesays.com\/de\/wp-json\/wp\/v2\/posts"}],"about":[{"href":"https:\/\/www.europesays.com\/de\/wp-json\/wp\/v2\/types\/post"}],"author":[{"embeddable":true,"href":"https:\/\/www.europesays.com\/de\/wp-json\/wp\/v2\/users\/2"}],"replies":[{"embeddable":true,"href":"https:\/\/www.europesays.com\/de\/wp-json\/wp\/v2\/comments?post=589389"}],"version-history":[{"count":0,"href":"https:\/\/www.europesays.com\/de\/wp-json\/wp\/v2\/posts\/589389\/revisions"}],"wp:featuredmedia":[{"embeddable":true,"href":"https:\/\/www.europesays.com\/de\/wp-json\/wp\/v2\/media\/589390"}],"wp:attachment":[{"href":"https:\/\/www.europesays.com\/de\/wp-json\/wp\/v2\/media?parent=589389"}],"wp:term":[{"taxonomy":"category","embeddable":true,"href":"https:\/\/www.europesays.com\/de\/wp-json\/wp\/v2\/categories?post=589389"},{"taxonomy":"post_tag","embeddable":true,"href":"https:\/\/www.europesays.com\/de\/wp-json\/wp\/v2\/tags?post=589389"}],"curies":[{"name":"wp","href":"https:\/\/api.w.org\/{rel}","templated":true}]}}