{"id":589553,"date":"2025-11-20T14:57:22","date_gmt":"2025-11-20T14:57:22","guid":{"rendered":"https:\/\/www.europesays.com\/de\/589553\/"},"modified":"2025-11-20T14:57:22","modified_gmt":"2025-11-20T14:57:22","slug":"berlin-linken-chef-joint-koennte-gegen-musterung-helfen","status":"publish","type":"post","link":"https:\/\/www.europesays.com\/de\/589553\/","title":{"rendered":"Berlin | Linken-Chef: Joint k\u00f6nnte gegen Musterung helfen"},"content":{"rendered":"<p>Berlin (dpa) &#8211; Linken-Chef Jan van Aken hat angesichts der Wehrdienst-Pl\u00e4ne der Bundesregierung angek\u00fcndigt, dass seine Partei einen Ratgeber herausbringen wolle, \u00abwie man sich am besten vor dem Milit\u00e4rdienst dr\u00fcckt\u00bb. Dem Nachrichtenportal \u00abt-online\u00bb sagte er: \u00abEs gibt viele gute Erfahrungen, die wir gerne mit der Jugend teilen, die einfach keinen Bock hat, sich in eine Uniform pressen zu lassen.\u00bb<\/p>\n<p>Einen Tipp hat van Aken bereits: \u00abSo wird zum Beispiel gesagt, dass ein ordentlicher Joint vor der Musterung helfen k\u00f6nnte, um als untauglich ausgemustert zu werden.\u00bb\u00a0<\/p>\n<p>Union und SPD hatten sich vergangene Woche auf ein neues Wehrdienst-Modell geeinigt. So sollen junge M\u00e4nner beginnend mit dem Jahrgang 2008 von Anfang 2026 an fl\u00e4chendeckend f\u00fcr die Bundeswehr gemustert werden. Zudem gibt es einen Fragebogen vom Bund \u2013 auch f\u00fcr Frauen. Der Wehrdienst bleibt vorerst freiwillig, bei zu niedrigen Freiwilligenzahlen soll der Bundestag aber eine sogenannte Bedarfswehrpflicht beschlie\u00dfen k\u00f6nnen, bei der dann auch ein Zufallsverfahren zur Auswahl genutzt werden kann.\u00a0<\/p>\n<p>Der Bundestag muss dem neuen Wehrdienst-Modell noch zustimmen.<\/p>\n","protected":false},"excerpt":{"rendered":"Berlin (dpa) &#8211; Linken-Chef Jan van Aken hat angesichts der Wehrdienst-Pl\u00e4ne der Bundesregierung angek\u00fcndigt, dass seine Partei einen&hellip;\n","protected":false},"author":2,"featured_media":589554,"comment_status":"","ping_status":"","sticky":false,"template":"","format":"standard","meta":{"footnotes":""},"categories":[1841],"tags":[1605,685,3364,29,30,1209,2403,4961],"class_list":{"0":"post-589553","1":"post","2":"type-post","3":"status-publish","4":"format-standard","5":"has-post-thumbnail","7":"category-bielefeld","8":"tag-bielefeld","9":"tag-bundeswehr","10":"tag-de","11":"tag-deutschland","12":"tag-germany","13":"tag-nordrhein-westfalen","14":"tag-partei","15":"tag-verteidigung"},"share_on_mastodon":{"url":"https:\/\/pubeurope.com\/@de\/115582615251070449","error":""},"_links":{"self":[{"href":"https:\/\/www.europesays.com\/de\/wp-json\/wp\/v2\/posts\/589553","targetHints":{"allow":["GET"]}}],"collection":[{"href":"https:\/\/www.europesays.com\/de\/wp-json\/wp\/v2\/posts"}],"about":[{"href":"https:\/\/www.europesays.com\/de\/wp-json\/wp\/v2\/types\/post"}],"author":[{"embeddable":true,"href":"https:\/\/www.europesays.com\/de\/wp-json\/wp\/v2\/users\/2"}],"replies":[{"embeddable":true,"href":"https:\/\/www.europesays.com\/de\/wp-json\/wp\/v2\/comments?post=589553"}],"version-history":[{"count":0,"href":"https:\/\/www.europesays.com\/de\/wp-json\/wp\/v2\/posts\/589553\/revisions"}],"wp:featuredmedia":[{"embeddable":true,"href":"https:\/\/www.europesays.com\/de\/wp-json\/wp\/v2\/media\/589554"}],"wp:attachment":[{"href":"https:\/\/www.europesays.com\/de\/wp-json\/wp\/v2\/media?parent=589553"}],"wp:term":[{"taxonomy":"category","embeddable":true,"href":"https:\/\/www.europesays.com\/de\/wp-json\/wp\/v2\/categories?post=589553"},{"taxonomy":"post_tag","embeddable":true,"href":"https:\/\/www.europesays.com\/de\/wp-json\/wp\/v2\/tags?post=589553"}],"curies":[{"name":"wp","href":"https:\/\/api.w.org\/{rel}","templated":true}]}}