{"id":589556,"date":"2025-11-20T14:59:12","date_gmt":"2025-11-20T14:59:12","guid":{"rendered":"https:\/\/www.europesays.com\/de\/589556\/"},"modified":"2025-11-20T14:59:12","modified_gmt":"2025-11-20T14:59:12","slug":"ein-laecheln-schenken-wunschbaum-in-city-arkaden","status":"publish","type":"post","link":"https:\/\/www.europesays.com\/de\/589556\/","title":{"rendered":"\u201eEin L\u00e4cheln schenken&#8220;: Wunschbaum in City-Arkaden"},"content":{"rendered":"<p class=\"text_ohne_einzug richtext text-em-55 !leading-serif mx-6 desktop:mx-0\">Die \u00dcbergabe der Geschenke an die Kinder und Jugendlichen erfolgt in den R\u00e4umen der Diakonie und der Alten Feuerwache in den Tagen vor Weihnachten. \u201eEs sind die kleinen Gesten, die Gro\u00dfes bewirken k\u00f6nnen. Gerade zur Weihnachtszeit zeigt sich, wie viel W\u00e4rme und Mitgef\u00fchl in unserer Gemeinschaft steckt &#8211; schenken wir gemeinsam Freude\u201c, so die City-Arkaden Wuppertal.<\/p>\n","protected":false},"excerpt":{"rendered":"Die \u00dcbergabe der Geschenke an die Kinder und Jugendlichen erfolgt in den R\u00e4umen der Diakonie und der Alten&hellip;\n","protected":false},"author":2,"featured_media":589557,"comment_status":"","ping_status":"","sticky":false,"template":"","format":"standard","meta":{"footnotes":""},"categories":[1840],"tags":[3364,29,30,1209,4418],"class_list":{"0":"post-589556","1":"post","2":"type-post","3":"status-publish","4":"format-standard","5":"has-post-thumbnail","7":"category-wuppertal","8":"tag-de","9":"tag-deutschland","10":"tag-germany","11":"tag-nordrhein-westfalen","12":"tag-wuppertal"},"share_on_mastodon":{"url":"https:\/\/pubeurope.com\/@de\/115582623284863511","error":""},"_links":{"self":[{"href":"https:\/\/www.europesays.com\/de\/wp-json\/wp\/v2\/posts\/589556","targetHints":{"allow":["GET"]}}],"collection":[{"href":"https:\/\/www.europesays.com\/de\/wp-json\/wp\/v2\/posts"}],"about":[{"href":"https:\/\/www.europesays.com\/de\/wp-json\/wp\/v2\/types\/post"}],"author":[{"embeddable":true,"href":"https:\/\/www.europesays.com\/de\/wp-json\/wp\/v2\/users\/2"}],"replies":[{"embeddable":true,"href":"https:\/\/www.europesays.com\/de\/wp-json\/wp\/v2\/comments?post=589556"}],"version-history":[{"count":0,"href":"https:\/\/www.europesays.com\/de\/wp-json\/wp\/v2\/posts\/589556\/revisions"}],"wp:featuredmedia":[{"embeddable":true,"href":"https:\/\/www.europesays.com\/de\/wp-json\/wp\/v2\/media\/589557"}],"wp:attachment":[{"href":"https:\/\/www.europesays.com\/de\/wp-json\/wp\/v2\/media?parent=589556"}],"wp:term":[{"taxonomy":"category","embeddable":true,"href":"https:\/\/www.europesays.com\/de\/wp-json\/wp\/v2\/categories?post=589556"},{"taxonomy":"post_tag","embeddable":true,"href":"https:\/\/www.europesays.com\/de\/wp-json\/wp\/v2\/tags?post=589556"}],"curies":[{"name":"wp","href":"https:\/\/api.w.org\/{rel}","templated":true}]}}