{"id":590017,"date":"2025-11-20T19:19:22","date_gmt":"2025-11-20T19:19:22","guid":{"rendered":"https:\/\/www.europesays.com\/de\/590017\/"},"modified":"2025-11-20T19:19:22","modified_gmt":"2025-11-20T19:19:22","slug":"die-landarztpraxis-staffel-vier-startet-bald","status":"publish","type":"post","link":"https:\/\/www.europesays.com\/de\/590017\/","title":{"rendered":"Die Landarztpraxis: Staffel vier startet bald"},"content":{"rendered":"<p>            <img decoding=\"async\" fetchpriority=\"high\" width=\"696\" height=\"400\" data-no-lazy=\"\" class=\"entry-thumb\" src=\"https:\/\/www.europesays.com\/de\/wp-content\/uploads\/2025\/11\/DF-Fotos-2025-11-19T122224.248-696x400.jpg\" alt=\"Die Landarztpraxis Staffel 4\" title=\"Die Landarztpraxis Staffel 4\"\/>Foto: Joyn\/Marc Rehbeck\/Willi Weber<\/p>\n<p><strong>Wie erwartet werden die neuen Geschichten aus Wiesenkirchen ab Anfang Januar erz\u00e4hlt. Nach einer kurzen Daily-Pause zwischen den Jahren \u00fcbernimmt \u201eDie Landarztpraxis\u201c den Slot von \u201eDie Spreewaldklinik\u201c. Alles zur neuen Staffel. <\/strong><\/p>\n<p>Die zweite Staffel von \u201eDie Spreewaldklinik\u201c (linear im Schnitt bisher in Sat.1 knapp 700.000 Zusehende) biegt auf die Zielgerade ein. Urspr\u00fcnglichen Pl\u00e4nen zufolge sollte das Finale der Staffel kurz vor Weihnachten laufen, wegen Sendeausf\u00e4llen (es lief zuletzt zwei Mal Fu\u00dfball auf dem Sendeplatz) ist noch unklar, wie Sat.1 damit umgeht. So oder so: Zwischen den Jahren wird es, wie auch vor knapp einem Jahr, eine kurze Daily-Pause in Sat.1 geben. Und Anfang Januar meldet sich dann \u201eDie Landarztpraxis\u201c mit Staffel vier zur\u00fcck. Schon seit dem sp\u00e4ten Fr\u00fchjahr werden die Episoden rund um den Schliersee gedreht. <\/p>\n<p>Dass es direkt Anfang 2026 weitergeht, <a href=\"https:\/\/www.digitalfernsehen.de\/news\/inhalte\/fernsehen\/die-landarztpraxis-wann-startet-staffel-4-1164176\/\" target=\"_blank\" rel=\"noopener\">hatte DIGITAL FERNSEHEN schon vergangene Woche spekuliert.<\/a> Nun ist klar: Sat.1 startet die neue Staffel am Montag, 5. Januar um 19 Uhr. Joyn ver\u00f6ffentlicht den ersten F\u00fcnferpack schon am 2. Januar. 2026 will Sat.1 die Serie aus dem Hause Filmpool Entertainment ganzj\u00e4hrig zeigen. Grob in der ersten Jahresh\u00e4lfte laufen neue Geschichten aus dem fiktiven Wiesenkirchen, grob in der zweiten Jahresh\u00e4lfte geht es dann mit einem Ableger weiter. Dann soll im ebenfalls fiktiven Nachbarort Weilhausen eine neue Landarztpraxis er\u00f6ffnen. Das aber ist Zukunftsmusik.<\/p>\n<p>In der vierten Staffel der \u201eLandarztpraxis\u201c spielen zahlreiche bekannte Figuren mit, von Caro Frier (als Sarah K\u00f6nig) ist bis dato keine R\u00fcckkehr bekannt. Verschiedenen Social Media-Posts der vergangenen Wochen ist zu entnehmen gewesen, dass auch Oliver Franck (als Fabian), Michael Raphael Klein (als Lucas), Alex Koll (als Max Raichinger), Fenja Gerhardter (als Feli), Simon Lucas (als Basti), Rosetta Pedone (als Bianca), Anne Kathrin Hess (als Alexandra), Alexander Milo (als Julian), Antonia Putignano (als Donato) sowie Diane Williams (als Isabell) der Serie in Staffel 4 erhalten bleiben.<\/p>\n<p>\u201eDie Landarztpraxis\u201c Staffel 4: Das soll passieren<\/p>\n<p>So beschreibt Sat.1 die Haupthandlung der neuen Staffel: \u201eIch erinnere mich noch gut daran, dass die Leute im Dorf immer behauptet haben, dieser Ort w\u00fcrde dabei helfen, alte Wunden zu heilen. Fr\u00fcher habe ich dar\u00fcber gelacht, aber heute hoffe ich, dass vielleicht doch etwas Wahres dran ist.\u201c Mit diesen Worten \u2013 und einem gebrochenen Herzen \u2013 kehrt Viktoria \u201eVicki\u201c Raichinger (Juliane Fisch) in ihre Heimat Wiesenkirchen am wundersch\u00f6nen Schliersee zur\u00fcck. In der kommenden Staffel der Sat.1-Vorabendserie m\u00f6chte sich die \u00c4rztin als Erstes mit ihrem Bruder, dem Bergretter Max, vers\u00f6hnen, mit dem sie seit 15 Jahren keinen Kontakt hatte. Doch Max ist immer noch verletzt. Zumindest beruflich bietet sich schnell eine Chance f\u00fcr Vicki: Fabian Kroi\u00df (Oliver Franck) sucht eine neue \u00c4rztin f\u00fcr seine Praxis. Stellt er sie ein und f\u00e4llt damit seinem besten Freund Max in den R\u00fccken? Und dann trifft Vicki auch noch auf den geheimnisvollen Simon Hilgers (Ben Braun), den neuen Restaurantmanager in der \u201eAlten Post\u201c. Die erste Begegnung mit ihm geht ihr nicht mehr aus dem Kopf, dabei hatte sie den M\u00e4nnern doch abgeschworen \u2026<\/p>\n<p>Zudem plant Sat.1 auf einem weiteren Sendeplatz, denkbar w\u00e4re 18:30 Uhr, noch die Ausstrahlung der zwei weiteren Dailys \u201eEin Hof zum Verlieben\u201c und \u201eFrieda \u2013 Mit Feuer und Flamme\u201c. Erstere ist seit einigen Tagen komplett abgedreht, Letztere schon seit knapp elf Monaten.<\/p>\n<p>Au\u00dferdem interessant:<\/p>\n","protected":false},"excerpt":{"rendered":"Foto: Joyn\/Marc Rehbeck\/Willi Weber Wie erwartet werden die neuen Geschichten aus Wiesenkirchen ab Anfang Januar erz\u00e4hlt. Nach einer&hellip;\n","protected":false},"author":2,"featured_media":590018,"comment_status":"","ping_status":"","sticky":false,"template":"","format":"standard","meta":{"footnotes":""},"categories":[3976],"tags":[331,332,43619,13,9901,14,15,13002,12,3992,3993,3994,3995,3996,3997],"class_list":{"0":"post-590017","1":"post","2":"type-post","3":"status-publish","4":"format-standard","5":"has-post-thumbnail","7":"category-vereinigtes-koenigreich","8":"tag-aktuelle-nachrichten","9":"tag-aktuelle-news","10":"tag-die-landarztpraxis","11":"tag-headlines","12":"tag-joyn","13":"tag-nachrichten","14":"tag-news","15":"tag-sat-1","16":"tag-schlagzeilen","17":"tag-uk","18":"tag-united-kingdom","19":"tag-united-kingdom-of-great-britain-and-northern-ireland","20":"tag-vereinigtes-koenigreich","21":"tag-vereinigtes-koenigreich-grossbritannien-und-nordirland","22":"tag-vereinigtes-koenigreich-von-grossbritannien-und-nordirland"},"share_on_mastodon":{"url":"https:\/\/pubeurope.com\/@de\/115583646344462449","error":""},"_links":{"self":[{"href":"https:\/\/www.europesays.com\/de\/wp-json\/wp\/v2\/posts\/590017","targetHints":{"allow":["GET"]}}],"collection":[{"href":"https:\/\/www.europesays.com\/de\/wp-json\/wp\/v2\/posts"}],"about":[{"href":"https:\/\/www.europesays.com\/de\/wp-json\/wp\/v2\/types\/post"}],"author":[{"embeddable":true,"href":"https:\/\/www.europesays.com\/de\/wp-json\/wp\/v2\/users\/2"}],"replies":[{"embeddable":true,"href":"https:\/\/www.europesays.com\/de\/wp-json\/wp\/v2\/comments?post=590017"}],"version-history":[{"count":0,"href":"https:\/\/www.europesays.com\/de\/wp-json\/wp\/v2\/posts\/590017\/revisions"}],"wp:featuredmedia":[{"embeddable":true,"href":"https:\/\/www.europesays.com\/de\/wp-json\/wp\/v2\/media\/590018"}],"wp:attachment":[{"href":"https:\/\/www.europesays.com\/de\/wp-json\/wp\/v2\/media?parent=590017"}],"wp:term":[{"taxonomy":"category","embeddable":true,"href":"https:\/\/www.europesays.com\/de\/wp-json\/wp\/v2\/categories?post=590017"},{"taxonomy":"post_tag","embeddable":true,"href":"https:\/\/www.europesays.com\/de\/wp-json\/wp\/v2\/tags?post=590017"}],"curies":[{"name":"wp","href":"https:\/\/api.w.org\/{rel}","templated":true}]}}