{"id":590162,"date":"2025-11-20T20:37:18","date_gmt":"2025-11-20T20:37:18","guid":{"rendered":"https:\/\/www.europesays.com\/de\/590162\/"},"modified":"2025-11-20T20:37:18","modified_gmt":"2025-11-20T20:37:18","slug":"vfl-bochum-1848-ii-u23-fc-guetersloh-gewollt-der-erste-heimsieg-regionalliga-west","status":"publish","type":"post","link":"https:\/\/www.europesays.com\/de\/590162\/","title":{"rendered":"VfL Bochum 1848 II (U23) &#8211; FC G\u00fctersloh: Gewollt: der erste Heimsieg &#8211; Regionalliga West"},"content":{"rendered":"<p>Bochum II konnte in den letzten drei Spielen nicht punkten. Mit dem FCG kommt am Sonntag auch noch ein starker Gegner.<\/p>\n<p class=\"is-first-paragraph\" data-external=\"Article.FirstParagraph\">VfL II erntete am letzten Spieltag nichts und ging mit 0:1 als Verlierer im Duell mit Rot-Wei\u00df Oberhausen hervor. Der FC G\u00fctersloh kam zuletzt gegen den Wuppertaler SV zu einem 0:0-Unentschieden.<\/p>\n<p>Daheim hat VfL Bochum 1848 II (U23) die Form noch nicht gefunden: Die zwei Punkte aus sechs Partien sind eine verbesserungsw\u00fcrdige Bilanz. Der Gastgeber befindet sich derzeit im Tabellenkeller. Der Angriff ist bei Bochum II die Problemzone. Nur 16 Treffer erzielte VfL II bislang.<\/p>\n<p>Nach 15 gespielten Runden gehen bereits 28 Punkte auf das Konto von G\u00fctersloh und bescheren der Mannschaft einen hervorragenden vierten Platz.<\/p>\n<p>Mit acht Siegen gewannen die G\u00e4ste genauso h\u00e4ufig, wie VfL Bochum 1848 II (U23) in dieser Spielzeit verlor. Damit d\u00fcrfte auch klar sein, wer in dieser Partie den Ton angeben will. Die letzten drei Spiele alle verloren: Bochum II braucht unbedingt wieder ein Erfolgserlebnis. Ob das gegen den FCG gelingt, ist zu bezweifeln, siegte der FC G\u00fctersloh immerhin dreimal in den letzten f\u00fcnf Spielen.<\/p>\n<p>VfL II muss einen Gala-Tag erwischen, um gegen G\u00fctersloh etwas auszurichten. Angesichts der gegnerischen Formst\u00e4rke und der Tabellenposition ist VfL Bochum 1848 II (U23) lediglich der Herausforderer.<\/p>\n<p><b>Dieser Artikel wurde automatisch von unserem Partner Retresco anhand von Spieldaten erstellt.<\/b><\/p>\n<p>FUSSBALL.DE<\/p>\n","protected":false},"excerpt":{"rendered":"Bochum II konnte in den letzten drei Spielen nicht punkten. Mit dem FCG kommt am Sonntag auch noch&hellip;\n","protected":false},"author":2,"featured_media":590163,"comment_status":"","ping_status":"","sticky":false,"template":"","format":"standard","meta":{"footnotes":""},"categories":[1839],"tags":[7507,3364,29,30,1209,3694],"class_list":{"0":"post-590162","1":"post","2":"type-post","3":"status-publish","4":"format-standard","5":"has-post-thumbnail","7":"category-bochum","8":"tag-bochum","9":"tag-de","10":"tag-deutschland","11":"tag-germany","12":"tag-nordrhein-westfalen","13":"tag-textengine"},"share_on_mastodon":{"url":"https:\/\/pubeurope.com\/@de\/115583952137958565","error":""},"_links":{"self":[{"href":"https:\/\/www.europesays.com\/de\/wp-json\/wp\/v2\/posts\/590162","targetHints":{"allow":["GET"]}}],"collection":[{"href":"https:\/\/www.europesays.com\/de\/wp-json\/wp\/v2\/posts"}],"about":[{"href":"https:\/\/www.europesays.com\/de\/wp-json\/wp\/v2\/types\/post"}],"author":[{"embeddable":true,"href":"https:\/\/www.europesays.com\/de\/wp-json\/wp\/v2\/users\/2"}],"replies":[{"embeddable":true,"href":"https:\/\/www.europesays.com\/de\/wp-json\/wp\/v2\/comments?post=590162"}],"version-history":[{"count":0,"href":"https:\/\/www.europesays.com\/de\/wp-json\/wp\/v2\/posts\/590162\/revisions"}],"wp:featuredmedia":[{"embeddable":true,"href":"https:\/\/www.europesays.com\/de\/wp-json\/wp\/v2\/media\/590163"}],"wp:attachment":[{"href":"https:\/\/www.europesays.com\/de\/wp-json\/wp\/v2\/media?parent=590162"}],"wp:term":[{"taxonomy":"category","embeddable":true,"href":"https:\/\/www.europesays.com\/de\/wp-json\/wp\/v2\/categories?post=590162"},{"taxonomy":"post_tag","embeddable":true,"href":"https:\/\/www.europesays.com\/de\/wp-json\/wp\/v2\/tags?post=590162"}],"curies":[{"name":"wp","href":"https:\/\/api.w.org\/{rel}","templated":true}]}}