{"id":59021,"date":"2025-04-25T02:48:10","date_gmt":"2025-04-25T02:48:10","guid":{"rendered":"https:\/\/www.europesays.com\/de\/59021\/"},"modified":"2025-04-25T02:48:10","modified_gmt":"2025-04-25T02:48:10","slug":"muenchen-heute-nachrichten-vom-24-04-25-muenchen","status":"publish","type":"post","link":"https:\/\/www.europesays.com\/de\/59021\/","title":{"rendered":"M\u00fcnchen heute &#8211; Nachrichten vom 24.04.25 &#8211; M\u00fcnchen"},"content":{"rendered":"<p data-manual=\"paragraph\" data-schema-org-speakable=\"true\" class=\"css-1vtjhd\"><strong>DER TAG IN <\/strong><strong><a href=\"https:\/\/www.sueddeutsche.de\/thema\/M%C3%BCnchen\" target=\"_blank\" rel=\"noopener\">M\u00dcNCHEN<\/a><\/strong><\/p>\n<p data-manual=\"paragraph\" data-schema-org-speakable=\"true\" class=\"css-1vtjhd\"><strong>Surferin nach Unfall im Eisbach gestorben<\/strong> Eine Woche nach dem Ungl\u00fcck an der M\u00fcnchner Surfwelle ist die 33-j\u00e4hrige Frau nach Angaben der Polizei imKrankenhaus gestorben. <a href=\"https:\/\/www.sueddeutsche.de\/muenchen\/muenchen-eisbach-unfall-surferin-tot-li.3241462\" target=\"_blank\" rel=\"noopener\">Ihre Sicherheitsleine hatte sich aus bislang unbekannten Gr\u00fcnden am Grund des Eisbachs verhakt.<\/a><\/p>\n<p data-manual=\"paragraph\" data-schema-org-speakable=\"true\" class=\"css-1vtjhd\"><strong>Aufgelauert und verpr\u00fcgelt \u2013 wie die Feindschaft zwischen M\u00fcnchner Fu\u00dfballfans eskaliert<\/strong> Zwischen den Anh\u00e4ngern des FC Bayern und des TSV 1860 M\u00fcnchen ger\u00e4t etwas ins Rutschen. Es w\u00e4chst eine Generation heran, die sich fast schon milit\u00e4risch organisiert, die Regeln bricht und Rivalen \u00fcberf\u00e4llt. <a href=\"https:\/\/www.sueddeutsche.de\/muenchen\/muenchen-fussballfans-fc-bayern-1860-muenchen-loewen-gewalt-polizei-li.3231849\" target=\"_blank\" rel=\"noopener\">Einblicke in eine bewegte Szene.<\/a>\u00a0(SZ Plus)<\/p>\n<p data-manual=\"paragraph\" data-schema-org-speakable=\"true\" class=\"css-1vtjhd\"><strong>Stadt pr\u00fcft Gedenkort f\u00fcr Femizid-Opfer an der Frauenkirche<\/strong> Gewalt gegen Frauen und M\u00e4dchen nimmt deutschlandweit zu. M\u00fcnchner Stadtpolitikerinnen und Aktivistinnen fordern deshalb einen zentralen Gedenkort. <a href=\"https:\/\/www.sueddeutsche.de\/muenchen\/muenchen-gedenkort-femizidopfer-frauenplatz-li.3229634\" target=\"_blank\" rel=\"noopener\">Was sie vor dem wichtigsten Wahrzeichen der Stadt planen.<\/a><\/p>\n<p data-manual=\"paragraph\" data-schema-org-speakable=\"true\" class=\"css-1vtjhd\"><strong>\u201eWir haben viele Villen-Besitzer in Gr\u00fcnwald, die sich Sorgen machen\u201c<\/strong> Seit ein Pullacher Ehepaar im eigenen Haus \u00fcberfallen und gefesselt worden ist, verst\u00e4rkt sich die ohnehin gro\u00dfe Angst vor Einbrechern im Isartal. Denn auch wenn die Zahlen der Polizei das nicht unbedingt best\u00e4tigen \u2012 <a href=\"https:\/\/www.sueddeutsche.de\/muenchen\/landkreismuenchen\/einbrueche-gruenwald-pullach-sicherheitsgefuehl-anwohner-li.3241594\" target=\"_blank\" rel=\"noopener\">gef\u00fchlt h\u00e4ufen sich die Einbr\u00fcche und Einbruchversuche.<\/a>\u00a0(SZ Plus)<\/p>\n<p data-manual=\"paragraph\" data-schema-org-speakable=\"true\" class=\"css-1vtjhd\"><strong>WEITERE NACHRICHTEN<\/strong><\/p>\n<p data-manual=\"paragraph\" data-schema-org-speakable=\"true\" class=\"css-1vtjhd\"><strong>Naturschutz in M\u00fcnchen<\/strong> <a href=\"https:\/\/www.sueddeutsche.de\/muenchen\/muenchen-hitler-autobahn-allach-a99-landschaftsschutzgebiet-li.3232795\" target=\"_blank\" rel=\"noopener\">Wie aus der \u201eHitlerautobahn\u201c ein wertvolles Biotop wurde<\/a>\u00a0(SZ Plus)<\/p>\n<p data-manual=\"paragraph\" data-schema-org-speakable=\"true\" class=\"css-1vtjhd\"><strong>Bogenhausen<\/strong> <a href=\"https:\/\/www.sueddeutsche.de\/muenchen\/muenchen-bluttat-wohngemeinschaft-bogenhausen-messer-mordkommission-li.3241559\" target=\"_blank\" rel=\"noopener\">Mann sticht mit Messer auf WG-Mitbewohner ein<\/a><\/p>\n<p data-manual=\"paragraph\" data-schema-org-speakable=\"true\" class=\"css-1vtjhd\"><strong>Carsharing in M\u00fcnchen<\/strong> <a href=\"https:\/\/www.sueddeutsche.de\/muenchen\/miles-carsharing-muenchen-eching-li.3238079\" target=\"_blank\" rel=\"noopener\">Von Miles und Milfs<\/a><\/p>\n<p data-manual=\"paragraph\" data-schema-org-speakable=\"true\" class=\"css-1vtjhd\"><strong>F\u00fcnfjahresvertrag f\u00fcr Christoph Gr\u00f6ner und Julia Weigl<\/strong> <a href=\"https:\/\/www.sueddeutsche.de\/muenchen\/filmfest-muenchen-christoph-groener-julia-weigl-leitung-2025-li.3241353\" target=\"_blank\" rel=\"noopener\">Filmfest M\u00fcnchen setzt auf F\u00fchrungsduo<\/a><\/p>\n<p data-manual=\"paragraph\" data-schema-org-speakable=\"true\" class=\"css-1vtjhd\"><strong>Tag f\u00fcr Tag<\/strong> Kriegsende in M\u00fcnchen: \u201eHeute ist mein Geburtstag. Fliegeralarm, Sch\u00fcsse\u201c\u00a0(SZ Plus)<\/p>\n<p data-manual=\"paragraph\" data-schema-org-speakable=\"true\" class=\"css-1vtjhd\"><strong>M\u00dcNCHEN ERLESEN<\/strong><\/p>\n<p><a href=\"https:\/\/www.sueddeutsche.de\/muenchen\/flughafen-muenchen-verlorenes-gepaeck-stefan-lau-lufthansa-li.3238669\" data-track-szde=\"{&quot;event&quot;:&quot;teaser_clicked&quot;,&quot;teaser_clicked&quot;:{&quot;article_title&quot;:&quot;je_bunter_das_gepaeck_desto_besser&quot;,&quot;doctype&quot;:&quot;&quot;,&quot;label&quot;:&quot;szplus&quot;,&quot;main_topic&quot;:&quot;leben_und_gesellschaft_in_muenchen&quot;,&quot;object_id&quot;:&quot;li.3238669&quot;,&quot;pcat&quot;:&quot;paid&quot;,&quot;section&quot;:&quot;muenchen&quot;,&quot;teaser_type&quot;:&quot;article_teaser_top&quot;}}\" data-manual=\"teaser-url\" data-tb-link=\"\" aria-label=\"\u201eJe bunter das Gep\u00e4ck, desto besser\u201c\" class=\"css-14tg8sh\" target=\"_blank\" rel=\"noopener\"><img decoding=\"async\" src=\"https:\/\/www.europesays.com\/de\/wp-content\/uploads\/2025\/04\/96eccd1f-de35-4c51-8684-400072add124.jpeg\"   alt=\"\" loading=\"lazy\" class=\"css-8atqhb\"\/><\/p>\n<p>Logistik-Leiter der Lufthansa<\/p>\n<p>:\u201eJe bunter das Gep\u00e4ck, desto besser\u201c<\/p>\n<p class=\"css-a6ecqs\" data-manual=\"teaser-text\" data-tb-description=\"\" data-schema-org-speakable=\"true\">Stefan Lau von der Flugzeugabfertigung der Lufthansa in M\u00fcnchen \u00fcber das Problem aufgegebener Rucks\u00e4cke, die Suche nach verlorenen Koffern und die Besonderheit des Flughafens von Mexiko City.<\/p>\n<p>SZ PlusInterview: Sabine Buchwald<a href=\"https:\/\/www.sueddeutsche.de\/muenchen\/muenchen-partnersuche-rewe-einkaufskorb-liebe-pinker-wagen-li.3230338\" data-track-szde=\"{&quot;event&quot;:&quot;teaser_clicked&quot;,&quot;teaser_clicked&quot;:{&quot;article_title&quot;:&quot;willst_du_mit_mir_anbandeln&quot;,&quot;doctype&quot;:&quot;&quot;,&quot;label&quot;:&quot;szplus&quot;,&quot;main_topic&quot;:&quot;leben_und_gesellschaft_in_muenchen&quot;,&quot;object_id&quot;:&quot;li.3230338&quot;,&quot;pcat&quot;:&quot;paid&quot;,&quot;section&quot;:&quot;muenchen&quot;,&quot;teaser_type&quot;:&quot;article_teaser_top&quot;}}\" data-manual=\"teaser-url\" data-tb-link=\"\" aria-label=\"Willst du mit mir anbandeln?\" class=\"css-14tg8sh\" target=\"_blank\" rel=\"noopener\"><img decoding=\"async\" src=\"https:\/\/www.europesays.com\/de\/wp-content\/uploads\/2025\/04\/7b4d2205-ad73-49f7-b7cd-7f011b515fd6.jpeg\"   alt=\"\" loading=\"lazy\" class=\"css-8atqhb\"\/><\/p>\n<p>Ein pinker Einkaufswagen mit Botschaft<\/p>\n<p>:Willst du mit mir anbandeln?<\/p>\n<p class=\"css-a6ecqs\" data-manual=\"teaser-text\" data-tb-description=\"\" data-schema-org-speakable=\"true\">Ein Supermarkt am M\u00fcnchner Arabellapark will der Kundschaft helfen, die Liebe f\u00fcrs Leben zu finden. Ob\u2019s funktioniert? Ein Streifzug zwischen Kartoffeln und Landj\u00e4gern.<\/p>\n<p>SZ PlusVon Julia Schriever<a href=\"https:\/\/www.sueddeutsche.de\/projekte\/artikel\/politik\/kitafinder-kita-betreuungsplaetze-kindergarten-muenchen-e571643\/\" data-track-szde=\"{&quot;event&quot;:&quot;teaser_clicked&quot;,&quot;teaser_clicked&quot;:{&quot;article_title&quot;:&quot;suche_kitaplatz_tue_alles&quot;,&quot;doctype&quot;:&quot;&quot;,&quot;label&quot;:&quot;szplus&quot;,&quot;main_topic&quot;:&quot;die_seite_drei&quot;,&quot;object_id&quot;:&quot;er.e571643&quot;,&quot;pcat&quot;:&quot;paid&quot;,&quot;section&quot;:&quot;politik&quot;,&quot;teaser_type&quot;:&quot;article_teaser_top&quot;}}\" data-manual=\"teaser-url\" data-tb-link=\"\" aria-label=\"Suche Kitaplatz, tue alles\" class=\"css-14tg8sh\" target=\"_blank\" rel=\"noopener\"><img decoding=\"async\" src=\"https:\/\/www.europesays.com\/de\/wp-content\/uploads\/2025\/04\/3690439b-4bfc-4b03-a83a-9de429bf8875.jpeg\"   alt=\"\" loading=\"lazy\" class=\"css-8atqhb\"\/><\/p>\n<p>Kinderbetreuung<\/p>\n<p>:Suche Kitaplatz, tue alles<\/p>\n<p class=\"css-a6ecqs\" data-manual=\"teaser-text\" data-tb-description=\"\" data-schema-org-speakable=\"true\">Wenn der j\u00e4hrliche Kampf um die Betreuungspl\u00e4tze f\u00fcr Kinder l\u00e4uft, liegen in St\u00e4dten wie M\u00fcnchen die Nerven blank. \u00dcber ein System, dessen Problem nicht allein der Mangel ist.<\/p>\n<p>SZ PlusText: Franziska von Malsen, Illustration: Stefan Dimitrov<\/p>\n<p data-manual=\"paragraph\" data-schema-org-speakable=\"true\" class=\"css-1vtjhd\"><strong>UNSER FREIZEITTIPP<\/strong><\/p>\n<p><a href=\"https:\/\/www.sueddeutsche.de\/muenchen\/fruehlingsfest-muenchen-fruehlingsfest-erding-auer-dult-brucker-volksfest-fruehlingsfest-holzkirchen-truderinger-festwoche-li.3237080\" data-track-szde=\"{&quot;event&quot;:&quot;teaser_clicked&quot;,&quot;teaser_clicked&quot;:{&quot;article_title&quot;:&quot;volksfeste_im_fruehling_in_muenchen_und_der_region&quot;,&quot;doctype&quot;:&quot;&quot;,&quot;label&quot;:&quot;&quot;,&quot;main_topic&quot;:&quot;freizeit_in_muenchen&quot;,&quot;object_id&quot;:&quot;li.3237080&quot;,&quot;pcat&quot;:&quot;metered&quot;,&quot;section&quot;:&quot;muenchen&quot;,&quot;teaser_type&quot;:&quot;article_teaser_top&quot;}}\" data-manual=\"teaser-url\" data-tb-link=\"\" aria-label=\"Volksfeste im Fr\u00fchling in M\u00fcnchen und der Region\" class=\"css-14tg8sh\" target=\"_blank\" rel=\"noopener\"><img decoding=\"async\" src=\"https:\/\/www.europesays.com\/de\/wp-content\/uploads\/2025\/04\/2014a91f-fd7e-4f73-aeb3-eb34ba27e384.jpeg\"   alt=\"\" loading=\"lazy\" class=\"css-8atqhb\"\/><\/p>\n<p>Freizeit<\/p>\n<p>:Volksfeste im Fr\u00fchling in M\u00fcnchen und der Region<\/p>\n<p class=\"css-a6ecqs\" data-manual=\"teaser-text\" data-tb-description=\"\" data-schema-org-speakable=\"true\">Das M\u00fcnchner Fr\u00fchlingsfest l\u00e4dt wieder zum Bummeln ein. Doch auch auf Volksfesten in anderen Regionen rund um M\u00fcnchen wird gefeiert.<\/p>\n<p>Von Ramona H\u00f6llerer und Jana Wejkum<\/p>\n<p data-manual=\"paragraph\" data-schema-org-speakable=\"true\" class=\"css-1vtjhd\"><a href=\"https:\/\/www.sueddeutsche.de\/thema\/Restaurants\" target=\"_blank\" rel=\"noopener\">Restaurants in M\u00fcnchen<\/a> | <a href=\"https:\/\/www.sueddeutsche.de\/thema\/Bars\" target=\"_blank\" rel=\"noopener\">Bars in M\u00fcnchen<\/a> | <a href=\"https:\/\/www.sueddeutsche.de\/thema\/Fr%C3%BChst%C3%BCck_und_Brunch\" target=\"_blank\" rel=\"noopener\">Fr\u00fchst\u00fcck und Brunch<\/a><strong>Zu den Landkreisen:<\/strong> <a href=\"https:\/\/www.sueddeutsche.de\/muenchen\/wolfratshausen\" target=\"_blank\" rel=\"noopener\">Bad T\u00f6lz-Wolfratshausen<\/a> | <a href=\"https:\/\/www.sueddeutsche.de\/muenchen\/dachau\" target=\"_blank\" rel=\"noopener\">Dachau<\/a> | <a href=\"https:\/\/www.sueddeutsche.de\/muenchen\/ebersberg\" target=\"_blank\" rel=\"noopener\">Ebersberg<\/a> | <a href=\"https:\/\/www.sueddeutsche.de\/muenchen\/erding\" target=\"_blank\" rel=\"noopener\">Erding<\/a> | <a href=\"https:\/\/www.sueddeutsche.de\/muenchen\/freising\" target=\"_blank\" rel=\"noopener\">Freising<\/a> | <a href=\"https:\/\/www.sueddeutsche.de\/muenchen\/fuerstenfeldbruck\" target=\"_blank\" rel=\"noopener\">F\u00fcrstenfeldbruck<\/a> | <a href=\"https:\/\/www.sueddeutsche.de\/muenchen\/landkreismuenchen\" target=\"_blank\" rel=\"noopener\">M\u00fcnchen<\/a> | <a href=\"https:\/\/www.sueddeutsche.de\/muenchen\/starnberg\" target=\"_blank\" rel=\"noopener\">Starnberg<\/a><\/p>\n","protected":false},"excerpt":{"rendered":"DER TAG IN M\u00dcNCHEN Surferin nach Unfall im Eisbach gestorben Eine Woche nach dem Ungl\u00fcck an der M\u00fcnchner&hellip;\n","protected":false},"author":2,"featured_media":2312,"comment_status":"","ping_status":"","sticky":false,"template":"","format":"standard","meta":{"footnotes":""},"categories":[1827],"tags":[772,29,30,1268,2338,2339,149],"class_list":{"0":"post-59021","1":"post","2":"type-post","3":"status-publish","4":"format-standard","5":"has-post-thumbnail","7":"category-muenchen","8":"tag-bayern","9":"tag-deutschland","10":"tag-germany","11":"tag-muenchen","12":"tag-newsletter","13":"tag-oberbayern","14":"tag-sueddeutsche-zeitung"},"share_on_mastodon":{"url":"https:\/\/pubeurope.com\/@de\/114396325957339298","error":""},"_links":{"self":[{"href":"https:\/\/www.europesays.com\/de\/wp-json\/wp\/v2\/posts\/59021","targetHints":{"allow":["GET"]}}],"collection":[{"href":"https:\/\/www.europesays.com\/de\/wp-json\/wp\/v2\/posts"}],"about":[{"href":"https:\/\/www.europesays.com\/de\/wp-json\/wp\/v2\/types\/post"}],"author":[{"embeddable":true,"href":"https:\/\/www.europesays.com\/de\/wp-json\/wp\/v2\/users\/2"}],"replies":[{"embeddable":true,"href":"https:\/\/www.europesays.com\/de\/wp-json\/wp\/v2\/comments?post=59021"}],"version-history":[{"count":0,"href":"https:\/\/www.europesays.com\/de\/wp-json\/wp\/v2\/posts\/59021\/revisions"}],"wp:featuredmedia":[{"embeddable":true,"href":"https:\/\/www.europesays.com\/de\/wp-json\/wp\/v2\/media\/2312"}],"wp:attachment":[{"href":"https:\/\/www.europesays.com\/de\/wp-json\/wp\/v2\/media?parent=59021"}],"wp:term":[{"taxonomy":"category","embeddable":true,"href":"https:\/\/www.europesays.com\/de\/wp-json\/wp\/v2\/categories?post=59021"},{"taxonomy":"post_tag","embeddable":true,"href":"https:\/\/www.europesays.com\/de\/wp-json\/wp\/v2\/tags?post=59021"}],"curies":[{"name":"wp","href":"https:\/\/api.w.org\/{rel}","templated":true}]}}