{"id":590275,"date":"2025-11-20T21:40:22","date_gmt":"2025-11-20T21:40:22","guid":{"rendered":"https:\/\/www.europesays.com\/de\/590275\/"},"modified":"2025-11-20T21:40:22","modified_gmt":"2025-11-20T21:40:22","slug":"sek-einsatz-in-lindhorst-laut-polizei-sind-schuesse-gefallen","status":"publish","type":"post","link":"https:\/\/www.europesays.com\/de\/590275\/","title":{"rendered":"SEK-Einsatz in Lindhorst &#8211; laut Polizei sind Sch\u00fcsse gefallen"},"content":{"rendered":"<p>\n            Stand: 20.11.2025 21:30 Uhr<\/p>\n<p>                    <a href=\"https:\/\/www.europesays.com\/de\/wp-content\/uploads\/2025\/10\/polizei7370.webp\" class=\"zoomimage\" title=\"Bild vergr\u00f6\u00dfern\"><\/p>\n<p>        <img decoding=\"async\" src=\"https:\/\/www.europesays.com\/de\/wp-content\/uploads\/2025\/10\/polizei7370.webp\" alt=\"Ein Streifenwagen f\u00e4hrt bei Dunkelheit mit eingeschaltetem Blaulicht.\" title=\"In Lindhorst l\u00e4uft derzeit ein Polizeieinsatz. (Themenbild) | NDR, Julius Matuschik\" class=\"responsive\" loading=\"lazy\"\/><\/p>\n<p>                    <\/a><\/p>\n<p>                    In Lindhorst l\u00e4uft derzeit ein Polizeieinsatz. (Themenbild)<\/p>\n<p class=\"\">Die Polizei hat die Menschen in der Gemeinde Lindhorst (Landkreis Schaumburg) davor gewarnt, ihre H\u00e4user zu verlassen. Es laufe ein Polizeieinsatz, hie\u00df es am Donnerstagabend in einer Mitteilung. Demnach ist auch ein Spezialeinsatzkommando (SEK) im Einsatz. Aus einem Haus heraus seien Sch\u00fcsse gefallen, sagte eine Sprecherin der Polizei NDR Niedersachsen auf Nachfrage am Donnerstagabend. Verletzt worden sei ihres Wissens niemand. Anwohnerinnen und Anwohner wurden dringend gebeten, in ihren Wohnungen und H\u00e4usern zu bleiben und sich nicht au\u00dferhalb von Geb\u00e4uden aufzuhalten. Wie lange der Einsatz noch dauert, ist unklar. Auch zu den Hintergr\u00fcnden ist noch nichts bekannt.<\/p>\n<p>        <img decoding=\"async\" src=\"https:\/\/www.europesays.com\/de\/wp-content\/uploads\/2025\/10\/regionalh100.webp\" alt=\"Das Rathaus am Maschsee.\" title=\"Das Rathaus am Maschsee. | NDR, Julius Matuschik\" class=\"responsive\" loading=\"lazy\"\/><\/p>\n<p>\n                                    8 Min<\/p>\n<p>Was in Ihrer Region wichtig ist, h\u00f6ren Sie in dem Mitschnitt der 15:00 Uhr Regional-Nachrichten auf NDR 1 Niedersachsen.<\/p>\n","protected":false},"excerpt":{"rendered":"Stand: 20.11.2025 21:30 Uhr In Lindhorst l\u00e4uft derzeit ein Polizeieinsatz. (Themenbild) Die Polizei hat die Menschen in der&hellip;\n","protected":false},"author":2,"featured_media":518916,"comment_status":"","ping_status":"","sticky":false,"template":"","format":"standard","meta":{"footnotes":""},"categories":[5],"tags":[14125,588,13,113409,14,15,121,69724,12,10,8,9,11,23290],"class_list":{"0":"post-590275","1":"post","2":"type-post","3":"status-publish","4":"format-standard","5":"has-post-thumbnail","7":"category-nachrichten","8":"tag-bevoelkerung","9":"tag-einsatz","10":"tag-headlines","11":"tag-lindhorst","12":"tag-nachrichten","13":"tag-news","14":"tag-polizei","15":"tag-schaumburg","16":"tag-schlagzeilen","17":"tag-top-news","18":"tag-top-meldungen","19":"tag-topmeldungen","20":"tag-topnews","21":"tag-warnung"},"share_on_mastodon":{"url":"https:\/\/pubeurope.com\/@de\/115584200686291311","error":""},"_links":{"self":[{"href":"https:\/\/www.europesays.com\/de\/wp-json\/wp\/v2\/posts\/590275","targetHints":{"allow":["GET"]}}],"collection":[{"href":"https:\/\/www.europesays.com\/de\/wp-json\/wp\/v2\/posts"}],"about":[{"href":"https:\/\/www.europesays.com\/de\/wp-json\/wp\/v2\/types\/post"}],"author":[{"embeddable":true,"href":"https:\/\/www.europesays.com\/de\/wp-json\/wp\/v2\/users\/2"}],"replies":[{"embeddable":true,"href":"https:\/\/www.europesays.com\/de\/wp-json\/wp\/v2\/comments?post=590275"}],"version-history":[{"count":0,"href":"https:\/\/www.europesays.com\/de\/wp-json\/wp\/v2\/posts\/590275\/revisions"}],"wp:featuredmedia":[{"embeddable":true,"href":"https:\/\/www.europesays.com\/de\/wp-json\/wp\/v2\/media\/518916"}],"wp:attachment":[{"href":"https:\/\/www.europesays.com\/de\/wp-json\/wp\/v2\/media?parent=590275"}],"wp:term":[{"taxonomy":"category","embeddable":true,"href":"https:\/\/www.europesays.com\/de\/wp-json\/wp\/v2\/categories?post=590275"},{"taxonomy":"post_tag","embeddable":true,"href":"https:\/\/www.europesays.com\/de\/wp-json\/wp\/v2\/tags?post=590275"}],"curies":[{"name":"wp","href":"https:\/\/api.w.org\/{rel}","templated":true}]}}