{"id":590284,"date":"2025-11-20T21:46:11","date_gmt":"2025-11-20T21:46:11","guid":{"rendered":"https:\/\/www.europesays.com\/de\/590284\/"},"modified":"2025-11-20T21:46:11","modified_gmt":"2025-11-20T21:46:11","slug":"radio-workshop-im-kinder-und-jugendzentrum-suechteln-viva-viersen","status":"publish","type":"post","link":"https:\/\/www.europesays.com\/de\/590284\/","title":{"rendered":"Radio-Workshop im Kinder- und Jugendzentrum S\u00fcchteln | Viva Viersen"},"content":{"rendered":"<p class=\"card__subtitle\"> Lokalmagazin von Studio Viersen <\/p>\n<p>Gemeinsam mit dem &#8222;Kinder und <a href=\"https:\/\/www.nrwision.de\/mediathek\/themen\/jugendzentrum\" target=\"_blank\" rel=\"noopener\">Jugendzentrum<\/a> Josefshaus&#8220; in Viersen-S\u00fcchteln hat das &#8222;Studio Viersen&#8220; einen Radio-Workshop f\u00fcr Kinder veranstaltet. Vier Kinder haben hieran teilgenommen und durften gemeinsam mit Brigitte Bimmermann-Winzker, Leiterin vom Josefhaus, sowie Daniel Gartz, Radiomoderator von &#8222;Studio Viersen&#8220;, eine eigene Sendung auf die Beine stellen. Hierin stellen sie mit Beitr\u00e4gen, einem Interview und der Moderation die Angebote des Josefshauses vor. Vom Schreiben des Skripts \u00fcber die Produktion der Beitr\u00e4ge und Auswahl der Musiktitel haben Alexandra, Emma, Thilo und Victoria in Teamarbeit die Sendung im Rahmen des Kinder-Radio-Workshops umgesetzt.<\/p>\n","protected":false},"excerpt":{"rendered":"Lokalmagazin von Studio Viersen Gemeinsam mit dem &#8222;Kinder und Jugendzentrum Josefshaus&#8220; in Viersen-S\u00fcchteln hat das &#8222;Studio Viersen&#8220; einen&hellip;\n","protected":false},"author":2,"featured_media":590285,"comment_status":"","ping_status":"","sticky":false,"template":"","format":"standard","meta":{"footnotes":""},"categories":[1849],"tags":[3364,29,548,663,3934,30,13,1722,1114,62,126528,4455,14,15,1209,83,12,6990],"class_list":{"0":"post-590284","1":"post","2":"type-post","3":"status-publish","4":"format-standard","5":"has-post-thumbnail","7":"category-moenchengladbach","8":"tag-de","9":"tag-deutschland","10":"tag-eu","11":"tag-europa","12":"tag-europe","13":"tag-germany","14":"tag-headlines","15":"tag-jugendliche","16":"tag-kinder","17":"tag-medien","18":"tag-medienpaedagogik","19":"tag-moenchengladbach","20":"tag-nachrichten","21":"tag-news","22":"tag-nordrhein-westfalen","23":"tag-radio","24":"tag-schlagzeilen","25":"tag-workshop"},"share_on_mastodon":{"url":"https:\/\/pubeurope.com\/@de\/115584223441521056","error":""},"_links":{"self":[{"href":"https:\/\/www.europesays.com\/de\/wp-json\/wp\/v2\/posts\/590284","targetHints":{"allow":["GET"]}}],"collection":[{"href":"https:\/\/www.europesays.com\/de\/wp-json\/wp\/v2\/posts"}],"about":[{"href":"https:\/\/www.europesays.com\/de\/wp-json\/wp\/v2\/types\/post"}],"author":[{"embeddable":true,"href":"https:\/\/www.europesays.com\/de\/wp-json\/wp\/v2\/users\/2"}],"replies":[{"embeddable":true,"href":"https:\/\/www.europesays.com\/de\/wp-json\/wp\/v2\/comments?post=590284"}],"version-history":[{"count":0,"href":"https:\/\/www.europesays.com\/de\/wp-json\/wp\/v2\/posts\/590284\/revisions"}],"wp:featuredmedia":[{"embeddable":true,"href":"https:\/\/www.europesays.com\/de\/wp-json\/wp\/v2\/media\/590285"}],"wp:attachment":[{"href":"https:\/\/www.europesays.com\/de\/wp-json\/wp\/v2\/media?parent=590284"}],"wp:term":[{"taxonomy":"category","embeddable":true,"href":"https:\/\/www.europesays.com\/de\/wp-json\/wp\/v2\/categories?post=590284"},{"taxonomy":"post_tag","embeddable":true,"href":"https:\/\/www.europesays.com\/de\/wp-json\/wp\/v2\/tags?post=590284"}],"curies":[{"name":"wp","href":"https:\/\/api.w.org\/{rel}","templated":true}]}}