{"id":590304,"date":"2025-11-20T21:56:16","date_gmt":"2025-11-20T21:56:16","guid":{"rendered":"https:\/\/www.europesays.com\/de\/590304\/"},"modified":"2025-11-20T21:56:16","modified_gmt":"2025-11-20T21:56:16","slug":"prozess-um-blutrache-in-bielefeld-geschwister-wegen-mordversuchs-verurteilt-regional","status":"publish","type":"post","link":"https:\/\/www.europesays.com\/de\/590304\/","title":{"rendered":"Prozess um Blutrache in Bielefeld: Geschwister wegen Mordversuchs verurteilt | Regional"},"content":{"rendered":"<p>Bielefeld (NRW) \u2013<b> Lebenslang f\u00fcr Blutrache! 2024 wurde der Ex-Boxer Besar Nimani (\u202038) auf offener Stra\u00dfe erschossen. Nun sind seine Geschwister wegen versuchten Mordes schuldig gesprochen worden: Sie hatten den Tod ihres Bruders r\u00e4chen wollen.<\/b><\/p>\n<p>Das Landgericht Bielefeld (<a href=\"https:\/\/www.bild.de\/regional\/nordrhein-westfalen\/home-npIP0qL0giWP1ZFIOHn2\" class=\"text-link\" rel=\"nofollow noopener\" target=\"_blank\">Nordrhein-Westfalen<\/a>) verurteilte Azize N. (34) zu f\u00fcnf Jahren Haft. Der hauptangeklagte Bruder Berat N. (41) muss sogar lebenslang hinter Gitter.<\/p>\n<p>Blutrache nach einem Verhandlungstag<img decoding=\"async\" width=\"992\" height=\"558\" alt=\"Ex-Box-Champion Besar Nimani verblutete nach Sch\u00fcssen in der Bielefelder Fu\u00dfg\u00e4ngerzone. Ein T\u00e4ter wurde verurteilt, ein weiterer ist noch auf der Flucht\" src=\"https:\/\/www.europesays.com\/de\/wp-content\/uploads\/2025\/11\/70862d1ead18f8a71a75a54daa351bda,37f2c423\"   class=\"landscape\" loading=\"lazy\"\/><\/p>\n<p class=\"fig__caption__text\">Ex-Box-Champion Besar Nimani verblutete nach Sch\u00fcssen in der Bielefelder Fu\u00dfg\u00e4ngerzone. Ein T\u00e4ter wurde verurteilt, ein weiterer ist noch auf der Flucht<\/p>\n<p>Foto: Thomas Starke\/Bongarts\/Getty Images<\/p>\n<p>Nach \u00dcberzeugung der Richter wollten die Geschwister <a href=\"https:\/\/www.bild.de\/regional\/nordrhein-westfalen\/erst-mord-dann-schiesserei-das-blutrache-protokoll-von-bielefeld-67c030b7d1e5ac3c115e509b\" class=\"text-link\" rel=\"nofollow noopener\" target=\"_blank\">Blutrache<\/a> f\u00fcr den <a href=\"https:\/\/www.bild.de\/themen\/ereignisse\/mord\/nachrichten-news-fotos-videos-21394242.bild.html\" class=\"text-link\" rel=\"nofollow noopener\" target=\"_blank\">Mord<\/a> an ihrem Bruder, dem Ex-Box-Profi Besar Nimani, \u00fcben. Nimani war im M\u00e4rz 2024 in der Bielefelder Fu\u00dfg\u00e4ngerzone mit 16 Sch\u00fcssen get\u00f6tet worden. Ein T\u00e4ter, H\u00fcseyin A. (38), wurde wegen Mordes zu lebenslanger Haft verurteilt (Urteil noch nicht rechtskr\u00e4ftig). Das Motiv blieb im Prozess unklar. Nach einem zweiten Sch\u00fctzen wird noch immer gefahndet.<\/p>\n<p>Sch\u00fcsse aus dem Hinterhalt<\/p>\n<p>Nach einem Verhandlungstag gegen H\u00fcseyin A. hatte Berat N. am 26. Februar dieses Jahres vor dem Gerichtsgeb\u00e4ude auf mehrere Angeh\u00f6rige des T\u00e4ters geschossen. Mit einer halbautomatischen 9-Millimeter-Pistole soll er sechsmal gezielt von hinten gefeuert haben.<\/p>\n<p><img decoding=\"async\" width=\"992\" height=\"558\" alt=\"Nach der Schie\u00dferei vor dem Gerichtsgeb\u00e4ude: Einsatzkr\u00e4fte bringen den nach einem Schuss verletzten Bruder des Angeklagten zum Rettungswagen\" src=\"https:\/\/www.europesays.com\/de\/wp-content\/uploads\/2025\/11\/e84fb20d82d0cae3722b9af70c9dcc21,bca31b02\"   class=\"landscape\" loading=\"lazy\"\/><\/p>\n<p class=\"fig__caption__text\">Nach der Schie\u00dferei vor dem Gerichtsgeb\u00e4ude: Einsatzkr\u00e4fte bringen den nach einem Schuss verletzten Bruder des wegen Mordes am Boxer verurteilten Mannes zum Rettungswagen<\/p>\n<p>Foto: Christian Mathiesen<\/p>\n<p>Vier M\u00e4nner wurden schwer verletzt, darunter der Vater des Verurteilten und sein Bruder. Letzterer fl\u00fcchtete hinter ein Auto \u2013 doch Berat N. soll ihn verfolgt und am Knie getroffen haben. Dann klemmte die Waffe \u2013 eine Ladehemmung beendete das Blutbad.<\/p>\n<p>Mehr zum ThemaGericht: Azize N. wollte Tat vollenden<\/p>\n<p>Azize N. hat nach \u00dcberzeugung des Gerichts wenig sp\u00e4ter <a href=\"https:\/\/www.bild.de\/news\/grosseinsatz-vor-landgericht-schuesse-in-bielefeld-mehrere-verletzte-67bf0c274f99f02153f9ae9a\" class=\"text-link\" rel=\"nofollow noopener\" target=\"_blank\">aus einem VW T-Roc f\u00fcnf Sch\u00fcsse<\/a> auf ein bereits angeschossenes Opfer abgegeben, um das Werk des Bruders zu vollenden, wie der Vorsitzende Richter sagte. Danach floh Azize N.<\/p>\n<p>Der Vorsitzende Richter sprach in seiner Begr\u00fcndung von einem \u201eAkt der Selbstjustiz\u201c. Insbesondere der 41-J\u00e4hrige habe das Recht selbst in die Hand nehmen und die Macht seiner Familie demonstrieren wollen. <\/p>\n","protected":false},"excerpt":{"rendered":"Bielefeld (NRW) \u2013 Lebenslang f\u00fcr Blutrache! 2024 wurde der Ex-Boxer Besar Nimani (\u202038) auf offener Stra\u00dfe erschossen. Nun&hellip;\n","protected":false},"author":2,"featured_media":590305,"comment_status":"","ping_status":"","sticky":false,"template":"","format":"standard","meta":{"footnotes":""},"categories":[1841],"tags":[13811,1605,3364,29,30,27677,17930,1209,1269,138370,45],"class_list":{"0":"post-590304","1":"post","2":"type-post","3":"status-publish","4":"format-standard","5":"has-post-thumbnail","7":"category-bielefeld","8":"tag-pistole","9":"tag-bielefeld","10":"tag-de","11":"tag-deutschland","12":"tag-germany","13":"tag-landgericht-bielefeld","14":"tag-mordversuch","15":"tag-nordrhein-westfalen","16":"tag-prozess","17":"tag-team-first","18":"tag-texttospeech"},"share_on_mastodon":{"url":"https:\/\/pubeurope.com\/@de\/115584262886145112","error":""},"_links":{"self":[{"href":"https:\/\/www.europesays.com\/de\/wp-json\/wp\/v2\/posts\/590304","targetHints":{"allow":["GET"]}}],"collection":[{"href":"https:\/\/www.europesays.com\/de\/wp-json\/wp\/v2\/posts"}],"about":[{"href":"https:\/\/www.europesays.com\/de\/wp-json\/wp\/v2\/types\/post"}],"author":[{"embeddable":true,"href":"https:\/\/www.europesays.com\/de\/wp-json\/wp\/v2\/users\/2"}],"replies":[{"embeddable":true,"href":"https:\/\/www.europesays.com\/de\/wp-json\/wp\/v2\/comments?post=590304"}],"version-history":[{"count":0,"href":"https:\/\/www.europesays.com\/de\/wp-json\/wp\/v2\/posts\/590304\/revisions"}],"wp:featuredmedia":[{"embeddable":true,"href":"https:\/\/www.europesays.com\/de\/wp-json\/wp\/v2\/media\/590305"}],"wp:attachment":[{"href":"https:\/\/www.europesays.com\/de\/wp-json\/wp\/v2\/media?parent=590304"}],"wp:term":[{"taxonomy":"category","embeddable":true,"href":"https:\/\/www.europesays.com\/de\/wp-json\/wp\/v2\/categories?post=590304"},{"taxonomy":"post_tag","embeddable":true,"href":"https:\/\/www.europesays.com\/de\/wp-json\/wp\/v2\/tags?post=590304"}],"curies":[{"name":"wp","href":"https:\/\/api.w.org\/{rel}","templated":true}]}}