{"id":590373,"date":"2025-11-20T22:34:24","date_gmt":"2025-11-20T22:34:24","guid":{"rendered":"https:\/\/www.europesays.com\/de\/590373\/"},"modified":"2025-11-20T22:34:24","modified_gmt":"2025-11-20T22:34:24","slug":"hbl-gwd-minden-unterliegt-haushoch-in-stuttgart","status":"publish","type":"post","link":"https:\/\/www.europesays.com\/de\/590373\/","title":{"rendered":"HBL: GWD Minden unterliegt haushoch in Stuttgart"},"content":{"rendered":"<p>            <img loading=\"lazy\" decoding=\"async\" class=\"ts-image\" src=\"https:\/\/www.europesays.com\/de\/wp-content\/uploads\/2025\/11\/wdr-mindens-niclas-benedict-heitkamp-im-zweikampf-mit-stuttgarts-simone-mengon-100.jpg\" alt=\"Mindens Niclas Benedict Heitkamp im Zweikampf mit Stuttgarts Simone Mengon \" title=\"Mindens Niclas Benedict Heitkamp im Zweikampf mit Stuttgarts Simone Mengon | IMAGO \/ Eibner\"\/><\/p>\n<p class=\"metatextline\">Stand: 20.11.2025 21:15 Uhr<\/p>\n<p class=\"textabsatz columns twelve  m-ten  m-offset-one l-eight l-offset-two\">\n        <strong><strong>Furchtbare Abfuhr f\u00fcr GWD Minden: Beim TVB Stuttgart war das Team von Aaron Ziercke bei der 26:35 (10:22)-Niederlage absolut chancenlos.<\/strong><\/strong>\n    <\/p>\n<p class=\"textabsatz m-ten m-offset-one l-eight l-offset-two columns twelve\">Eigentlich hatten sich die Mindener nach dem j\u00fcngsten <a href=\"https:\/\/www1.wdr.de\/sport\/handball\/gwd-minden-leipzig-102.html\" title=\"Handball: GWD Minden l\u00e4sst Leipzig keine Chance\" class=\"textlink--extern\" target=\"_blank\" rel=\"noopener\">Sieg gegen Leipzig (32:26)<\/a> eine ganze Menge in Stuttgart ausgerechnet. Schlie\u00dflich war der TVB mit bis dato lediglich vier Pluspunkten noch hinter GWD in der Tabelle platziert.<\/p>\n<p class=\"textabsatz m-ten m-offset-one l-eight l-offset-two columns twelve\">Und tats\u00e4chlich: Die Ostwestfalen gingen nach nur wenigen Spiel-Sequenzen mit 2:0 in F\u00fchrung: Alexander Weber und Ian Weck hatten getroffen. Stuttgart glich zwar aus, doch auch nach zehn Minuten lag GWD vorn, als Max Staar zum 5:4 traf.<\/p>\n<ul class=\"buttongroup buttongroup--copytext\">\n<li class=\"buttongroup__item\">\n<p>    <a class=\"btn btn--text btn--standard-secondary btn--fullwidth\" href=\"https:\/\/www.sportschau.de\/live-und-ergebnisse\/handball\/deutschland-hbl\/spiele-und-ergebnisse\" target=\"_blank\" rel=\"noopener\"><br \/>\n        12. Spieltag<br \/>\n        Pfeil rechts<\/p>\n<p>    <\/a>\n<\/li>\n<\/ul>\n<p>    6:0-Lauf f\u00fcr Stuttgart gibt die Richtung vor<\/p>\n<p class=\"textabsatz m-ten m-offset-one l-eight l-offset-two columns twelve\">Doch ab der 11. Minute nahm das Unheil seinen Lauf: Innerhalb von nur neun Minuten zogen die Schwaben von 7:6 auf 13:6 davon &#8211; Minden pr\u00e4sentierte sich l\u00f6chrig in der Abwehr und im eigenen Angriff lief \u00fcberhaupt nichts mehr.<\/p>\n<p class=\"textabsatz m-ten m-offset-one l-eight l-offset-two columns twelve\">Die Dinge wurden bis zur Pausensirene auch nicht mehr besser: Stuttgart zog auf sage und schreibe 22:10 davon &#8211; die Blamage nahm ihren Lauf.<\/p>\n<p>    Keine Chance auf Punkte<\/p>\n<p class=\"textabsatz m-ten m-offset-one l-eight l-offset-two columns twelve\">Immerhin schien man sich in der Pause zusammengerauft zu haben &#8211; im zweiten Abschnitt zeigte sich GWD zumindest auf Augenh\u00f6he. Ausgeglichen ging es nun dahin, ohne dass die G\u00e4ste allerdings noch einmal in die N\u00e4he eines m\u00f6glichen Punktgewinns kommen konnten. So stand es am Ende 26:35.<\/p>\n<p class=\"textabsatz m-ten m-offset-one l-eight l-offset-two columns twelve\">Leichter wird es nun erst einmal nicht: Am kommenden Wochenende empf\u00e4ngt das Team den SC Magdeburg.<\/p>\n<p class=\"textabsatz m-ten m-offset-one l-eight l-offset-two columns twelve\">Unsere Quellen:<\/p>\n<ul class=\"bulletpoint-list \">\n<li>Spiel Stuttgart &#8211; Minden live bei Dyn<\/li>\n<\/ul>\n<p>                                        <a class=\"backlink__link\" href=\"https:\/\/www1.wdr.de\/sport\/handball\/stuttgart-minden-handball-spielbericht100.html\" target=\"_blank\" rel=\"noopener\"><\/p>\n<p>                                                <img decoding=\"async\" src=\"https:\/\/images.sportschau.de\/image\/9ef70e2e-6dd6-4b18-afd2-7063c40e8939\/AAABlap_yqU\/AAABmgWnBPY\/original\/lra-wdr-logo-100.svg\" alt=\"Westdeutscher Rundfunk\"\/><\/p>\n<p>                                        <\/a><\/p>\n","protected":false},"excerpt":{"rendered":"Stand: 20.11.2025 21:15 Uhr Furchtbare Abfuhr f\u00fcr GWD Minden: Beim TVB Stuttgart war das Team von Aaron Ziercke&hellip;\n","protected":false},"author":2,"featured_media":590374,"comment_status":"","ping_status":"","sticky":false,"template":"","format":"standard","meta":{"footnotes":""},"categories":[1830],"tags":[1634,3364,29,30,47957,1391,5009,1441,7401,225],"class_list":{"0":"post-590373","1":"post","2":"type-post","3":"status-publish","4":"format-standard","5":"has-post-thumbnail","7":"category-stuttgart","8":"tag-baden-wuerttemberg","9":"tag-de","10":"tag-deutschland","11":"tag-germany","12":"tag-gwd-minden","13":"tag-handball","14":"tag-hbl","15":"tag-stuttgart","16":"tag-tvb-stuttgart","17":"tag-wdr"},"share_on_mastodon":{"url":"https:\/\/pubeurope.com\/@de\/115584413133971255","error":""},"_links":{"self":[{"href":"https:\/\/www.europesays.com\/de\/wp-json\/wp\/v2\/posts\/590373","targetHints":{"allow":["GET"]}}],"collection":[{"href":"https:\/\/www.europesays.com\/de\/wp-json\/wp\/v2\/posts"}],"about":[{"href":"https:\/\/www.europesays.com\/de\/wp-json\/wp\/v2\/types\/post"}],"author":[{"embeddable":true,"href":"https:\/\/www.europesays.com\/de\/wp-json\/wp\/v2\/users\/2"}],"replies":[{"embeddable":true,"href":"https:\/\/www.europesays.com\/de\/wp-json\/wp\/v2\/comments?post=590373"}],"version-history":[{"count":0,"href":"https:\/\/www.europesays.com\/de\/wp-json\/wp\/v2\/posts\/590373\/revisions"}],"wp:featuredmedia":[{"embeddable":true,"href":"https:\/\/www.europesays.com\/de\/wp-json\/wp\/v2\/media\/590374"}],"wp:attachment":[{"href":"https:\/\/www.europesays.com\/de\/wp-json\/wp\/v2\/media?parent=590373"}],"wp:term":[{"taxonomy":"category","embeddable":true,"href":"https:\/\/www.europesays.com\/de\/wp-json\/wp\/v2\/categories?post=590373"},{"taxonomy":"post_tag","embeddable":true,"href":"https:\/\/www.europesays.com\/de\/wp-json\/wp\/v2\/tags?post=590373"}],"curies":[{"name":"wp","href":"https:\/\/api.w.org\/{rel}","templated":true}]}}