{"id":590382,"date":"2025-11-20T22:39:23","date_gmt":"2025-11-20T22:39:23","guid":{"rendered":"https:\/\/www.europesays.com\/de\/590382\/"},"modified":"2025-11-20T22:39:23","modified_gmt":"2025-11-20T22:39:23","slug":"muenchen-heute-nachrichten-vom-20-11-25-muenchen","status":"publish","type":"post","link":"https:\/\/www.europesays.com\/de\/590382\/","title":{"rendered":"M\u00fcnchen heute &#8211; Nachrichten vom 20.11.25 &#8211; M\u00fcnchen"},"content":{"rendered":"<p> div:not([style*=&#8217;display: none&#8216;]):not(.iqdnoad)){margin-bottom:60px;margin-top:60px;}}]]> div:not([style*=&#8217;display: none&#8216;]):not(.iqdnoad))::before{content:none;}@media screen and (min-width: 768px){.css-wglhfu{margin-bottom:0;margin-top:0;}}@media screen and (min-width: 768px){.css-wglhfu{margin-left:0;margin-right:0;}}@media screen and (min-width: 1000px){.css-wglhfu{margin-left:-180px;width:1000px;}.css-wglhfu:has(> div:not([style*=&#8217;display: none&#8216;]):not(.iqdnoad)){margin-bottom:60px;margin-top:60px;}}]]> div:not([style*=&#8217;display: none&#8216;]):not(.iqdnoad))::before{content:none;}@media screen and (min-width: 768px){.css-1qhsfhd{margin-bottom:0;margin-top:0;}}@media screen and (min-width: 768px){.css-1qhsfhd{display:block;}}@media screen and (min-width: 768px){.css-1qhsfhd{margin-left:0;margin-right:0;}}@media screen and (min-width: 1000px){.css-1qhsfhd{margin-left:-180px;width:1000px;}.css-1qhsfhd:has(> div:not([style*=&#8217;display: none&#8216;]):not(.iqdnoad)){margin-bottom:60px;margin-top:60px;}}]]><\/p>\n<p data-manual=\"paragraph\" data-schema-org-speakable=\"true\" class=\"css-1eosz7k\"><strong>DER TAG IN <\/strong><strong><a href=\"https:\/\/www.sueddeutsche.de\/thema\/M%C3%BCnchen\" target=\"_blank\" rel=\"noopener\">M\u00dcNCHEN<\/a><\/strong><\/p>\n<p data-manual=\"paragraph\" data-schema-org-speakable=\"true\" class=\"css-1eosz7k\"><strong>Beim Umsatz beginnen am Black Friday die entscheidenden Wochen<\/strong> Die Stimmung im Einzelhandel schwankt zwischen ged\u00e4mpfter Zuversicht und Verunsicherung. Gro\u00dfe Hoffnungen setzen die H\u00e4ndler auf eine <a href=\"https:\/\/www.sueddeutsche.de\/muenchen\/muenchen-umsatzprognose-einzelhandel-weihnachten-li.3337026\" target=\"_blank\" rel=\"noopener\">Neuerung bei den \u00d6ffnungszeiten.<\/a><\/p>\n<p data-manual=\"paragraph\" data-schema-org-speakable=\"true\" class=\"css-1eosz7k\"><strong>Spazierg\u00e4nger entdeckt Frauenleiche im Forstenrieder Park<\/strong>\u00a0Die unbekannte Person lag tot etwas abseits des Weges im Wald. <a href=\"https:\/\/www.sueddeutsche.de\/muenchen\/muenchen-leiche-forstenrieder-park-li.3341883\" target=\"_blank\" rel=\"noopener\">Die Polizei schlie\u00dft ein Verbrechen nicht aus.<\/a><\/p>\n<p data-manual=\"paragraph\" data-schema-org-speakable=\"true\" class=\"css-1eosz7k\"><strong>Mehr als 13 Kilo Koks und 234 500 Euro Cash: Wie zwei junge M\u00fcnchner mutma\u00dflich zu Gro\u00dfdealern wurden<\/strong> Ein 21-J\u00e4hriger und ein 24-J\u00e4hriger sollen den M\u00fcnchner Drogenmarkt mit kiloweise Cannabis, Koks und Amphetaminen \u00fcberschwemmt haben. <a href=\"https:\/\/www.sueddeutsche.de\/muenchen\/muenchen-drogen-dealer-prozess-kokain-li.3340020\" target=\"_blank\" rel=\"noopener\">Vor dem Landgericht M\u00fcnchen I spricht der Richter von einem \u201eRiesenkomplex\u201c.<\/a><\/p>\n<p data-manual=\"paragraph\" data-schema-org-speakable=\"true\" class=\"css-1eosz7k\"><strong>Warum dauert in M\u00fcnchen der Bau von Lades\u00e4ulen so lange?<\/strong> In der Stadt gibt es immer mehr Elektrofahrzeuge, die Zahl der \u00f6ffentlichen Ladestationen aber stagniert. Vor allem S\u00e4ulen zum schnellen Stromtanken sind nicht in Sicht. <a href=\"https:\/\/www.sueddeutsche.de\/muenchen\/e-mobilitaet-muenchen-verzoegerungen-ausbau-ladeinfrastruktur-li.3339755\" target=\"_blank\" rel=\"noopener\">Woran das liegt. (SZ Plus)<\/a><\/p>\n<p data-manual=\"paragraph\" data-schema-org-speakable=\"true\" class=\"css-1eosz7k\"><strong>Umziehen auf einen Klick<\/strong> Die M\u00fcnchnerinnen und M\u00fcnchner sollen nicht mehr an Dutzenden Formularen und Beh\u00f6rdeng\u00e4ngen verzweifeln: Mit einer neuen Internet-Plattform will die Stadt das Leben leichter machen. <a href=\"https:\/\/www.sueddeutsche.de\/muenchen\/muenchen-buergerbuero-termine-online-formulare-li.3340464\" target=\"_blank\" rel=\"noopener\">Was das Angebot bietet und wie es funktioniert.<\/a><\/p>\n<p data-manual=\"paragraph\" data-schema-org-speakable=\"true\" class=\"css-1eosz7k\"><strong>WEITERE NACHRICHTEN<\/strong><\/p>\n<p data-manual=\"paragraph\" data-schema-org-speakable=\"true\" class=\"css-1eosz7k\"><strong>Verkehr in M\u00fcnchen:\u00a0<\/strong><a href=\"https:\/\/www.sueddeutsche.de\/muenchen\/muenchen-schutz-trambahn-haltestelle-donnersbergerstrasse-li.3341556\" target=\"_blank\" rel=\"noopener\">Nach Unf\u00e4llen: Stadt stellt Aufprallschutz an Donnersbergerstra\u00dfe auf<\/a><\/p>\n<p> div:not([style*=&#8217;display: none&#8216;]):not(.iqdnoad))::before{content:none;}@media screen and (min-width: 768px){.css-1gb0u7z{margin-bottom:0;margin-top:0;}}@media screen and (min-width: 1000px){.css-1gb0u7z{display:block;min-height:auto;}}@media screen and (min-width: 768px){.css-1gb0u7z{margin-left:0;margin-right:0;}}@media screen and (min-width: 1000px){.css-1gb0u7z{margin-left:-180px;width:1000px;}.css-1gb0u7z:has(> div:not([style*=&#8217;display: none&#8216;]):not(.iqdnoad)){margin-bottom:60px;margin-top:60px;}}]]> div:not([style*=&#8217;display: none&#8216;]):not(.iqdnoad))::before{content:none;}@media screen and (min-width: 768px){.css-6qp6or{margin-bottom:0;margin-top:0;}}@media screen and (min-width: 768px){.css-6qp6or{margin-left:0;margin-right:0;}}@media screen and (min-width: 1000px){.css-6qp6or{margin-left:-180px;width:1000px;}.css-6qp6or:has(> div:not([style*=&#8217;display: none&#8216;]):not(.iqdnoad)){margin-bottom:60px;margin-top:60px;}}]]> div:not([style*=&#8217;display: none&#8216;]):not(.iqdnoad))::before{content:none;}@media screen and (min-width: 768px){.css-1vs3ay6{margin-bottom:0;margin-top:0;}}@media screen and (min-width: 768px){.css-1vs3ay6{display:block;}}@media screen and (min-width: 768px){.css-1vs3ay6{margin-left:0;margin-right:0;}}@media screen and (min-width: 1000px){.css-1vs3ay6{margin-left:-180px;width:1000px;}.css-1vs3ay6:has(> div:not([style*=&#8217;display: none&#8216;]):not(.iqdnoad)){margin-bottom:60px;margin-top:60px;}}]]><\/p>\n<p data-manual=\"paragraph\" data-schema-org-speakable=\"true\" class=\"css-1eosz7k\"><strong>M\u00fcnchner Nordwesten:<\/strong> <a href=\"https:\/\/www.sueddeutsche.de\/muenchen\/allacher-tunnel-unfall-verkehrschaos-stau-muenchen-li.3341493\" target=\"_blank\" rel=\"noopener\">Chaos auf dem Autobahnring nach Unfall im Allacher Tunnel<\/a><\/p>\n<p data-manual=\"paragraph\" data-schema-org-speakable=\"true\" class=\"css-1eosz7k\"><strong>Tierpark Hellabrunn:<\/strong> <a href=\"https:\/\/www.sueddeutsche.de\/muenchen\/tierpark-hellabrunn-muenchen-besucher-betrueger-parkplatz-anzeige-li.3341699\" target=\"_blank\" rel=\"noopener\">Parkplatz-Betr\u00fcger zocken Zoobesucher ab<\/a><\/p>\n<p data-manual=\"paragraph\" data-schema-org-speakable=\"true\" class=\"css-1eosz7k\"><strong>M\u00dcNCHEN ERLESEN<\/strong><\/p>\n<p><a href=\"https:\/\/www.sueddeutsche.de\/projekte\/artikel\/muenchen\/sexuelle-gewalt-gegen-maenner-missbrauch-sexismus-generation-z-e448673\/\" aria-label=\"Artikelverlinkung:\" data-track-szde=\"{&quot;event&quot;:&quot;teaser_clicked&quot;,&quot;teaser_clicked&quot;:{&quot;article_title&quot;:&quot;du_willst_es_doch_auch&quot;,&quot;doctype&quot;:&quot;&quot;,&quot;label&quot;:&quot;szplus&quot;,&quot;main_topic&quot;:&quot;leben_und_gesellschaft_in_muenchen&quot;,&quot;object_id&quot;:&quot;er.e448673&quot;,&quot;pcat&quot;:&quot;paid&quot;,&quot;section&quot;:&quot;muenchen&quot;,&quot;teaser_type&quot;:&quot;article_teaser_top&quot;}}\" data-manual=\"teaser-url\" data-tb-link=\"\" aria-labelledby=\"teaser-httpswwwsueddeutschedeprojekteartikelmuenchensexuelle-gewalt-gegen-maenner-missbrauch-sexismus-generation-z-e448673\" class=\"css-14tg8sh\" target=\"_blank\" rel=\"noopener\"><img decoding=\"async\" src=\"https:\/\/www.europesays.com\/de\/wp-content\/uploads\/2025\/11\/1baa117c-5672-4fec-8b73-3650c6f0b474.jpg\"   alt=\"\" loading=\"lazy\" class=\"css-8atqhb\"\/><\/p>\n<p>Sexuelle Gewalt gegen M\u00e4nner<\/p>\n<p>:Du willst es doch auch<\/p>\n<p class=\"css-a6ecqs\" data-manual=\"teaser-text\" data-tb-description=\"\" data-schema-org-speakable=\"true\">Ein Griff in den Schritt, die Hand am Po: Sexuelle \u00dcbergriffe erleben zuallererst Frauen \u2013 aber auch junge M\u00e4nner bekommen derartige Bel\u00e4stigungen zu sp\u00fcren. Was macht das mit ihnen?<\/p>\n<p>SZ PlusVon Meryem Sener&#8230;<a href=\"https:\/\/www.sueddeutsche.de\/muenchen\/muenchen-bayerischer-rundfunk-requisiten-versteigerung-li.3338423\" aria-label=\"Artikelverlinkung:\" data-track-szde=\"{&quot;event&quot;:&quot;teaser_clicked&quot;,&quot;teaser_clicked&quot;:{&quot;article_title&quot;:&quot;wer_will_das_olympia_sofa_aus_sotschi_oder_guenter_gruenwalds_schreibtisch&quot;,&quot;doctype&quot;:&quot;&quot;,&quot;label&quot;:&quot;&quot;,&quot;main_topic&quot;:&quot;leben_und_gesellschaft_in_muenchen&quot;,&quot;object_id&quot;:&quot;li.3338423&quot;,&quot;pcat&quot;:&quot;metered&quot;,&quot;section&quot;:&quot;muenchen&quot;,&quot;teaser_type&quot;:&quot;article_teaser_top&quot;}}\" data-manual=\"teaser-url\" data-tb-link=\"\" aria-labelledby=\"teaser-httpswwwsueddeutschedemuenchenmuenchen-bayerischer-rundfunk-requisiten-versteigerung-li3338423\" class=\"css-14tg8sh\" target=\"_blank\" rel=\"noopener\"><img decoding=\"async\" src=\"https:\/\/www.europesays.com\/de\/wp-content\/uploads\/2025\/11\/d26246de-98da-486b-801c-2069546a3123.jpg\"   alt=\"\" loading=\"lazy\" class=\"css-8atqhb\"\/><\/p>\n<p>Online-Versteigerung<\/p>\n<p>:Wer will das Olympia-Sofa aus Sotschi oder G\u00fcnter Gr\u00fcnwalds Schreibtisch?<\/p>\n<p class=\"css-a6ecqs\" data-manual=\"teaser-text\" data-tb-description=\"\" data-schema-org-speakable=\"true\">Der Bayerische Rundfunk mistet seine Requisitenlager aus. Jeder kann mitsteigern und sich praktische M\u00f6bel sichern, aber auch Erinnerungen an legend\u00e4re Sendungen wie \u201eDahoam is dahoam\u201c oder Folgen aus dem Kom\u00f6dienstadel.<\/p>\n<p data-manual=\"paragraph\" data-schema-org-speakable=\"true\" class=\"css-1eosz7k\"><strong>UNSER FREIZEITTIPP<\/strong><\/p>\n<p><a href=\"https:\/\/www.sueddeutsche.de\/bayern\/weihnachtsmaerkte-bayern-2025-tipps-ausflug-advent-1.6311804\" aria-label=\"Artikelverlinkung:\" data-track-szde=\"{&quot;event&quot;:&quot;teaser_clicked&quot;,&quot;teaser_clicked&quot;:{&quot;article_title&quot;:&quot;hier_weihnachtet_es_in_bayern_besonders_romantisch&quot;,&quot;doctype&quot;:&quot;&quot;,&quot;label&quot;:&quot;&quot;,&quot;main_topic&quot;:&quot;leben_und_gesellschaft_in_bayern&quot;,&quot;object_id&quot;:&quot;sz.1.6311804&quot;,&quot;pcat&quot;:&quot;metered&quot;,&quot;section&quot;:&quot;bayern&quot;,&quot;teaser_type&quot;:&quot;article_teaser_top&quot;}}\" data-manual=\"teaser-url\" data-tb-link=\"\" aria-labelledby=\"teaser-httpswwwsueddeutschedebayernweihnachtsmaerkte-bayern-2025-tipps-ausflug-advent-16311804\" class=\"css-14tg8sh\" target=\"_blank\" rel=\"noopener\"><img decoding=\"async\" src=\"https:\/\/www.europesays.com\/de\/wp-content\/uploads\/2025\/11\/c8b1f735-cf34-43f6-85e6-dbe8e843001d.jpg\"   alt=\"\" loading=\"lazy\" class=\"css-8atqhb\"\/><\/p>\n<p>Adventszeit 2025<\/p>\n<p>:Hier weihnachtet es in Bayern besonders romantisch<\/p>\n<p class=\"css-a6ecqs\" data-manual=\"teaser-text\" data-tb-description=\"\" data-schema-org-speakable=\"true\">Ende November starten zahlreiche Christkindlm\u00e4rkte im ganzen Freistaat. Die SZ-Redaktion hat einige herausgesucht, die mehr zu bieten haben als Gl\u00fchwein und Stollen. Ein \u00dcberblick.<\/p>\n<p>Von SZ-Autorinnen und SZ-Autoren<\/p>\n<p data-manual=\"paragraph\" data-schema-org-speakable=\"true\" class=\"css-1eosz7k\"><a href=\"https:\/\/www.sueddeutsche.de\/thema\/Restaurants\" target=\"_blank\" rel=\"noopener\">Restaurants in M\u00fcnchen<\/a> | <a href=\"https:\/\/www.sueddeutsche.de\/thema\/Bars\" target=\"_blank\" rel=\"noopener\">Bars in M\u00fcnchen<\/a> | <a href=\"https:\/\/www.sueddeutsche.de\/thema\/Fr%C3%BChst%C3%BCck_und_Brunch\" target=\"_blank\" rel=\"noopener\">Fr\u00fchst\u00fcck und Brunch<\/a><strong>Zu den Landkreisen:<\/strong> <a href=\"https:\/\/www.sueddeutsche.de\/muenchen\/wolfratshausen\" target=\"_blank\" rel=\"noopener\">Bad T\u00f6lz-Wolfratshausen<\/a> | <a href=\"https:\/\/www.sueddeutsche.de\/muenchen\/dachau\" target=\"_blank\" rel=\"noopener\">Dachau<\/a> | <a href=\"https:\/\/www.sueddeutsche.de\/muenchen\/ebersberg\" target=\"_blank\" rel=\"noopener\">Ebersberg<\/a> | <a href=\"https:\/\/www.sueddeutsche.de\/muenchen\/erding\" target=\"_blank\" rel=\"noopener\">Erding<\/a> | <a href=\"https:\/\/www.sueddeutsche.de\/muenchen\/freising\" target=\"_blank\" rel=\"noopener\">Freising<\/a> | <a href=\"https:\/\/www.sueddeutsche.de\/muenchen\/fuerstenfeldbruck\" target=\"_blank\" rel=\"noopener\">F\u00fcrstenfeldbruck<\/a> | <a href=\"https:\/\/www.sueddeutsche.de\/muenchen\/landkreismuenchen\" target=\"_blank\" rel=\"noopener\">M\u00fcnchen<\/a> | <a href=\"https:\/\/www.sueddeutsche.de\/muenchen\/starnberg\" target=\"_blank\" rel=\"noopener\">Starnberg<\/a><\/p>\n","protected":false},"excerpt":{"rendered":"div:not([style*=&#8217;display: none&#8216;]):not(.iqdnoad)){margin-bottom:60px;margin-top:60px;}}]]&gt; div:not([style*=&#8217;display: none&#8216;]):not(.iqdnoad))::before{content:none;}@media screen and (min-width: 768px){.css-wglhfu{margin-bottom:0;margin-top:0;}}@media screen and (min-width: 768px){.css-wglhfu{margin-left:0;margin-right:0;}}@media screen and (min-width: 1000px){.css-wglhfu{margin-left:-180px;width:1000px;}.css-wglhfu:has(> div:not([style*=&#8217;display: none&#8216;]):not(.iqdnoad)){margin-bottom:60px;margin-top:60px;}}]]&gt;&hellip;\n","protected":false},"author":2,"featured_media":387201,"comment_status":"","ping_status":"","sticky":false,"template":"","format":"standard","meta":{"footnotes":""},"categories":[1827],"tags":[772,29,30,1268,2338,2339,149],"class_list":{"0":"post-590382","1":"post","2":"type-post","3":"status-publish","4":"format-standard","5":"has-post-thumbnail","7":"category-muenchen","8":"tag-bayern","9":"tag-deutschland","10":"tag-germany","11":"tag-muenchen","12":"tag-newsletter","13":"tag-oberbayern","14":"tag-sueddeutsche-zeitung"},"share_on_mastodon":{"url":"https:\/\/pubeurope.com\/@de\/115584432840633251","error":""},"_links":{"self":[{"href":"https:\/\/www.europesays.com\/de\/wp-json\/wp\/v2\/posts\/590382","targetHints":{"allow":["GET"]}}],"collection":[{"href":"https:\/\/www.europesays.com\/de\/wp-json\/wp\/v2\/posts"}],"about":[{"href":"https:\/\/www.europesays.com\/de\/wp-json\/wp\/v2\/types\/post"}],"author":[{"embeddable":true,"href":"https:\/\/www.europesays.com\/de\/wp-json\/wp\/v2\/users\/2"}],"replies":[{"embeddable":true,"href":"https:\/\/www.europesays.com\/de\/wp-json\/wp\/v2\/comments?post=590382"}],"version-history":[{"count":0,"href":"https:\/\/www.europesays.com\/de\/wp-json\/wp\/v2\/posts\/590382\/revisions"}],"wp:featuredmedia":[{"embeddable":true,"href":"https:\/\/www.europesays.com\/de\/wp-json\/wp\/v2\/media\/387201"}],"wp:attachment":[{"href":"https:\/\/www.europesays.com\/de\/wp-json\/wp\/v2\/media?parent=590382"}],"wp:term":[{"taxonomy":"category","embeddable":true,"href":"https:\/\/www.europesays.com\/de\/wp-json\/wp\/v2\/categories?post=590382"},{"taxonomy":"post_tag","embeddable":true,"href":"https:\/\/www.europesays.com\/de\/wp-json\/wp\/v2\/tags?post=590382"}],"curies":[{"name":"wp","href":"https:\/\/api.w.org\/{rel}","templated":true}]}}