{"id":590390,"date":"2025-11-20T22:45:18","date_gmt":"2025-11-20T22:45:18","guid":{"rendered":"https:\/\/www.europesays.com\/de\/590390\/"},"modified":"2025-11-20T22:45:18","modified_gmt":"2025-11-20T22:45:18","slug":"will-berlin-sich-das-rohbau-gerippe-wirklich-leisten","status":"publish","type":"post","link":"https:\/\/www.europesays.com\/de\/590390\/","title":{"rendered":"Will Berlin sich das Rohbau-Gerippe wirklich leisten?"},"content":{"rendered":"<p class=\"tspCAnc tspCAnd\">Das Land Berlin f\u00fchrt allem Anschein nach bislang keine Gespr\u00e4che zu einem m\u00f6glichen R\u00fcckkauf des Hochhaus-Gerippes am Steglitzer Kreisel. <a href=\"https:\/\/www.tagesspiegel.de\/berlin\/berliner-wirtschaft\/bauruine-am-steglitzer-kreisel-in-berlin-wegner-erwagt-option-eines-ruckkaufs--adler-group-freut-sich-uber-positive-worte-14885891.html?icid=in-text-link_14897033\" class=\"link link--internal\" data-gtm-class=\"article-text-link\" data-gtm-val=\"internal\" target=\"_blank\" rel=\"noopener\">Wie berichtet<\/a>, wei\u00df der Bezirksstadtrat Patrick Steinhoff (CDU) bislang nichts von derartigen Gespr\u00e4chen. Die Pressestelle der Finanzverwaltung wollte sich zu einer entsprechenden Tagesspiegel-Anfrage zwar nur allgemein \u00e4u\u00dfern. Von Insidern der Verwaltung hei\u00dft es jedoch, in derartige Gespr\u00e4che sei man derzeit nicht eingebunden. <\/p>\n","protected":false},"excerpt":{"rendered":"Das Land Berlin f\u00fchrt allem Anschein nach bislang keine Gespr\u00e4che zu einem m\u00f6glichen R\u00fcckkauf des Hochhaus-Gerippes am Steglitzer&hellip;\n","protected":false},"author":2,"featured_media":590391,"comment_status":"","ping_status":"","sticky":false,"template":"","format":"standard","meta":{"footnotes":""},"categories":[1825],"tags":[17655,10034,296,5006,31,29,30,2384,523],"class_list":{"0":"post-590390","1":"post","2":"type-post","3":"status-publish","4":"format-standard","5":"has-post-thumbnail","7":"category-berlin","8":"tag-baustellen","9":"tag-bauwirtschaft","10":"tag-berlin","11":"tag-bezirke","12":"tag-cdu","13":"tag-deutschland","14":"tag-germany","15":"tag-kai-wegner","16":"tag-steglitz-zehlendorf"},"share_on_mastodon":{"url":"https:\/\/pubeurope.com\/@de\/115584455460570313","error":""},"_links":{"self":[{"href":"https:\/\/www.europesays.com\/de\/wp-json\/wp\/v2\/posts\/590390","targetHints":{"allow":["GET"]}}],"collection":[{"href":"https:\/\/www.europesays.com\/de\/wp-json\/wp\/v2\/posts"}],"about":[{"href":"https:\/\/www.europesays.com\/de\/wp-json\/wp\/v2\/types\/post"}],"author":[{"embeddable":true,"href":"https:\/\/www.europesays.com\/de\/wp-json\/wp\/v2\/users\/2"}],"replies":[{"embeddable":true,"href":"https:\/\/www.europesays.com\/de\/wp-json\/wp\/v2\/comments?post=590390"}],"version-history":[{"count":0,"href":"https:\/\/www.europesays.com\/de\/wp-json\/wp\/v2\/posts\/590390\/revisions"}],"wp:featuredmedia":[{"embeddable":true,"href":"https:\/\/www.europesays.com\/de\/wp-json\/wp\/v2\/media\/590391"}],"wp:attachment":[{"href":"https:\/\/www.europesays.com\/de\/wp-json\/wp\/v2\/media?parent=590390"}],"wp:term":[{"taxonomy":"category","embeddable":true,"href":"https:\/\/www.europesays.com\/de\/wp-json\/wp\/v2\/categories?post=590390"},{"taxonomy":"post_tag","embeddable":true,"href":"https:\/\/www.europesays.com\/de\/wp-json\/wp\/v2\/tags?post=590390"}],"curies":[{"name":"wp","href":"https:\/\/api.w.org\/{rel}","templated":true}]}}