{"id":590392,"date":"2025-11-20T22:46:13","date_gmt":"2025-11-20T22:46:13","guid":{"rendered":"https:\/\/www.europesays.com\/de\/590392\/"},"modified":"2025-11-20T22:46:13","modified_gmt":"2025-11-20T22:46:13","slug":"fuechse-bauen-siegesserie-in-champions-league-mit-3329-gegen-sporting-aus","status":"publish","type":"post","link":"https:\/\/www.europesays.com\/de\/590392\/","title":{"rendered":"F\u00fcchse bauen Siegesserie in Champions League mit 33:29 gegen Sporting aus"},"content":{"rendered":"<p>Vor 5.625 Zuschauenden in der Max-Schmeling-Halle starteten beide Teams \u2013 anders als noch im Hinspiel vor einer Woche \u2013 verhalten und abtastend in die Begegnung. Nach mehreren Fehlversuchen h\u00fcben wie dr\u00fcben erzielte Martim Costa nach knapp zwei Minuten den ersten Treffer des Abends und brachte die G\u00e4ste aus Portugal so zun\u00e4chst in F\u00fchrung.<\/p>\n<p>Lasse Ludwig, der im F\u00fcchse-Tor begann, brillierte in der Folge mit mehreren Paraden und verhinderte einen h\u00f6heren R\u00fcckstand seiner Mannschaft. Es blieb zun\u00e4chst eine etwas zerfahrene erste H\u00e4lfte, doch mit einem schnellen 4:0-Lauf erarbeiteten sich die F\u00fcchse in der 14. Minute die erste F\u00fchrung und kurz darauf den ersten Zwei-Tore-Vorsprung in diesem Duell (8:6).<\/p>\n<p>Bis zur Pause blieb es ein ausgeglichenes Duell, in dem die Hausherren die F\u00fchrung zwar nicht wieder hergaben, sich aber auch nicht entscheidend absetzen konnten. Mit dem Zwischenstand von 16:13 ging es in die Kabinen.<\/p>\n","protected":false},"excerpt":{"rendered":"Vor 5.625 Zuschauenden in der Max-Schmeling-Halle starteten beide Teams \u2013 anders als noch im Hinspiel vor einer Woche&hellip;\n","protected":false},"author":2,"featured_media":590393,"comment_status":"","ping_status":"","sticky":false,"template":"","format":"standard","meta":{"footnotes":""},"categories":[1825],"tags":[296,29,1933,30,1391,265],"class_list":{"0":"post-590392","1":"post","2":"type-post","3":"status-publish","4":"format-standard","5":"has-post-thumbnail","7":"category-berlin","8":"tag-berlin","9":"tag-deutschland","10":"tag-fuechse-berlin","11":"tag-germany","12":"tag-handball","13":"tag-sport"},"share_on_mastodon":{"url":"https:\/\/pubeurope.com\/@de\/115584459369169036","error":""},"_links":{"self":[{"href":"https:\/\/www.europesays.com\/de\/wp-json\/wp\/v2\/posts\/590392","targetHints":{"allow":["GET"]}}],"collection":[{"href":"https:\/\/www.europesays.com\/de\/wp-json\/wp\/v2\/posts"}],"about":[{"href":"https:\/\/www.europesays.com\/de\/wp-json\/wp\/v2\/types\/post"}],"author":[{"embeddable":true,"href":"https:\/\/www.europesays.com\/de\/wp-json\/wp\/v2\/users\/2"}],"replies":[{"embeddable":true,"href":"https:\/\/www.europesays.com\/de\/wp-json\/wp\/v2\/comments?post=590392"}],"version-history":[{"count":0,"href":"https:\/\/www.europesays.com\/de\/wp-json\/wp\/v2\/posts\/590392\/revisions"}],"wp:featuredmedia":[{"embeddable":true,"href":"https:\/\/www.europesays.com\/de\/wp-json\/wp\/v2\/media\/590393"}],"wp:attachment":[{"href":"https:\/\/www.europesays.com\/de\/wp-json\/wp\/v2\/media?parent=590392"}],"wp:term":[{"taxonomy":"category","embeddable":true,"href":"https:\/\/www.europesays.com\/de\/wp-json\/wp\/v2\/categories?post=590392"},{"taxonomy":"post_tag","embeddable":true,"href":"https:\/\/www.europesays.com\/de\/wp-json\/wp\/v2\/tags?post=590392"}],"curies":[{"name":"wp","href":"https:\/\/api.w.org\/{rel}","templated":true}]}}