{"id":590596,"date":"2025-11-21T00:45:15","date_gmt":"2025-11-21T00:45:15","guid":{"rendered":"https:\/\/www.europesays.com\/de\/590596\/"},"modified":"2025-11-21T00:45:15","modified_gmt":"2025-11-21T00:45:15","slug":"los-angeles-chadwick-boseman-posthum-mit-hollywood-stern-gefeiert","status":"publish","type":"post","link":"https:\/\/www.europesays.com\/de\/590596\/","title":{"rendered":"Los Angeles | Chadwick Boseman posthum mit Hollywood-Stern gefeiert"},"content":{"rendered":"<p>Los Angeles (dpa) &#8211; F\u00fcnf Jahre nach seinem Tod ist der vielfach preisgekr\u00f6nte US-Schauspieler Chadwick Boseman mit einem Stern auf Hollywoods \u00abWalk of Fame\u00bb verewigt worden. Bei der Enth\u00fcllung der 2828. Namensplakette auf dem ber\u00fchmten B\u00fcrgersteig gab es tr\u00e4nenreiche Tribute und Erinnerungen an den \u00abBlack Panther\u00bb-Star. Mit nur 43 Jahren war er im August 2020 an Krebs gestorben.\u00a0<\/p>\n<p>Tr\u00e4nenreiche Tribute<\/p>\n<p>Die Witwe des Schauspielers, Simone Ledward-Boseman, sprach von einem Verm\u00e4chtnis des Stars als \u00abIkone und Held\u00bb. Er sei mehr als nur Schauspieler und K\u00fcnstler gewesen &#8211; ein \u00abspiritueller Lehrer\u00bb, dem Familie und Glaube wichtig gewesen sei. \u00abBlack Panther\u00bb-Regisseur Ryan Coogler (39) erinnerte unter Tr\u00e4nen an einen \u00abweisen, gro\u00dfz\u00fcgigen\u00bb Mann, der bei den Dreharbeiten alles gegeben habe, auch als er schon schwer an Krebs erkrankt war.\u00a0<\/p>\n<p>Seine letzte Filmrolle hatte Boseman 2020 in dem Drama \u00abMa Rainey`s Black Bottom\u00bb als Jazz-Trompeter in den 1920er Jahren in Chicago. Viola Davis (60) verk\u00f6rperte darin die Blues-S\u00e4ngerin und Musik-Pionierin Gertrude \u00abMa\u00bb Rainey. Als Gastrednerin auf dem\u00abWalk of Fame\u00bb sagte die Oscar-Preistr\u00e4gerin, dass sie immer noch glauben wolle, dass der Schauspieler am Leben sei. Neben Hunderten Zuschauern und Fotografen wohnten auch Filmschaffende wie Letitia Wright und Michael B. Jordan der Zeremonie bei.\u00a0<\/p>\n<p>Golden Globe posthum verliehen<\/p>\n<p>Seine Hauptrolle als K\u00f6nigssohn T`Challa in der Comic-Verfilmung \u00abBlack Panther\u00bb unter Cooglers Regie hatte Boseman zum Star gemacht. Die an den Kinokassen sensationell erfolgreiche Produktion von 2018 war der erste Superheldenfilm mit fast ausschlie\u00dflich schwarzen Akteuren vor und hinter der Kamera.<\/p>\n<p>In Hollywood war Boseman erstmals 2013 mit der Rolle des Baseballstars Jackie Robinson im Sportdrama \u00ab42\u00bb aufgefallen. Er wirkte auch in Werken wie \u00abGet On Up\u00bb, \u00abAvengers: Infinity War\u00bb, \u00ab21 Bridges\u00bb und \u00abDa 5 Bloods\u00bb mit. F\u00fcr seine letzte Filmrolle in dem Drama \u00abMa Rainey`s Black Bottom\u00bb wurde er im M\u00e4rz 2021 posthum mit dem Golden Globe als bester Drama-Darsteller ausgezeichnet.<\/p>\n","protected":false},"excerpt":{"rendered":"Los Angeles (dpa) &#8211; F\u00fcnf Jahre nach seinem Tod ist der vielfach preisgekr\u00f6nte US-Schauspieler Chadwick Boseman mit einem&hellip;\n","protected":false},"author":2,"featured_media":590597,"comment_status":"","ping_status":"","sticky":false,"template":"","format":"standard","meta":{"footnotes":""},"categories":[1841],"tags":[22438,1605,3364,29,92,30,2549,1209,64],"class_list":{"0":"post-590596","1":"post","2":"type-post","3":"status-publish","4":"format-standard","5":"has-post-thumbnail","7":"category-bielefeld","8":"tag-auszeichnungen","9":"tag-bielefeld","10":"tag-de","11":"tag-deutschland","12":"tag-film","13":"tag-germany","14":"tag-leute","15":"tag-nordrhein-westfalen","16":"tag-usa"},"share_on_mastodon":{"url":"https:\/\/pubeurope.com\/@de\/115584927370995835","error":""},"_links":{"self":[{"href":"https:\/\/www.europesays.com\/de\/wp-json\/wp\/v2\/posts\/590596","targetHints":{"allow":["GET"]}}],"collection":[{"href":"https:\/\/www.europesays.com\/de\/wp-json\/wp\/v2\/posts"}],"about":[{"href":"https:\/\/www.europesays.com\/de\/wp-json\/wp\/v2\/types\/post"}],"author":[{"embeddable":true,"href":"https:\/\/www.europesays.com\/de\/wp-json\/wp\/v2\/users\/2"}],"replies":[{"embeddable":true,"href":"https:\/\/www.europesays.com\/de\/wp-json\/wp\/v2\/comments?post=590596"}],"version-history":[{"count":0,"href":"https:\/\/www.europesays.com\/de\/wp-json\/wp\/v2\/posts\/590596\/revisions"}],"wp:featuredmedia":[{"embeddable":true,"href":"https:\/\/www.europesays.com\/de\/wp-json\/wp\/v2\/media\/590597"}],"wp:attachment":[{"href":"https:\/\/www.europesays.com\/de\/wp-json\/wp\/v2\/media?parent=590596"}],"wp:term":[{"taxonomy":"category","embeddable":true,"href":"https:\/\/www.europesays.com\/de\/wp-json\/wp\/v2\/categories?post=590596"},{"taxonomy":"post_tag","embeddable":true,"href":"https:\/\/www.europesays.com\/de\/wp-json\/wp\/v2\/tags?post=590596"}],"curies":[{"name":"wp","href":"https:\/\/api.w.org\/{rel}","templated":true}]}}