{"id":590662,"date":"2025-11-21T01:29:14","date_gmt":"2025-11-21T01:29:14","guid":{"rendered":"https:\/\/www.europesays.com\/de\/590662\/"},"modified":"2025-11-21T01:29:14","modified_gmt":"2025-11-21T01:29:14","slug":"hessen-600-000-euro-weniger-bund-streicht-mousonturm-foerderung-frankfurt-veraergert","status":"publish","type":"post","link":"https:\/\/www.europesays.com\/de\/590662\/","title":{"rendered":"Hessen: 600.000 Euro weniger: Bund streicht Mousonturm-F\u00f6rderung \u2013 Frankfurt ver\u00e4rgert"},"content":{"rendered":"<p>            <img loading=\"lazy\" decoding=\"async\" class=\"ts-image\" src=\"https:\/\/www.europesays.com\/de\/wp-content\/uploads\/2025\/11\/hr-das-kuenstlerhaus-mousonturm-wurde-1988-als-eines-der-ersten-freien-produktionshaeuser-in-deutsch.jpeg\" alt=\"Foto eines Geb\u00e4udes aus der Froschperspektive, an der Geb\u00e4udeecke ein Schild &quot;Mouson&quot;.\" title=\"Das K\u00fcnstlerhaus Mousonturm wurde 1988 als eines der ersten Freien Produktionsh\u00e4user in Deutschland er\u00f6ffnet. Es verbindet lokale und globale Kunst miteinander. | IMAGO \/ imagebroker\"\/><\/p>\n<p class=\"metatextline\">Stand: 20.11.2025 19:54 Uhr<\/p>\n<p class=\"textabsatz columns twelve  m-ten  m-offset-one l-eight l-offset-two\">\n        <strong>Trotz Rekordetat des Bundes fallen wichtige Kulturprojekte aus der F\u00f6rderung \u2013 darunter auch der Frankfurter Mousonturm. Die Kulturdezernentin der Stadt reagiert emp\u00f6rt.<\/strong>\n    <\/p>\n<p class=\"textabsatz m-ten m-offset-one l-eight l-offset-two columns twelve\">Der Kulturetat des Bundes steigt um zehn Prozent auf die Rekordsumme von 2,57 Milliarden Euro &#8211; und doch fallen zahlreiche bundesweit relevante Netzwerke und Projekte aus der F\u00f6rderung. Betroffen ist auch der Frankfurter Mousonturm als eines von sieben Partnerh\u00e4usern des &#8222;B\u00fcndnis internationaler Produktionsh\u00e4user&#8220;.<\/p>\n<p class=\"textabsatz m-ten m-offset-one l-eight l-offset-two columns twelve\">Das werde zu erheblichen Einschr\u00e4nkungen f\u00fchren, teilte die Frankfurter Kulturdezernentin Ina Hartwig (SPD) am Donnerstag mit und zeigte sich ver\u00e4rgert.<\/p>\n<p>    Hartwig: Unverzichtbar f\u00fcr Kulturlandschaft Frankfurts<\/p>\n<p class=\"textabsatz m-ten m-offset-one l-eight l-offset-two columns twelve\">Die Entscheidung, die Mittel zu streichen, habe auf die betroffenen Kommunen eine erhebliche Auswirkungen. &#8222;Der Mousonturm als st\u00e4dtische Gesellschaft ist mit seinem innovativen und international renommierten Angebot f\u00fcr die Kulturlandschaft Frankfurts unverzichtbar&#8220;, schreibt Hartwig in einer Mitteilung.<\/p>\n<p class=\"textabsatz m-ten m-offset-one l-eight l-offset-two columns twelve\">&#8222;Wir werden das Haus nach Kr\u00e4ften weiterhin unterst\u00fctzen und stehen dazu seit Monaten in engem Austausch mit dem Mousonturm&#8220;, bekr\u00e4ftigte Hartwig weiter.<\/p>\n<p class=\"textabsatz m-ten m-offset-one l-eight l-offset-two columns twelve\">Die Streichung <a href=\"https:\/\/www.hessenschau.de\/kultur\/kuerzungen-im-bundeshaushalt-frankfurter-mousonturm-soll-600000-euro-weniger-bekommen-v1,kuerzungen-freie-theaterszene-bundeshaushalt-mousonturm-100.html\" title=\"deutete sich seit Monaten an\" class=\"textlink--extern\" target=\"_blank\" rel=\"noopener nofollow\">deutete sich seit Monaten an<\/a>, schien unter der Ampel-Regierung zuletzt aber abgewendet. Zuletzt hatte die damalige Kulturstaatsministerin Claudia Roth\u00a0(Gr\u00fcne) eine F\u00f6rderung von 1,8 Millionen Euro f\u00fcr das B\u00fcndnis in Aussicht gestellt. Diese kommt unter der neuen Regierung nun jedoch nicht.<\/p>\n<p class=\"textabsatz m-ten m-offset-one l-eight l-offset-two columns twelve\">Dadurch ende &#8222;eine langj\u00e4hrige und erfolgreiche Kooperation der sieben bedeutendsten Produktionsh\u00e4user f\u00fcr zeitgen\u00f6ssische Darstellende K\u00fcnste, die mit ihrer Arbeit internationale Perspektiven mit K\u00fcnstlerinnen und Stadtgesellschaften vor Ort zusammenbringen&#8220;, schreibt Hartwig weiter.<\/p>\n<p>    Frankfurt will &#8222;Schaden begrenzen&#8220;<\/p>\n<p class=\"textabsatz m-ten m-offset-one l-eight l-offset-two columns twelve\">F\u00fcr diese Arbeit habe das B\u00fcndnis zuletzt j\u00e4hrlich insgesamt 5 Millionen Euro aus Berlin bekommen, auf den Mousonturm waren 600.000 Euro entfallen.<\/p>\n<p class=\"textabsatz m-ten m-offset-one l-eight l-offset-two columns twelve\">Die Stadt Frankfurt f\u00f6rdert den Mousonturm mit j\u00e4hrlich \u00fcber vier Millionen Euro. &#8222;Wir als Kommune werden alles daf\u00fcr tun, den Schaden zu begrenzen&#8220;, beteuerte Hartwig. &#8222;Gl\u00fccklich, das kann ich offen sagen, sind wir mit den aktuellen Entscheidungen aus Berlin nicht.&#8220;<\/p>\n<p class=\"textabsatz m-ten m-offset-one l-eight l-offset-two columns twelve\">Zum &#8222;B\u00fcndnis Internationaler Produktionsh\u00e4user&#8220; geh\u00f6ren das FFT D\u00fcsseldorf, HAU Hebbel am Ufer (Berlin), HELLERAU &#8211; Europ\u00e4isches Zentrum der K\u00fcnste (Dresden), Kampnagel (Hamburg), K\u00fcnstler*innenhaus Mousonturm (Frankfurt am Main), PACT Zollverein (Essen) sowie das tanzhaus nrw (D\u00fcsseldorf). Im Sommer dieses Jahres feierte das B\u00fcndnis sein zehnj\u00e4hriges Bestehen.<\/p>\n<p class=\"textabsatz m-ten m-offset-one l-eight l-offset-two columns twelve\">Sendung: hr INFO, 20.11.25, 21:00 Uhr<\/p>\n<p>                                        <a class=\"backlink__link\" href=\"https:\/\/www.hessenschau.de\/kultur\/600000-euro-weniger-bund-streicht-mousonturm-foerderung--frankfurt-veraergert-v1,mousonturm-verliert-foerderung-100.html\" rel=\"nofollow noopener\" target=\"_blank\"><\/p>\n<p>                                                <img decoding=\"async\" src=\"https:\/\/images.tagesschau.de\/image\/d5dbef2b-a561-4a5d-8a3f-af75f4c80994\/AAABlap_bik\/AAABmgWnBPY\/original\/lra-hr-logo-100.svg\" alt=\"Hessischer Rundfunk\"\/><\/p>\n<p>                                        <\/a><\/p>\n","protected":false},"excerpt":{"rendered":"Stand: 20.11.2025 19:54 Uhr Trotz Rekordetat des Bundes fallen wichtige Kulturprojekte aus der F\u00f6rderung \u2013 darunter auch der&hellip;\n","protected":false},"author":2,"featured_media":590663,"comment_status":"","ping_status":"","sticky":false,"template":"","format":"standard","meta":{"footnotes":""},"categories":[1829],"tags":[29,2050,2051,30,2052,12591],"class_list":{"0":"post-590662","1":"post","2":"type-post","3":"status-publish","4":"format-standard","5":"has-post-thumbnail","7":"category-frankfurt-am-main","8":"tag-deutschland","9":"tag-frankfurt","10":"tag-frankfurt-am-main","11":"tag-germany","12":"tag-hessen","13":"tag-hr"},"share_on_mastodon":{"url":"https:\/\/pubeurope.com\/@de\/115585101256528249","error":""},"_links":{"self":[{"href":"https:\/\/www.europesays.com\/de\/wp-json\/wp\/v2\/posts\/590662","targetHints":{"allow":["GET"]}}],"collection":[{"href":"https:\/\/www.europesays.com\/de\/wp-json\/wp\/v2\/posts"}],"about":[{"href":"https:\/\/www.europesays.com\/de\/wp-json\/wp\/v2\/types\/post"}],"author":[{"embeddable":true,"href":"https:\/\/www.europesays.com\/de\/wp-json\/wp\/v2\/users\/2"}],"replies":[{"embeddable":true,"href":"https:\/\/www.europesays.com\/de\/wp-json\/wp\/v2\/comments?post=590662"}],"version-history":[{"count":0,"href":"https:\/\/www.europesays.com\/de\/wp-json\/wp\/v2\/posts\/590662\/revisions"}],"wp:featuredmedia":[{"embeddable":true,"href":"https:\/\/www.europesays.com\/de\/wp-json\/wp\/v2\/media\/590663"}],"wp:attachment":[{"href":"https:\/\/www.europesays.com\/de\/wp-json\/wp\/v2\/media?parent=590662"}],"wp:term":[{"taxonomy":"category","embeddable":true,"href":"https:\/\/www.europesays.com\/de\/wp-json\/wp\/v2\/categories?post=590662"},{"taxonomy":"post_tag","embeddable":true,"href":"https:\/\/www.europesays.com\/de\/wp-json\/wp\/v2\/tags?post=590662"}],"curies":[{"name":"wp","href":"https:\/\/api.w.org\/{rel}","templated":true}]}}