{"id":591117,"date":"2025-11-21T05:57:12","date_gmt":"2025-11-21T05:57:12","guid":{"rendered":"https:\/\/www.europesays.com\/de\/591117\/"},"modified":"2025-11-21T05:57:12","modified_gmt":"2025-11-21T05:57:12","slug":"winterwetter-eisige-temperaturen-in-berlin-bsr-streut-vorsorglich-panorama","status":"publish","type":"post","link":"https:\/\/www.europesays.com\/de\/591117\/","title":{"rendered":"Winterwetter &#8211; Eisige Temperaturen in Berlin \u2013 BSR streut vorsorglich &#8211; Panorama"},"content":{"rendered":"<p data-manual=\"paragraph\" data-schema-org-speakable=\"true\" class=\"css-1eosz7k\"><a href=\"https:\/\/www.sueddeutsche.de\/thema\/Berlin\" rel=\"nofollow noopener\" target=\"_blank\">Berlin<\/a> (dpa) &#8211; Angesichts der eisigen Temperaturen hat die Berliner Stadtreinigung (BSR) am sp\u00e4ten Donnerstagabend und in der Nacht vorsorglich die Stadtautobahnen und Hauptverkehrsstra\u00dfen gestreut. Wie die BSR auf X mitteilte, sind f\u00fcr den Morgen Kontrollfahrten und bei Bedarf weitere Eins\u00e4tze geplant. Zudem erinnerte der Betrieb daran, dass bei Gl\u00e4tte die Anlieger f\u00fcr die Gehwege verantwortlich sind.<\/p>\n<p>Plattform XDie SZ-Redaktion hat diesen Artikel mit einem Inhalt von X Corp. angereichert<\/p>\n<p class=\"css-kxe210\">Um Ihre Daten zu sch\u00fctzen, wurde er nicht ohne Ihre Zustimmung geladen.<\/p>\n<p>Inhalt jetzt laden<\/p>\n<p class=\"css-orh8zx\">Ich bin damit einverstanden, dass mir Inhalte von X Corp. angezeigt werden. Damit werden personenbezogene Daten an den Betreiber des Portals zur Nutzungsanalyse \u00fcbermittelt. Mehr Informationen und eine Widerrufsm\u00f6glichkeit finden Sie unter\u00a0<a href=\"https:\/\/datenschutz.sueddeutsche.de\/sz\" class=\"css-lqefuc\" rel=\"nofollow noopener\" target=\"_blank\">sz.de\/datenschutz<\/a>.<\/p>\n<p data-manual=\"paragraph\" data-schema-org-speakable=\"true\" class=\"css-1eosz7k\">\u00a0<\/p>\n<p data-manual=\"paragraph\" data-schema-org-speakable=\"true\" class=\"css-1eosz7k\">Die Nacht war in Berlin frostig: Laut Deutschem Wetterdienst lagen die Temperaturen am Morgen bei minus 3 Grad. Im Tagesverlauf werden in Berlin und <a href=\"https:\/\/www.sueddeutsche.de\/thema\/Brandenburg\" rel=\"nofollow noopener\" target=\"_blank\">Brandenburg<\/a> H\u00f6chstwerte zwischen 1 und 3 Grad erwartet. In der Nacht zum Samstag k\u00fchlt es erneut auf minus 4 bis minus 8 Grad ab \u2013 auch dann k\u00f6nnte es wieder glatt werden.<\/p>\n<p data-manual=\"paragraph\" data-schema-org-speakable=\"true\" class=\"css-1eosz7k\">\u00a9 dpa-infocom, dpa:251121-930-320525\/1<\/p>\n","protected":false},"excerpt":{"rendered":"Berlin (dpa) &#8211; Angesichts der eisigen Temperaturen hat die Berliner Stadtreinigung (BSR) am sp\u00e4ten Donnerstagabend und in der&hellip;\n","protected":false},"author":2,"featured_media":591118,"comment_status":"","ping_status":"","sticky":false,"template":"","format":"standard","meta":{"footnotes":""},"categories":[1825],"tags":[296,1890,29,30,1974,149,601,1973],"class_list":{"0":"post-591117","1":"post","2":"type-post","3":"status-publish","4":"format-standard","5":"has-post-thumbnail","7":"category-berlin","8":"tag-berlin","9":"tag-brandenburg","10":"tag-deutschland","11":"tag-germany","12":"tag-panorama","13":"tag-sueddeutsche-zeitung","14":"tag-verkehr","15":"tag-wetter"},"share_on_mastodon":{"url":"https:\/\/pubeurope.com\/@de\/115586154207476952","error":""},"_links":{"self":[{"href":"https:\/\/www.europesays.com\/de\/wp-json\/wp\/v2\/posts\/591117","targetHints":{"allow":["GET"]}}],"collection":[{"href":"https:\/\/www.europesays.com\/de\/wp-json\/wp\/v2\/posts"}],"about":[{"href":"https:\/\/www.europesays.com\/de\/wp-json\/wp\/v2\/types\/post"}],"author":[{"embeddable":true,"href":"https:\/\/www.europesays.com\/de\/wp-json\/wp\/v2\/users\/2"}],"replies":[{"embeddable":true,"href":"https:\/\/www.europesays.com\/de\/wp-json\/wp\/v2\/comments?post=591117"}],"version-history":[{"count":0,"href":"https:\/\/www.europesays.com\/de\/wp-json\/wp\/v2\/posts\/591117\/revisions"}],"wp:featuredmedia":[{"embeddable":true,"href":"https:\/\/www.europesays.com\/de\/wp-json\/wp\/v2\/media\/591118"}],"wp:attachment":[{"href":"https:\/\/www.europesays.com\/de\/wp-json\/wp\/v2\/media?parent=591117"}],"wp:term":[{"taxonomy":"category","embeddable":true,"href":"https:\/\/www.europesays.com\/de\/wp-json\/wp\/v2\/categories?post=591117"},{"taxonomy":"post_tag","embeddable":true,"href":"https:\/\/www.europesays.com\/de\/wp-json\/wp\/v2\/tags?post=591117"}],"curies":[{"name":"wp","href":"https:\/\/api.w.org\/{rel}","templated":true}]}}