{"id":591162,"date":"2025-11-21T06:23:23","date_gmt":"2025-11-21T06:23:23","guid":{"rendered":"https:\/\/www.europesays.com\/de\/591162\/"},"modified":"2025-11-21T06:23:23","modified_gmt":"2025-11-21T06:23:23","slug":"mehrere-shisha-bars-wegen-verstoessen-kontrolliert-und-illegale-waren-gesichert","status":"publish","type":"post","link":"https:\/\/www.europesays.com\/de\/591162\/","title":{"rendered":"Mehrere Shisha-Bars wegen Verst\u00f6\u00dfen kontrolliert und illegale Waren gesichert"},"content":{"rendered":"<p class=\"mb-6 text-xs md:text-m lg:text-l font-serif group-[.font-sans]:font-sans \">\n    Nach Angaben der Polizei kontrollierten Beamte des Polizeipr\u00e4sidiums Karlsruhe und des Hauptzollamts Karlsruhe am Mittwochabend, 19. November, gemeinsam mehrere Shisha-Bars in Karlsruhe und Bruchsal. Die Kontrollen fanden in der Zeit von 17.30 Uhr bis 22.30 Uhr statt. Mehrere Bars in der Innenstadt Karlsruhe, in Karlsruhe-Neureut und in Bruchsal wurden \u00fcberpr\u00fcft.\n  <\/p>\n<p>            Verst\u00f6\u00dfe in Karlsruhe und Bruchsal festgestellt<\/p>\n<p class=\"mb-6 text-xs md:text-m lg:text-l font-serif group-[.font-sans]:font-sans \">\n    Die Polizei stellte bei den Kontrollen rund 20 Verst\u00f6\u00dfe nach dem Gastst\u00e4ttengesetz und anderen Vorschriften fest. Die Beamten des Hauptzollamts Karlsruhe leiteten insgesamt sechs Strafverfahren wegen Steuerhinterziehung ein. Zus\u00e4tzlich wurden sechs Ordnungswidrigkeitenverfahren wegen Verbrauchsteuergef\u00e4hrdung eingeleitet. Die Beamten stellten 337 Beh\u00e4ltnisse mit illegalen Waren sicher.\n  <\/p>\n<p class=\"mb-6 text-xs md:text-m lg:text-l font-serif group-[.font-sans]:font-sans \">\n    Quelle: <a href=\"https:\/\/www.presseportal.de\/blaulicht\/pm\/110972\/6162952\" rel=\"nofollow noopener\" target=\"_blank\" class=\"underline \">Polizeipr\u00e4sidium Karlsruhe<\/a> Hinweis: Diese Meldung wurde unterst\u00fctzt von KI erstellt.\n  <\/p>\n<ul data-module-id=\"DragDropModule\" class=\"flex flex-wrap justify-start group-[.no-bookmarks]:hidden\">\n<li class=\"mb-3 mr-3\">\n    Karlsruhe<\/p>\n<p>      Icon Haken im Kreis gesetzt<\/p>\n<p>      Icon Plus im Kreis<\/p>\n<\/li>\n<li class=\"mb-3 mr-3\">\n    Polizei<\/p>\n<p>      Icon Haken im Kreis gesetzt<\/p>\n<p>      Icon Plus im Kreis<\/p>\n<\/li>\n<li class=\"mb-3 mr-3\">\n    Bruchsal<\/p>\n<p>      Icon Haken im Kreis gesetzt<\/p>\n<p>      Icon Plus im Kreis<\/p>\n<\/li>\n<\/ul>\n","protected":false},"excerpt":{"rendered":"Nach Angaben der Polizei kontrollierten Beamte des Polizeipr\u00e4sidiums Karlsruhe und des Hauptzollamts Karlsruhe am Mittwochabend, 19. November, gemeinsam&hellip;\n","protected":false},"author":2,"featured_media":506426,"comment_status":"","ping_status":"","sticky":false,"template":"","format":"standard","meta":{"footnotes":""},"categories":[1844],"tags":[1634,82877,3364,29,30,3606,8903,141489,1256,121,11413,5734,5559],"class_list":{"0":"post-591162","1":"post","2":"type-post","3":"status-publish","4":"format-standard","5":"has-post-thumbnail","7":"category-karlsruhe","8":"tag-baden-wuerttemberg","9":"tag-bruchsal","10":"tag-de","11":"tag-deutschland","12":"tag-germany","13":"tag-hauptzollamt","14":"tag-karlsruhe","15":"tag-karlsruhe-neureut","16":"tag-kuenstliche-intelligenz","17":"tag-polizei","18":"tag-polizeipraesidium","19":"tag-steuerhinterziehung","20":"tag-strafverfahren"},"share_on_mastodon":{"url":"https:\/\/pubeurope.com\/@de\/115586256418590543","error":""},"_links":{"self":[{"href":"https:\/\/www.europesays.com\/de\/wp-json\/wp\/v2\/posts\/591162","targetHints":{"allow":["GET"]}}],"collection":[{"href":"https:\/\/www.europesays.com\/de\/wp-json\/wp\/v2\/posts"}],"about":[{"href":"https:\/\/www.europesays.com\/de\/wp-json\/wp\/v2\/types\/post"}],"author":[{"embeddable":true,"href":"https:\/\/www.europesays.com\/de\/wp-json\/wp\/v2\/users\/2"}],"replies":[{"embeddable":true,"href":"https:\/\/www.europesays.com\/de\/wp-json\/wp\/v2\/comments?post=591162"}],"version-history":[{"count":0,"href":"https:\/\/www.europesays.com\/de\/wp-json\/wp\/v2\/posts\/591162\/revisions"}],"wp:featuredmedia":[{"embeddable":true,"href":"https:\/\/www.europesays.com\/de\/wp-json\/wp\/v2\/media\/506426"}],"wp:attachment":[{"href":"https:\/\/www.europesays.com\/de\/wp-json\/wp\/v2\/media?parent=591162"}],"wp:term":[{"taxonomy":"category","embeddable":true,"href":"https:\/\/www.europesays.com\/de\/wp-json\/wp\/v2\/categories?post=591162"},{"taxonomy":"post_tag","embeddable":true,"href":"https:\/\/www.europesays.com\/de\/wp-json\/wp\/v2\/tags?post=591162"}],"curies":[{"name":"wp","href":"https:\/\/api.w.org\/{rel}","templated":true}]}}