{"id":591299,"date":"2025-11-21T07:46:25","date_gmt":"2025-11-21T07:46:25","guid":{"rendered":"https:\/\/www.europesays.com\/de\/591299\/"},"modified":"2025-11-21T07:46:25","modified_gmt":"2025-11-21T07:46:25","slug":"mainbruecke-bei-hochheim-ab-freitagabend-gesperrt","status":"publish","type":"post","link":"https:\/\/www.europesays.com\/de\/591299\/","title":{"rendered":"Mainbr\u00fccke bei Hochheim ab Freitagabend gesperrt"},"content":{"rendered":"<p>Ab Freitagabend : <\/p>\n<p>Mainbr\u00fccke bei Hochheim bis Montag gesperrt<\/p>\n<p>21.11.2025, 07:19Lesezeit: 1 Min.<\/p>\n<p><img decoding=\"async\" alt=\"An der Br\u00fccke m\u00fcssen \u00dcbergangkonstruktionen instand gesetzt werden.\" fetchpriority=\"high\" height=\"2014\" loading=\"eager\"  src=\"https:\/\/www.europesays.com\/de\/wp-content\/uploads\/2025\/11\/an-der-bruecke-muessen.webp.webp\" width=\"3000\" class=\"flex h-auto w-full\" tabindex=\"0\" data-selector=\"header-teaser-image\"\/>Bildbeschreibung ausklappen<\/p>\n<p>An der Br\u00fccke m\u00fcssen \u00dcbergangkonstruktionen instand gesetzt werden.dpa<\/p>\n<p class=\"xs:p1-intro sm:p1-intro-medium flex items-start gap-[10px] pb-[30px]\" data-external-selector=\"header-teaser\">Die Mainbr\u00fccke der Autobahn 671 bei Hochheim muss saniert werden. Daher muss die Strecke mehrmals f\u00fcr eine bestimmte Zeit voll gesperrt werden, am Freitagabend das erste Mal.<\/p>\n","protected":false},"excerpt":{"rendered":"Ab Freitagabend : Mainbr\u00fccke bei Hochheim bis Montag gesperrt 21.11.2025, 07:19Lesezeit: 1 Min. Bildbeschreibung ausklappen An der Br\u00fccke&hellip;\n","protected":false},"author":2,"featured_media":591300,"comment_status":"","ping_status":"","sticky":false,"template":"","format":"standard","meta":{"footnotes":""},"categories":[1847],"tags":[3364,29,548,663,3934,30,13,2052,14,15,12,4544],"class_list":{"0":"post-591299","1":"post","2":"type-post","3":"status-publish","4":"format-standard","5":"has-post-thumbnail","7":"category-wiesbaden","8":"tag-de","9":"tag-deutschland","10":"tag-eu","11":"tag-europa","12":"tag-europe","13":"tag-germany","14":"tag-headlines","15":"tag-hessen","16":"tag-nachrichten","17":"tag-news","18":"tag-schlagzeilen","19":"tag-wiesbaden"},"share_on_mastodon":{"url":"https:\/\/pubeurope.com\/@de\/115586583312669191","error":""},"_links":{"self":[{"href":"https:\/\/www.europesays.com\/de\/wp-json\/wp\/v2\/posts\/591299","targetHints":{"allow":["GET"]}}],"collection":[{"href":"https:\/\/www.europesays.com\/de\/wp-json\/wp\/v2\/posts"}],"about":[{"href":"https:\/\/www.europesays.com\/de\/wp-json\/wp\/v2\/types\/post"}],"author":[{"embeddable":true,"href":"https:\/\/www.europesays.com\/de\/wp-json\/wp\/v2\/users\/2"}],"replies":[{"embeddable":true,"href":"https:\/\/www.europesays.com\/de\/wp-json\/wp\/v2\/comments?post=591299"}],"version-history":[{"count":0,"href":"https:\/\/www.europesays.com\/de\/wp-json\/wp\/v2\/posts\/591299\/revisions"}],"wp:featuredmedia":[{"embeddable":true,"href":"https:\/\/www.europesays.com\/de\/wp-json\/wp\/v2\/media\/591300"}],"wp:attachment":[{"href":"https:\/\/www.europesays.com\/de\/wp-json\/wp\/v2\/media?parent=591299"}],"wp:term":[{"taxonomy":"category","embeddable":true,"href":"https:\/\/www.europesays.com\/de\/wp-json\/wp\/v2\/categories?post=591299"},{"taxonomy":"post_tag","embeddable":true,"href":"https:\/\/www.europesays.com\/de\/wp-json\/wp\/v2\/tags?post=591299"}],"curies":[{"name":"wp","href":"https:\/\/api.w.org\/{rel}","templated":true}]}}