{"id":591425,"date":"2025-11-21T09:00:13","date_gmt":"2025-11-21T09:00:13","guid":{"rendered":"https:\/\/www.europesays.com\/de\/591425\/"},"modified":"2025-11-21T09:00:13","modified_gmt":"2025-11-21T09:00:13","slug":"us-handelspolitik-usa-schaffen-strafzoelle-auf-waren-aus-brasilien-wieder-ab","status":"publish","type":"post","link":"https:\/\/www.europesays.com\/de\/591425\/","title":{"rendered":"US-Handelspolitik: USA schaffen Strafz\u00f6lle auf Waren aus Brasilien wieder ab"},"content":{"rendered":"<p class=\"paragraph article__item\">Die US-Regierung hebt die erst im Sommer verh\u00e4ngten Strafz\u00f6lle auf Lebensmittelimporte aus <a class=\"rtr-entity\" href=\"https:\/\/www.zeit.de\/thema\/brasilien\" target=\"_blank\" rel=\"noopener\">Brasilien<\/a> auf. Die Importgeb\u00fchr von 40 Prozent auf\u00a0Rindfleisch, Kaffee und verschiedene Fr\u00fcchte aus Brasilien werde nicht mehr erhoben, teilte die Trump-Regierung mit. Die Anordnung gilt r\u00fcckwirkend ab dem 13. November. Bereits gezahlte Z\u00f6lle k\u00f6nnten erstattet werden.\u00a0\n<\/p>\n<p class=\"paragraph article__item\">Nach Angaben des Wei\u00dfen Hauses folgt die Aufhebung der Z\u00f6lle auf Gespr\u00e4che zwischen Trump und <a href=\"https:\/\/www.zeit.de\/politik\/ausland\/2025-09\/trump-lula-bolsonaro-usa-brasilien\" class=\"\" target=\"_blank\" rel=\"noopener\">Brasiliens Staatschef Luiz In\u00e1cio Lula da Silva<\/a>.\u00a0Trump stand in den <a class=\"rtr-entity\" href=\"https:\/\/www.zeit.de\/thema\/usa\" target=\"_blank\" rel=\"noopener\">USA<\/a> zuletzt zunehmend wegen steigender Lebensmittelpreise unter Druck.\n<\/p>\n<p>                        Bolsonaro wegen versuchten Staatsstreichs zu Haftstrafe verurteilt        <\/p>\n<p class=\"paragraph article__item\">Die USA hatten die Z\u00f6lle im Juli als Reaktion auf die <a href=\"https:\/\/www.zeit.de\/politik\/ausland\/2025-09\/prozess-jair-bolsonaro-brasilien-putsch-justiz-demokratie\" class=\"\" target=\"_blank\" rel=\"noopener\">strafrechtliche Verfolgung von Brasiliens ehemaligem Pr\u00e4sidenten Jair Bolsonaro<\/a> eingef\u00fchrt. Im September wurde Bolsonaro schlie\u00dflich wegen eines versuchten Staatsstreichs zu mehr als 27 Jahren Haft verurteilt. Trump hatte das Vorgehen gegen Bolsonaro als politisch motiviert bezeichnet.\u00a0\n<\/p>\n<p class=\"paragraph article__item\">Brasiliens Pr\u00e4sident Lula begr\u00fc\u00dfte die Entscheidung und sagte, er sei<br \/>\n&#8222;gl\u00fccklich&#8220;. &#8222;Diese Dinge werden geschehen, wenn wir es schaffen, den<br \/>\nRespekt der Menschen zu gewinnen&#8220;, sagte er. Brasilien liefert ein Drittel des in den<br \/>\nUSA konsumierten Kaffees und hat sich in j\u00fcngster Zeit zu einem<br \/>\nwichtigen Lieferanten von Rindfleisch entwickelt.\n<\/p>\n<p class=\"paragraph article__item\">Die Preise f\u00fcr <a class=\"rtr-entity\" href=\"https:\/\/www.zeit.de\/thema\/lebensmittel\" target=\"_blank\" rel=\"noopener\">Lebensmittel<\/a> waren in den USA in den vergangenen Monaten deutlich gestiegen. Nach den j\u00fcngsten verf\u00fcgbaren Daten f\u00fcr<br \/>\nSeptember war Hackfleisch vom Rind fast 13 Prozent teurer als im<br \/>\nVorjahr, Steaks kosteten fast 17 Prozent mehr. Die Preise f\u00fcr<br \/>\nBananen lagen rund sieben Prozent h\u00f6her. Bereits vor einigen Tagen hatte Trump <a href=\"https:\/\/www.zeit.de\/politik\/ausland\/2025-11\/zoelle-lebensmittel-usa-ruecknahme-gxe\" class=\"\" target=\"_blank\" rel=\"noopener\">einige seiner selbst verh\u00e4ngten Z\u00f6lle auf Lebensmittel wieder abgeschafft<\/a>. Zuvor hatte der US-Pr\u00e4sident lange darauf beharrt, dass die Einfuhrz\u00f6lle die Inflation nicht anheizen w\u00fcrden.\u00a0\n<\/p>\n<p>            Donald Trumps Zollpolitik        <\/p>\n<p>Mehr zum Thema<\/p>\n<p>                <a href=\"https:\/\/www.zeit.de\/politik\/ausland\/2025-11\/einigung-zollstreit-usa-schweiz-zoelle-abkommen\" data-ct-label=\"USA und Schweiz: 200 Milliarden Franken und eine Rolex f\u00fcr Donald Trump\" target=\"_blank\" rel=\"noopener\"><\/p>\n<p>                        USA und Schweiz:<br \/>\n                        200 Milliarden Franken und eine Rolex f\u00fcr Donald Trump<\/p>\n<p>                <\/a><\/p>\n<p>                <a href=\"https:\/\/www.zeit.de\/wirtschaft\/2025-10\/chinesische-handelsrouten-exporte-europa-usa-zoelle-container\" data-ct-label=\"Chinesische Handelsrouten: Nicht bestellt, trotzdem geliefert\" target=\"_blank\" rel=\"noopener\"><\/p>\n<p>                        Chinesische Handelsrouten:<br \/>\n                        Nicht bestellt, trotzdem geliefert<\/p>\n<p>                <\/a><\/p>\n","protected":false},"excerpt":{"rendered":"Die US-Regierung hebt die erst im Sommer verh\u00e4ngten Strafz\u00f6lle auf Lebensmittelimporte aus Brasilien auf. Die Importgeb\u00fchr von 40&hellip;\n","protected":false},"author":2,"featured_media":591426,"comment_status":"","ping_status":"","sticky":false,"template":"","format":"standard","meta":{"footnotes":""},"categories":[3],"tags":[5697,106,13,77029,702,14,15,16,12,10,8,9,11,54190,1492,64,103,104],"class_list":{"0":"post-591425","1":"post","2":"type-post","3":"status-publish","4":"format-standard","5":"has-post-thumbnail","7":"category-welt","8":"tag-brasilien","9":"tag-donald-trump","10":"tag-headlines","11":"tag-jair-bolsonaro","12":"tag-lebensmittel","13":"tag-nachrichten","14":"tag-news","15":"tag-politik","16":"tag-schlagzeilen","17":"tag-top-news","18":"tag-top-meldungen","19":"tag-topmeldungen","20":"tag-topnews","21":"tag-us-handelspolitik","22":"tag-us-zoelle","23":"tag-usa","24":"tag-welt","25":"tag-world"},"share_on_mastodon":{"url":"https:\/\/pubeurope.com\/@de\/115586873843803059","error":""},"_links":{"self":[{"href":"https:\/\/www.europesays.com\/de\/wp-json\/wp\/v2\/posts\/591425","targetHints":{"allow":["GET"]}}],"collection":[{"href":"https:\/\/www.europesays.com\/de\/wp-json\/wp\/v2\/posts"}],"about":[{"href":"https:\/\/www.europesays.com\/de\/wp-json\/wp\/v2\/types\/post"}],"author":[{"embeddable":true,"href":"https:\/\/www.europesays.com\/de\/wp-json\/wp\/v2\/users\/2"}],"replies":[{"embeddable":true,"href":"https:\/\/www.europesays.com\/de\/wp-json\/wp\/v2\/comments?post=591425"}],"version-history":[{"count":0,"href":"https:\/\/www.europesays.com\/de\/wp-json\/wp\/v2\/posts\/591425\/revisions"}],"wp:featuredmedia":[{"embeddable":true,"href":"https:\/\/www.europesays.com\/de\/wp-json\/wp\/v2\/media\/591426"}],"wp:attachment":[{"href":"https:\/\/www.europesays.com\/de\/wp-json\/wp\/v2\/media?parent=591425"}],"wp:term":[{"taxonomy":"category","embeddable":true,"href":"https:\/\/www.europesays.com\/de\/wp-json\/wp\/v2\/categories?post=591425"},{"taxonomy":"post_tag","embeddable":true,"href":"https:\/\/www.europesays.com\/de\/wp-json\/wp\/v2\/tags?post=591425"}],"curies":[{"name":"wp","href":"https:\/\/api.w.org\/{rel}","templated":true}]}}