{"id":591431,"date":"2025-11-21T09:03:13","date_gmt":"2025-11-21T09:03:13","guid":{"rendered":"https:\/\/www.europesays.com\/de\/591431\/"},"modified":"2025-11-21T09:03:13","modified_gmt":"2025-11-21T09:03:13","slug":"hllanzeiger-gutes-tun-in-der-advents","status":"publish","type":"post","link":"https:\/\/www.europesays.com\/de\/591431\/","title":{"rendered":"H@llAnzeiger &#8211; Gutes tun in der Advents"},"content":{"rendered":"<p><img decoding=\"async\" src=\"https:\/\/www.europesays.com\/de\/wp-content\/uploads\/2025\/11\/weihnachten18-678x381.jpg\" alt=\"Weihnachten\" title=\"weihnachten18\"\/><br \/>\n\u00a9 H@llAnzeiger<\/p>\n<p><strong>Online-Infoveranstaltung der Freiwilligen-Agentur\u00a0<\/strong><\/p>\n<p>Halle. FWA. Die Adventszeit ist die perfekte Gelegenheit, etwas Gutes zu tun und anderen Menschen Freude zu schenken. Alle, die sich in dieser besonderen Zeit freiwillig engagieren m\u00f6chten, l\u00e4dt die Freiwilligen-Agentur Halle am Dienstag, den <strong>25. November, <\/strong>von<strong> 17 bis 18 Uhr<\/strong> zur <strong>Online-Infoveranstaltung \u201eEngagierBar\u201c<\/strong> ein.<\/p>\n<p>Vielf\u00e4ltige Einsatzm\u00f6glichkeiten: Freude schenken in der Advents- und Weihnachtszeit<\/p>\n<p>Von der Gestaltung von Adventsgr\u00fc\u00dfen f\u00fcr \u00e4ltere Menschen \u00fcber Unterst\u00fctzung bei einem inklusiven Adventsmarkt bis hin zum gemeinsamen Singen an Heiligabend im Krankenhaus \u2013 die M\u00f6glichkeiten, Gutes zu tun, sind vielf\u00e4ltig. Die Veranstaltung bietet einen umfassenden \u00dcberblick dar\u00fcber, wo in Halle engagierte Helferinnen und Helfer gesucht werden.<\/p>\n<p>Die EngagierBar richtet sich an alle, die sich f\u00fcr gemeinn\u00fctzige Projekte interessieren, neue Aufgaben suchen oder Gleichgesinnte kennenlernen m\u00f6chten. Die Freiwilligen-Agentur gibt zahlreiche Tipps und vermittelt Inspiration, wie man sich besonders in der Advents- und Weihnachtszeit sinnvoll engagieren kann.<\/p>\n<p>Die <strong>Online-Infoveranstaltung<\/strong> findet \u00fcber das Tool <strong>Zoom<\/strong> statt. Der Zugangslink wird nach der Anmeldung zugeschickt.<\/p>\n<p><strong>Anmeldung und Teilnahme<\/strong><br \/>Die Teilnahme ist kostenfrei, eine Anmeldung jedoch erforderlich. Interessierte k\u00f6nnen sich \u00fcber die Volkshochschule Halle oder online unter <a href=\"http:\/\/www.freiwilligenagentur-halle.de\/veranstaltungen\" target=\"_blank\" rel=\"noopener nofollow\">www.freiwilligenagentur-halle.de\/veranstaltungen<\/a> oder telefonisch unter <strong>0345 200 28 10<\/strong> anmelden.<\/p>\n<p><strong>Kontakt und Informationen: <br \/><\/strong>Freiwilligen-Agentur Halle (Saale) e.V.<br \/>Antje Lehmann, Sulamith Fenkl-Ebert<br \/>Leipziger Str. 82 | 06108 Halle (Saale)<br \/>Telefon 0345\/ 200 28 10<br \/>E-Mail <a href=\"https:\/\/www.hallanzeiger.de\/aktuelle_lokale_nachrichten\/mailto:halle@freiwilligen-agentur.de\" rel=\"nofollow noopener\" target=\"_blank\">halle@freiwilligen-agentur.de<\/a>\u00a0<br \/><a href=\"http:\/\/www.freiwilligenagentur-halle.de\" target=\"_blank\" rel=\"noopener nofollow\">www.freiwilligenagentur-halle.de<\/a> | <a href=\"http:\/\/www.engagiert-in-halle.de\" target=\"_blank\" rel=\"noopener nofollow\">www.engagiert-in-halle.de<\/a><\/p>\n","protected":false},"excerpt":{"rendered":"\u00a9 H@llAnzeiger Online-Infoveranstaltung der Freiwilligen-Agentur\u00a0 Halle. FWA. Die Adventszeit ist die perfekte Gelegenheit, etwas Gutes zu tun und&hellip;\n","protected":false},"author":2,"featured_media":591432,"comment_status":"","ping_status":"","sticky":false,"template":"","format":"standard","meta":{"footnotes":""},"categories":[1860],"tags":[3364,29,548,663,3934,30,4062,17332,13,14,15,17331,860,12],"class_list":{"0":"post-591431","1":"post","2":"type-post","3":"status-publish","4":"format-standard","5":"has-post-thumbnail","7":"category-halle-saale","8":"tag-de","9":"tag-deutschland","10":"tag-eu","11":"tag-europa","12":"tag-europe","13":"tag-germany","14":"tag-halle","15":"tag-halle-saale","16":"tag-headlines","17":"tag-nachrichten","18":"tag-news","19":"tag-saale","20":"tag-sachsen-anhalt","21":"tag-schlagzeilen"},"share_on_mastodon":{"url":"https:\/\/pubeurope.com\/@de\/115586886382613888","error":""},"_links":{"self":[{"href":"https:\/\/www.europesays.com\/de\/wp-json\/wp\/v2\/posts\/591431","targetHints":{"allow":["GET"]}}],"collection":[{"href":"https:\/\/www.europesays.com\/de\/wp-json\/wp\/v2\/posts"}],"about":[{"href":"https:\/\/www.europesays.com\/de\/wp-json\/wp\/v2\/types\/post"}],"author":[{"embeddable":true,"href":"https:\/\/www.europesays.com\/de\/wp-json\/wp\/v2\/users\/2"}],"replies":[{"embeddable":true,"href":"https:\/\/www.europesays.com\/de\/wp-json\/wp\/v2\/comments?post=591431"}],"version-history":[{"count":0,"href":"https:\/\/www.europesays.com\/de\/wp-json\/wp\/v2\/posts\/591431\/revisions"}],"wp:featuredmedia":[{"embeddable":true,"href":"https:\/\/www.europesays.com\/de\/wp-json\/wp\/v2\/media\/591432"}],"wp:attachment":[{"href":"https:\/\/www.europesays.com\/de\/wp-json\/wp\/v2\/media?parent=591431"}],"wp:term":[{"taxonomy":"category","embeddable":true,"href":"https:\/\/www.europesays.com\/de\/wp-json\/wp\/v2\/categories?post=591431"},{"taxonomy":"post_tag","embeddable":true,"href":"https:\/\/www.europesays.com\/de\/wp-json\/wp\/v2\/tags?post=591431"}],"curies":[{"name":"wp","href":"https:\/\/api.w.org\/{rel}","templated":true}]}}