{"id":591477,"date":"2025-11-21T09:30:23","date_gmt":"2025-11-21T09:30:23","guid":{"rendered":"https:\/\/www.europesays.com\/de\/591477\/"},"modified":"2025-11-21T09:30:23","modified_gmt":"2025-11-21T09:30:23","slug":"europa-kann-us-zoelle-mit-reformen-abfedern","status":"publish","type":"post","link":"https:\/\/www.europesays.com\/de\/591477\/","title":{"rendered":"Europa kann US-Z\u00f6lle mit Reformen abfedern"},"content":{"rendered":"\n<p class=\"yf-1090901\">Frankfurt\/Main (dpa) &#8211; EZB-Pr\u00e4sidentin Christine Lagarde fordert angesichts des angespannten Welthandels den Abbau von H\u00fcrden im europ\u00e4ischen Binnenmarkt. Damit k\u00f6nne Europa locker die Belastungen durch die h\u00f6heren US-Z\u00f6lle kompensieren: \u00abWenn wir nur ein Viertel davon umsetzen w\u00fcrden, w\u00fcrde dies ausreichen, um den Binnenhandel so anzukurbeln, dass die Auswirkungen der US-Z\u00f6lle auf das Wachstum vollst\u00e4ndig ausgeglichen w\u00fcrden\u00bb, sagte Lagarde laut Redetext beim \u00abFrankfurt European Banking Congress\u00bb.<\/p>\n<p class=\"yf-1090901\">Es sei nicht notwendig, alles in der Europ\u00e4ischen Union zu harmonisieren. Nach Ansicht Lagardes w\u00fcrde es oft zum Beispiel ausreichen, dass etwas, das in der EU einmal genehmigt ist, in allen Mitgliedsstaaten zugelassen ist. \u00abIn mehreren wichtigen Bereichen verhindert die weiterhin erforderliche Einstimmigkeit im Europ\u00e4ischen Rat nach wie vor sinnvolle Fortschritte bei der Vollendung des Binnenmarkts\u00bb, sagte die Pr\u00e4sidentin der Europ\u00e4ischen Zentralbank (EZB).<\/p>\n<p class=\"yf-1090901\">\u00abDie Schritte, die wir unternehmen m\u00fcssen, sind nicht unerreichbar\u00bb, sagte Lagarde. \u00abSie erfordern keine neuen Vertr\u00e4ge, keine radikale Umgestaltung unserer Union \u2013 nur den politischen Willen, die Instrumente zu nutzen, \u00fcber die wir bereits verf\u00fcgen.\u00bb<\/p>\n","protected":false},"excerpt":{"rendered":"Frankfurt\/Main (dpa) &#8211; EZB-Pr\u00e4sidentin Christine Lagarde fordert angesichts des angespannten Welthandels den Abbau von H\u00fcrden im europ\u00e4ischen Binnenmarkt.&hellip;\n","protected":false},"author":2,"featured_media":591478,"comment_status":"","ping_status":"","sticky":false,"template":"","format":"standard","meta":{"footnotes":""},"categories":[3933],"tags":[331,332,3353,548,663,158,75548,3934,3935,51580,13,14,15,23681,12,1492],"class_list":{"0":"post-591477","1":"post","2":"type-post","3":"status-publish","4":"format-standard","5":"has-post-thumbnail","7":"category-eu","8":"tag-aktuelle-nachrichten","9":"tag-aktuelle-news","10":"tag-christine-lagarde","11":"tag-eu","12":"tag-europa","13":"tag-europaeische-union","14":"tag-europaeischen-union","15":"tag-europe","16":"tag-european-union","17":"tag-frankfurt-main","18":"tag-headlines","19":"tag-nachrichten","20":"tag-news","21":"tag-praesidentin","22":"tag-schlagzeilen","23":"tag-us-zoelle"},"share_on_mastodon":{"url":"https:\/\/pubeurope.com\/@de\/115586991650221251","error":""},"_links":{"self":[{"href":"https:\/\/www.europesays.com\/de\/wp-json\/wp\/v2\/posts\/591477","targetHints":{"allow":["GET"]}}],"collection":[{"href":"https:\/\/www.europesays.com\/de\/wp-json\/wp\/v2\/posts"}],"about":[{"href":"https:\/\/www.europesays.com\/de\/wp-json\/wp\/v2\/types\/post"}],"author":[{"embeddable":true,"href":"https:\/\/www.europesays.com\/de\/wp-json\/wp\/v2\/users\/2"}],"replies":[{"embeddable":true,"href":"https:\/\/www.europesays.com\/de\/wp-json\/wp\/v2\/comments?post=591477"}],"version-history":[{"count":0,"href":"https:\/\/www.europesays.com\/de\/wp-json\/wp\/v2\/posts\/591477\/revisions"}],"wp:featuredmedia":[{"embeddable":true,"href":"https:\/\/www.europesays.com\/de\/wp-json\/wp\/v2\/media\/591478"}],"wp:attachment":[{"href":"https:\/\/www.europesays.com\/de\/wp-json\/wp\/v2\/media?parent=591477"}],"wp:term":[{"taxonomy":"category","embeddable":true,"href":"https:\/\/www.europesays.com\/de\/wp-json\/wp\/v2\/categories?post=591477"},{"taxonomy":"post_tag","embeddable":true,"href":"https:\/\/www.europesays.com\/de\/wp-json\/wp\/v2\/tags?post=591477"}],"curies":[{"name":"wp","href":"https:\/\/api.w.org\/{rel}","templated":true}]}}