{"id":591718,"date":"2025-11-21T11:47:18","date_gmt":"2025-11-21T11:47:18","guid":{"rendered":"https:\/\/www.europesays.com\/de\/591718\/"},"modified":"2025-11-21T11:47:18","modified_gmt":"2025-11-21T11:47:18","slug":"rentenzoff-cdu-jugend-warnt-spd-und-kanzler-politik","status":"publish","type":"post","link":"https:\/\/www.europesays.com\/de\/591718\/","title":{"rendered":"Rentenzoff: CDU-Jugend warnt SPD und Kanzler | Politik"},"content":{"rendered":"<p>Berlin \u2013 <b>Schwarz-Rot steht vor einem hektischen Krisen-Wochenende: Der Streit zwischen CDU und SPD hat das Zeug, die schwarz-rote Koalition zu sprengen! F\u00fcr Samstag und Sonntag sind daher zahlreiche Krisenrunden von Ministern und Fraktionspitzen angesetzt. <\/b><\/p>\n<p>Bislang h\u00e4lt die SPD kompromisslos am Paket fest, verweigert jede \u00c4nderung. Das sieht Kanzler Friedrich Merz (70, CDU) auch so. Wiederholt warnte SPD-Chefin und Sozialministerin B\u00e4rbel Bas (57) in dieser Woche vor einem Bruch der Koalition. <\/p>\n<p>Anders die 18 Abgeordneten der Jungen Gruppe in der Unionsfraktion sowie zahlreiche CDU-Wirtschaftspolitiker. Sie fordern \u00c4nderungen in einem Punkt (bei der Haltelinie). Ansonsten wollen sie das Paket scheitern lassen.<\/p>\n<p>Mehr zum Thema<\/p>\n<p><b>Beinharter Machtpoker \u2013 in dem Junge-Union-Chef <\/b><a href=\"https:\/\/www.bild.de\/politik\/politik-talkshows-im-tv-talk-kritik\/renten-knatsch-bei-lanz-wenn-mans-so-macht-erklaert-man-die-leute-fuer-bekloppt-691d16a9073d0eb6833e46de\" class=\"text-link\" target=\"_blank\" rel=\"noopener\"><b>Johannes Winkel<\/b><\/a><b> (34) die SPD-Spitze und den Kanzler warnt. \u201eEs kann nicht angehen, dass es frei gew\u00e4hlten Abgeordneten verboten werden soll, \u00fcber einen Gesetzesvorschlag der Bundesregierung zu diskutieren und \u00c4nderungen vorzunehmen\u201c, so Winkel zu BILD: \u201eDie Abgeordneten haben nicht nur das Recht, sondern auch die Pflicht, vorgelegte Gesetze zu pr\u00fcfen, bevor sie sie beschlie\u00dfen.\u201c<\/b><\/p>\n<p>Der JU-Chef f\u00fcrchtet sogar, die SPD k\u00f6nne ihrerseits mit ihrer starren Haltung die Regierung sprengen: \u201eEs w\u00e4re fatal, wenn die SPD die Union aus parteitaktischen Motiven in eine Abstimmung dr\u00e4ngt, die scheitern kann.\u201c Hintergrund: Aktuell lehnen rund 40 CDU-Abgeordnete das Rentenpaket in jetziger Form ab. Damit h\u00e4tte das Gesetz im Bundestag keine Mehrheit.<\/p>\n<p><img decoding=\"async\" width=\"992\" height=\"558\" alt=\"Will keinen Millimeter von ihrem Rentenpaket abr\u00fccken: Sozialministerin B\u00e4rbel Bas (57, SPD)\" src=\"https:\/\/www.europesays.com\/de\/wp-content\/uploads\/2025\/11\/84b1c2aad47bb8409bef017bced413cf,b4c4e446\"   class=\"landscape\" loading=\"lazy\"\/><\/p>\n<p class=\"fig__caption__text\">Will keinen Millimeter von ihrem Rentenpaket abr\u00fccken: Sozialministerin B\u00e4rbel Bas (57, SPD)<\/p>\n<p>Foto: Geisler-Fotopress<\/p>\n<p>Winkel mahnt: \u201eEs macht mir gro\u00dfe Sorgen, dass die SPD aus einer Sachfrage, die f\u00fcr junge Menschen extrem relevant ist, eine parteipolitische Machtfrage machen will.\u201c Es treibe Millionen Bundesb\u00fcrger um, wann die Politik auf den demografischen Wandel reagiere. Rentner erwarteten auch in den 2030er Jahren sichere und steigende Renten. Die junge Generation erwarte, \u201edass die Herausforderungen der Alterung der Gesellschaft endlich ernsthaft und ehrlich diskutiert werden, statt die offensichtlichen Belastungen immer weiter in die Zukunft zu verschieben\u201c, so Winkel: \u201eDie Mathematik sagt: Dem demografischen Wandel kann man nicht aus dem Weg gehen. Unser Grundgesetz sagt: Einer Diskussion im Bundestag darf man rechtlich nicht aus dem Weg gehen.\u201c<\/p>\n<p><b>SPD und CDU im Sprengsatz-Modus \u2013 und bislang ist eine schnelle Einigung nicht in Sicht&#8230;<\/b><\/p>\n<p><b>Darum geht es im Rentenstreit: <\/b>Das schwarz-rote Rentenpaket sieht vor, das Rentenniveau (Durchschnittsrente zu Durchschnittslohn) bis 2031 bei 48 Prozent festzuschreiben. So steht es im Koalitionsvertrag, ist daher unstrittig. Strittig ist, wie es weitergeht: Laut Gesetzentwurf soll das Rentenniveau auch nach 2031 bei mindestens 48 Prozent verharren. Das lehnen j\u00fcngere CDU-Politiker und der Wirtschaftsfl\u00fcgel der Union ab. Begr\u00fcndung: steht so nicht im Koalitionsvertrag und verursacht zus\u00e4tzliche Kosten f\u00fcr den Bundeshaushalt von rund 15 Milliarden Euro pro Jahr.<\/p>\n","protected":false},"excerpt":{"rendered":"Berlin \u2013 Schwarz-Rot steht vor einem hektischen Krisen-Wochenende: Der Streit zwischen CDU und SPD hat das Zeug, die&hellip;\n","protected":false},"author":2,"featured_media":591719,"comment_status":"","ping_status":"","sticky":false,"template":"","format":"standard","meta":{"footnotes":""},"categories":[2],"tags":[72389,31,29,30,13,8118,2388,32,14,15,379,12,184,45,10,8,9,11],"class_list":{"0":"post-591718","1":"post","2":"type-post","3":"status-publish","4":"format-standard","5":"has-post-thumbnail","7":"category-deutschland","8":"tag-bas-baerbel","9":"tag-cdu","10":"tag-deutschland","11":"tag-germany","12":"tag-headlines","13":"tag-junge-union","14":"tag-klingbeil-lars","15":"tag-merz-friedrich","16":"tag-nachrichten","17":"tag-news","18":"tag-rente","19":"tag-schlagzeilen","20":"tag-spd","21":"tag-texttospeech","22":"tag-top-news","23":"tag-top-meldungen","24":"tag-topmeldungen","25":"tag-topnews"},"share_on_mastodon":{"url":"https:\/\/pubeurope.com\/@de\/115587531374194360","error":""},"_links":{"self":[{"href":"https:\/\/www.europesays.com\/de\/wp-json\/wp\/v2\/posts\/591718","targetHints":{"allow":["GET"]}}],"collection":[{"href":"https:\/\/www.europesays.com\/de\/wp-json\/wp\/v2\/posts"}],"about":[{"href":"https:\/\/www.europesays.com\/de\/wp-json\/wp\/v2\/types\/post"}],"author":[{"embeddable":true,"href":"https:\/\/www.europesays.com\/de\/wp-json\/wp\/v2\/users\/2"}],"replies":[{"embeddable":true,"href":"https:\/\/www.europesays.com\/de\/wp-json\/wp\/v2\/comments?post=591718"}],"version-history":[{"count":0,"href":"https:\/\/www.europesays.com\/de\/wp-json\/wp\/v2\/posts\/591718\/revisions"}],"wp:featuredmedia":[{"embeddable":true,"href":"https:\/\/www.europesays.com\/de\/wp-json\/wp\/v2\/media\/591719"}],"wp:attachment":[{"href":"https:\/\/www.europesays.com\/de\/wp-json\/wp\/v2\/media?parent=591718"}],"wp:term":[{"taxonomy":"category","embeddable":true,"href":"https:\/\/www.europesays.com\/de\/wp-json\/wp\/v2\/categories?post=591718"},{"taxonomy":"post_tag","embeddable":true,"href":"https:\/\/www.europesays.com\/de\/wp-json\/wp\/v2\/tags?post=591718"}],"curies":[{"name":"wp","href":"https:\/\/api.w.org\/{rel}","templated":true}]}}