{"id":591736,"date":"2025-11-21T11:56:18","date_gmt":"2025-11-21T11:56:18","guid":{"rendered":"https:\/\/www.europesays.com\/de\/591736\/"},"modified":"2025-11-21T11:56:18","modified_gmt":"2025-11-21T11:56:18","slug":"passanten-in-wiesbaden-angepoebelt-und-in-gewahrsam-genommen","status":"publish","type":"post","link":"https:\/\/www.europesays.com\/de\/591736\/","title":{"rendered":"Passanten in Wiesbaden angep\u00f6belt und in Gewahrsam genommen"},"content":{"rendered":"<p>&#13;<br \/>\n        &#13;<br \/>\n&#13;<br \/>\n        &#13;<\/p>\n<p>            <a href=\"https:\/\/www.europesays.com\/de\/wp-content\/uploads\/2025\/08\/Alexas_Fotos-auf-Pixabay.jpg\" data-caption=\"(Symbolfoto: Alexas_Fotos auf Pixabay)\"><img loading=\"lazy\" decoding=\"async\" width=\"696\" height=\"416\" class=\"entry-thumb td-modal-image\" src=\"data:image\/svg+xml,%3Csvg%20xmlns=\" http:=\"\" data-lazy- data-lazy- alt=\"\" title=\"Polizei, RMV\" data-lazy-src=\"https:\/\/www.europesays.com\/de\/wp-content\/uploads\/2025\/08\/Alexas_Fotos-auf-Pixabay.jpg\"\/><\/a>(Symbolfoto: Alexas_Fotos auf Pixabay)<\/p>\n<p>Ein 52-j\u00e4hriger Mann hat am Mittwochabend (19.) in der Wiesbadener Innenstadt und Passanten bel\u00e4stigt.<\/p>\n<p>Der Polizei wurde gegen 23:17 Uhr mitgeteilt, dass ein Unbekannter in der Kirchgasse eine weibliche Personengruppe verfolgen w\u00fcrde. Die Frauengruppe suchte einen Schnellimbiss auf und wurde dabei aber weiterhin von dem Mann verfolgt. Mitarbeiterinnen und Mitarbeiter forderten den Mann vergeblich zum Gehen auf. Eine Polizeistreife fuhr daraufhin vor Ort und konnte die beschriebene Person antreffen. Der 52-J\u00e4hrige verhielt sich in Anwesenheit der Polizeikr\u00e4fte aggressiv, so dass er gefesselt und \u00fcber Nacht in Gewahrsam genommen wurde.<\/p>\n<p>(Text: PM PP Westhessen)<\/p>\n<p><a href=\"https:\/\/www.rheinmainverlag.de\/author\/ahessberger\/\" rel=\"nofollow noopener\" target=\"_blank\"><img loading=\"lazy\" decoding=\"async\" src=\"data:image\/svg+xml,%3Csvg%20xmlns=\" http:=\"\" width=\"200\" height=\"200\" alt=\"\" itemprop=\"image\" data-lazy-src=\"https:\/\/www.europesays.com\/de\/wp-content\/uploads\/2025\/04\/Katja_Hessberger.jpg\"\/><\/a><\/p>\n<p>\u2026 erschlie\u00dft sich ihre Welt, indem sie viel Zeit in der Natur verbringt. Bei langen Fahrradtouren und sch\u00f6ne Wanderungen tankt sie Kraft. Lokale Themen sind ihre Welt. Sowohl in den Printprodukten als auch online informiert sie am liebsten \u00fcber Polizeiberichte, Tiergeschichten und Umweltthemen. Absolute Lieblingsbesch\u00e4ftigung in der Adventszeit: Pl\u00e4tzchen backen.<br \/>Mag: Tiere | Backen | Lokale Geschichten<\/p>\n<p>Set your Author Custom HTML Tab Content on your <a href=\"https:\/\/www.rheinmainverlag.de\/wp-admin\/profile.php#sabox-custom-job-title\" target=\"_blank\" class=\"clickable\" rel=\"nofollow noopener\">Profile page<\/a><\/p>\n<p>        &#13;<br \/>\n&#13;<br \/>\n        &#13;<br \/>\n                        &#13;<br \/>\n            &#13;<br \/>\n&#13;<br \/>\n                                                        &#13;<br \/>\n&#13;<\/p>\n","protected":false},"excerpt":{"rendered":"&#13; &#13; &#13; &#13; (Symbolfoto: Alexas_Fotos auf Pixabay) Ein 52-j\u00e4hriger Mann hat am Mittwochabend (19.) in der Wiesbadener&hellip;\n","protected":false},"author":2,"featured_media":341447,"comment_status":"","ping_status":"","sticky":false,"template":"","format":"standard","meta":{"footnotes":""},"categories":[1847],"tags":[3364,29,548,663,3934,30,13,2052,14,15,12,4544],"class_list":{"0":"post-591736","1":"post","2":"type-post","3":"status-publish","4":"format-standard","5":"has-post-thumbnail","7":"category-wiesbaden","8":"tag-de","9":"tag-deutschland","10":"tag-eu","11":"tag-europa","12":"tag-europe","13":"tag-germany","14":"tag-headlines","15":"tag-hessen","16":"tag-nachrichten","17":"tag-news","18":"tag-schlagzeilen","19":"tag-wiesbaden"},"share_on_mastodon":{"url":"https:\/\/pubeurope.com\/@de\/115587566098038423","error":""},"_links":{"self":[{"href":"https:\/\/www.europesays.com\/de\/wp-json\/wp\/v2\/posts\/591736","targetHints":{"allow":["GET"]}}],"collection":[{"href":"https:\/\/www.europesays.com\/de\/wp-json\/wp\/v2\/posts"}],"about":[{"href":"https:\/\/www.europesays.com\/de\/wp-json\/wp\/v2\/types\/post"}],"author":[{"embeddable":true,"href":"https:\/\/www.europesays.com\/de\/wp-json\/wp\/v2\/users\/2"}],"replies":[{"embeddable":true,"href":"https:\/\/www.europesays.com\/de\/wp-json\/wp\/v2\/comments?post=591736"}],"version-history":[{"count":0,"href":"https:\/\/www.europesays.com\/de\/wp-json\/wp\/v2\/posts\/591736\/revisions"}],"wp:featuredmedia":[{"embeddable":true,"href":"https:\/\/www.europesays.com\/de\/wp-json\/wp\/v2\/media\/341447"}],"wp:attachment":[{"href":"https:\/\/www.europesays.com\/de\/wp-json\/wp\/v2\/media?parent=591736"}],"wp:term":[{"taxonomy":"category","embeddable":true,"href":"https:\/\/www.europesays.com\/de\/wp-json\/wp\/v2\/categories?post=591736"},{"taxonomy":"post_tag","embeddable":true,"href":"https:\/\/www.europesays.com\/de\/wp-json\/wp\/v2\/tags?post=591736"}],"curies":[{"name":"wp","href":"https:\/\/api.w.org\/{rel}","templated":true}]}}