{"id":591921,"date":"2025-11-21T13:38:19","date_gmt":"2025-11-21T13:38:19","guid":{"rendered":"https:\/\/www.europesays.com\/de\/591921\/"},"modified":"2025-11-21T13:38:19","modified_gmt":"2025-11-21T13:38:19","slug":"bundesbank-praesident-europa-sollte-bei-produktivitaet-gegenueber-usa-aufholen","status":"publish","type":"post","link":"https:\/\/www.europesays.com\/de\/591921\/","title":{"rendered":"Bundesbank-Pr\u00e4sident: Europa sollte bei Produktivit\u00e4t gegen\u00fcber USA aufholen"},"content":{"rendered":"<p>Frankfurt\/Berlin (Reuters) &#8211;     Europa darf nach Worten von Bundesbank-Pr\u00e4sident Joachim Nagel bei der Produktivit\u00e4t nicht weiter hinter die USA zur\u00fcckfallen. <\/p>\n<p>\n              Die Arbeitsproduktivit\u00e4t sei in den USA seit 1995 um fast 61 Prozent gestiegen, in der Europ\u00e4ischen Union jedoch nur um gut 39 Prozent, sagte Nagel auf dem European Banking Congress am Freitag in Frankfurt. Fast die H\u00e4lfte dieses R\u00fcckstands sei allein in den vergangenen f\u00fcnf Jahren entstanden. Hier m\u00fcsse man gegensteuern. &#8222;Will Europa den Lebensstandard auch f\u00fcr zuk\u00fcnftige Generationen anheben, m\u00fcssen wir das Produktivit\u00e4tswachstum ankurbeln&#8220;, betonte Nagel laut Redetext.<\/p>\n<p>\n              Als Gr\u00fcnde f\u00fcr die j\u00fcngste Versch\u00e4rfung nannte Nagel unter anderem die deutlich expansivere US-Finanzpolitik, den Energiepreisschock infolge des russischen Angriffs auf die Ukraine sowie unterschiedliche Effekte w\u00e4hrend der Corona-Pandemie. Gleichzeitig zeichnete der Bundesbank-Pr\u00e4sident jedoch ein positiveres Bild beim Lebensstandard. Hier sei die L\u00fccke deutlich geringer, da Europa das schw\u00e4chere Produktivit\u00e4tswachstum teilweise durch einen h\u00f6heren Arbeitseinsatz ausgeglichen habe. Das reale Bruttoinlandsprodukt pro Kopf sei in den USA von 1995 bis 2024 um 58 Prozent gestiegen und in Europa um 50 Prozent.<\/p>\n<p>\n              Um das Produktivit\u00e4tswachstum anzukurbeln, forderte Nagel unter anderem, Vorschriften auf EU-Ebene zu vereinfachen und zu harmonisieren. Ein optionaler, EU-weiter Rechtsrahmen k\u00f6nne Unternehmen helfen, schneller zu expandieren. Zudem sei es entscheidend, den Zugang zu Kapital zu verbessern, insbesondere zu Wagniskapital f\u00fcr Start-ups. Daf\u00fcr m\u00fcsse die Kapitalmarktunion z\u00fcgig vollendet werden, erkl\u00e4rte der Bundesbankpr\u00e4sident.<\/p>\n<p> (Bericht von Klaus Lauer; redigiert von Sabine Ehrhardt &#8211;  Bei R\u00fcckfragen wenden Sie sich bitte an unsere Redaktion unter berlin.newsroom@thomsonreuters.com (f\u00fcr Politik und Konjunktur) oder frankfurt.newsroom@thomsonreuters.com (f\u00fcr Unternehmen und M\u00e4rkte).)<\/p>\n","protected":false},"excerpt":{"rendered":"Frankfurt\/Berlin (Reuters) &#8211; Europa darf nach Worten von Bundesbank-Pr\u00e4sident Joachim Nagel bei der Produktivit\u00e4t nicht weiter hinter die&hellip;\n","protected":false},"author":2,"featured_media":591922,"comment_status":"","ping_status":"","sticky":false,"template":"","format":"standard","meta":{"footnotes":""},"categories":[3933],"tags":[331,332,665,548,663,158,3934,3935,13,14,15,12],"class_list":{"0":"post-591921","1":"post","2":"type-post","3":"status-publish","4":"format-standard","5":"has-post-thumbnail","7":"category-eu","8":"tag-aktuelle-nachrichten","9":"tag-aktuelle-news","10":"tag-boerse","11":"tag-eu","12":"tag-europa","13":"tag-europaeische-union","14":"tag-europe","15":"tag-european-union","16":"tag-headlines","17":"tag-nachrichten","18":"tag-news","19":"tag-schlagzeilen"},"share_on_mastodon":{"url":"https:\/\/pubeurope.com\/@de\/115587966934880890","error":""},"_links":{"self":[{"href":"https:\/\/www.europesays.com\/de\/wp-json\/wp\/v2\/posts\/591921","targetHints":{"allow":["GET"]}}],"collection":[{"href":"https:\/\/www.europesays.com\/de\/wp-json\/wp\/v2\/posts"}],"about":[{"href":"https:\/\/www.europesays.com\/de\/wp-json\/wp\/v2\/types\/post"}],"author":[{"embeddable":true,"href":"https:\/\/www.europesays.com\/de\/wp-json\/wp\/v2\/users\/2"}],"replies":[{"embeddable":true,"href":"https:\/\/www.europesays.com\/de\/wp-json\/wp\/v2\/comments?post=591921"}],"version-history":[{"count":0,"href":"https:\/\/www.europesays.com\/de\/wp-json\/wp\/v2\/posts\/591921\/revisions"}],"wp:featuredmedia":[{"embeddable":true,"href":"https:\/\/www.europesays.com\/de\/wp-json\/wp\/v2\/media\/591922"}],"wp:attachment":[{"href":"https:\/\/www.europesays.com\/de\/wp-json\/wp\/v2\/media?parent=591921"}],"wp:term":[{"taxonomy":"category","embeddable":true,"href":"https:\/\/www.europesays.com\/de\/wp-json\/wp\/v2\/categories?post=591921"},{"taxonomy":"post_tag","embeddable":true,"href":"https:\/\/www.europesays.com\/de\/wp-json\/wp\/v2\/tags?post=591921"}],"curies":[{"name":"wp","href":"https:\/\/api.w.org\/{rel}","templated":true}]}}