{"id":591960,"date":"2025-11-21T13:59:12","date_gmt":"2025-11-21T13:59:12","guid":{"rendered":"https:\/\/www.europesays.com\/de\/591960\/"},"modified":"2025-11-21T13:59:12","modified_gmt":"2025-11-21T13:59:12","slug":"sexismus-machtmissbrauch-und-streit-um-x-post-uni-leipzig-unter-druck","status":"publish","type":"post","link":"https:\/\/www.europesays.com\/de\/591960\/","title":{"rendered":"Sexismus, Machtmissbrauch und Streit um X-Post: Uni Leipzig unter Druck"},"content":{"rendered":"<p>Professor Drygala und Social Media<\/p>\n<p class=\"text\">\nEiner der im Flugblatt Genannten ist Tim Drygala. Der Professor f\u00fcr B\u00fcrgerliches Recht wurde vor Kurzem wegen eines Beitrags auf der Plattform &#8222;X&#8220; von Linken-Chefin Heidi Reichinnek angezeigt. Er hatte einen Beitrag \u00fcber seinen K\u00fchlschrank geschrieben. Darin hie\u00df es: Weil die T\u00fcr klemme, m\u00fcsse er immer mit der Faust dagegen schlagen. Und dass er sich deshalb eine Erinnerung dran gepinnt habe. Ein Bild dazu zeigte: ein Foto von Linken-Chefin Heidi Reichinnek. Der Post wurde sp\u00e4ter wieder gel\u00f6scht.\n<\/p>\n<p class=\"text\">\nDas Flugblatt verweist auf weitere Social-Media-Beitr\u00e4ge des Professors, in denen er sich unter anderem herabw\u00fcrdigend \u00fcber Politikerinnen ge\u00e4u\u00dfert haben soll. Zwar liege das im Rahmen der Meinungsfreiheit, hei\u00dft es darin, dennoch w\u00fcrde es ein Klima schaffen, in dem sich &#8222;weiblich gelesene Personen&#8220; unsicher f\u00fchlten.\n<\/p>\n<blockquote>\n<p class=\"text\">Wenn dies das Bild ist, was ein Lehrender \u00f6ffentlich zeigt &#8211; wie sicher f\u00fchlen sich dann weiblich gelesene Personen im Pr\u00fcfungsraum?<\/p>\n<p>Flugblatt &#8222;Die Fakult\u00e4ts-Chroniken&#8220;<\/p>\n<\/blockquote>\n<p class=\"text\">\nDie Universit\u00e4t Leipzig stellte <a href=\"https:\/\/www.uni-leipzig.de\/newsdetail\/artikel\/statement-der-universitaet-leipzig-zu-x-post-von-prof-drygala-2025-11-10\" title=\"Statement Uni Leipzig Drygala\" data-ctrl-link=\"{&#039;id&#039;: &#039;c93c3e7e-848c-49e3-b62d-5027f022fa90&#039;,&#039;type&#039;:&#039;external&#039;,&#039;window&#039;:{&#039;type&#039;:&#039;empty&#039;,&#039;config&#039;:{&#039;title&#039;:&#039;Statement Uni Leipzig Drygala&#039;,&#039;top&#039;:&#039;0&#039;,&#039;left&#039;:&#039;0&#039;,&#039;width&#039;:&#039;0&#039;,&#039;height&#039;:&#039;0&#039;,&#039;status&#039;:&#039;0&#039;,&#039;menubar&#039;:&#039;0&#039;,&#039;location&#039;:&#039;0&#039;,&#039;scroll&#039;:&#039;0&#039;,&#039;toolbar&#039;:&#039;0&#039;,&#039;resizable&#039;:&#039;0&#039;}}}\" rel=\"nofollow noopener\" target=\"_blank\">in einem Statement klar:<\/a> Private \u00c4u\u00dferungen auf pers\u00f6nlichen Accounts k\u00f6nne sie weder verhindern noch \u00f6ffentlich bewerten. Erst wenn Dienstpflichten verletzt w\u00fcrden, greife das Beamtenrecht. Genau das wird derzeit gepr\u00fcft, sagte Uni-Sprecher Carsten Heckmann. Auch die Rektorin habe Drygala zu einem Gespr\u00e4ch eingeladen.\n<\/p>\n<p class=\"text\">\nDrygala selbst weist die Vorw\u00fcrfe aus dem Flugblatt zur\u00fcck. Beschwerden habe es in seinem H\u00f6rsaal nie gegeben, so der Professor auf Anfrage des MDR. Wer ein Gef\u00fchl der Unsicherheit habe, m\u00fcsse damit selbst umgehen. Daf\u00fcr sei er nicht verantwortlich.\n<\/p>\n<p>Grenz\u00fcberschreitende Nachrichten eines fr\u00fcheren Mitarbeiters<\/p>\n<p class=\"text\">\nDeutlich anders gelagert ist der zweite Fall, den das Flugblatt beschreibt: Ein mittlerweile ausgeschiedener wissenschaftlicher Mitarbeiter der Fakult\u00e4t soll Studentinnen anz\u00fcgliche und grenz\u00fcberschreitende Nachrichten geschickt haben. Die Vorw\u00fcrfe betreffen sexuelle Bel\u00e4stigung und Machtmissbrauch, allerdings keine sexuelle \u00dcbergriffigkeit im k\u00f6rperlichen Sinne.\n<\/p>\n<p class=\"text\">\nDem MDR liegen augenscheinlich authentische Screenshots vor, die die Anschuldigungen st\u00fctzen. Auch die Fachschaft Jura erkl\u00e4rt auf Nachfrage, sie halte die Vorw\u00fcrfe f\u00fcr glaubw\u00fcrdig. Der Ex-Mitarbeiter hat bislang nicht auf MDR-Anfragen reagiert.<\/p>\n","protected":false},"excerpt":{"rendered":"Professor Drygala und Social Media Einer der im Flugblatt Genannten ist Tim Drygala. Der Professor f\u00fcr B\u00fcrgerliches Recht&hellip;\n","protected":false},"author":2,"featured_media":591961,"comment_status":"","ping_status":"","sticky":false,"template":"","format":"standard","meta":{"footnotes":""},"categories":[1832],"tags":[3364,29,141623,30,1000,39058,141622,71,81,14,859,1193,5502,19202,4968],"class_list":{"0":"post-591960","1":"post","2":"type-post","3":"status-publish","4":"format-standard","5":"has-post-thumbnail","7":"category-leipzig","8":"tag-de","9":"tag-deutschland","10":"tag-drygala","11":"tag-germany","12":"tag-gewalt","13":"tag-jura","14":"tag-juristische-fakultaet","15":"tag-leipzig","16":"tag-mdr","17":"tag-nachrichten","18":"tag-sachsen","19":"tag-sexismus","20":"tag-sexueller-missbrauch","21":"tag-universitaet-leipzig","22":"tag-vorwuerfe"},"share_on_mastodon":{"url":"https:\/\/pubeurope.com\/@de\/115588049590133692","error":""},"_links":{"self":[{"href":"https:\/\/www.europesays.com\/de\/wp-json\/wp\/v2\/posts\/591960","targetHints":{"allow":["GET"]}}],"collection":[{"href":"https:\/\/www.europesays.com\/de\/wp-json\/wp\/v2\/posts"}],"about":[{"href":"https:\/\/www.europesays.com\/de\/wp-json\/wp\/v2\/types\/post"}],"author":[{"embeddable":true,"href":"https:\/\/www.europesays.com\/de\/wp-json\/wp\/v2\/users\/2"}],"replies":[{"embeddable":true,"href":"https:\/\/www.europesays.com\/de\/wp-json\/wp\/v2\/comments?post=591960"}],"version-history":[{"count":0,"href":"https:\/\/www.europesays.com\/de\/wp-json\/wp\/v2\/posts\/591960\/revisions"}],"wp:featuredmedia":[{"embeddable":true,"href":"https:\/\/www.europesays.com\/de\/wp-json\/wp\/v2\/media\/591961"}],"wp:attachment":[{"href":"https:\/\/www.europesays.com\/de\/wp-json\/wp\/v2\/media?parent=591960"}],"wp:term":[{"taxonomy":"category","embeddable":true,"href":"https:\/\/www.europesays.com\/de\/wp-json\/wp\/v2\/categories?post=591960"},{"taxonomy":"post_tag","embeddable":true,"href":"https:\/\/www.europesays.com\/de\/wp-json\/wp\/v2\/tags?post=591960"}],"curies":[{"name":"wp","href":"https:\/\/api.w.org\/{rel}","templated":true}]}}