{"id":591984,"date":"2025-11-21T14:12:16","date_gmt":"2025-11-21T14:12:16","guid":{"rendered":"https:\/\/www.europesays.com\/de\/591984\/"},"modified":"2025-11-21T14:12:16","modified_gmt":"2025-11-21T14:12:16","slug":"brandenburg-staerkt-ost-karneval-auf-weg-zum-kulturerbe","status":"publish","type":"post","link":"https:\/\/www.europesays.com\/de\/591984\/","title":{"rendered":"Brandenburg st\u00e4rkt Ost-Karneval auf Weg zum Kulturerbe"},"content":{"rendered":"<p class=\"is-first-paragraph\" data-external=\"Article.FirstParagraph\">Der Landtag von Brandenburg unterst\u00fctzt einhellig die Bewerbung der ostdeutschen Karnevalsverb\u00e4nde f\u00fcr eine Anerkennung des jahrhundertealten Brauchtums als Immaterielles Kulturerbe in Deutschland. \u00abIch bin sehr optimistisch und zuversichtlich, dass die Bewerbung gute Aussichten auf Erfolg haben wird\u00bb, sagte Kulturministerin Manja Sch\u00fcle (SPD) in der Landtagsdebatte.<\/p>\n<p>Ein gemeinsamer Antrag der Koalitionsfraktionen von SPD und BSW mit der CDU-Opposition wurde einstimmig &#8211; also auch von der AfD-Fraktion &#8211; angenommen. Damit wird die Landesregierung aufgefordert, den Vorsto\u00df der Karnevalisten zu unterst\u00fctzen. \u00abDer ostdeutsche Karneval ist Ausdruck jahrhundertealter Traditionen und Teil lebendiger Alltagskultur\u00bb, hie\u00df es.<\/p>\n<p>Historische Wurzeln jahrhundertealt<\/p>\n<p>Die Karnevalsverb\u00e4nde aus Brandenburg und Berlin, Mecklenburg-Vorpommern, Sachsen, Sachsen-Anhalt und Th\u00fcringen wollen eine Anerkennung erreichen und zeigen, \u00abdass der Karneval im Osten mehr als nur Verkleidung, Tanz und Musik ist\u00bb. Die historischen Wurzeln des Karnevals l\u00e4gen zwischen Hofkultur und Volksbrauch. Erste Belege finden sich den Verb\u00e4nden zufolge bereits Ende des 14. Jahrhunderts. Die Br\u00e4uche entwickelten sich aus vorchristlichen Winteraustreibungsritualen, sp\u00e4ter auch im Umfeld h\u00f6fischer Feste.<\/p>\n<p>Bis \u00fcber die Bewerbung endg\u00fcltig entschieden wird, k\u00f6nnte es bis zu zwei Jahre dauern, hie\u00df es vom Th\u00fcringer Verband. Die ostdeutschen Karnevalsverb\u00e4nde umfassen rund 930 Vereine mit etwa 95.000 Mitgliedern. F\u00fcr Brandenburg nannte die Kulturministerin in Potsdam rund 15.000 aktive Karnevalisten.<\/p>\n<p>Kulturministerin: Karneval in DDR einzige zugelassene Opposition<\/p>\n<p>Der ostdeutsche Karneval sei nicht einfach eine kleine Ausgabe vom Rheinland, sondern habe ganz andere Wurzeln, sagte der SPD-Landtagsabgeordnete Ludwig Scheetz. Ministerin Sch\u00fcle wies auch auf die politische Bedeutung hin. Karnevalsvereine seien in der DDR oft die einzige zugelassene Opposition gewesen, sagte sie. \u00abDenn B\u00fcttenreden und Karnevalsprogramme waren gespickt voller politischer Anspielung auch zwischen den Zeilen.\u00bb<\/p>\n<p>Die Kulturorganisation der Vereinten Nationen, die Unesco, sch\u00fctzt nicht nur physische Welterbest\u00e4tten, sondern auch immaterielles Kulturgut. Das k\u00f6nnen bestimmte Formen von Theater, Tanz und Musik sein, aber auch Handwerk und andere Traditionen. In Deutschland gibt es ein bundesweites Verzeichnis des Immateriellen Kulturgutes, das bislang um die 170 Eintr\u00e4ge umfasst.<\/p>\n<p>BSW-Abgeordneter mit Anspielung auf den Streit in Fraktion<\/p>\n<p>Der BSW-Abgeordnete Gunnar Lehmann, der in seiner Rede pers\u00f6nliche Distanz zu den Karnevals-Br\u00e4uchen erkennen lie\u00df, sagte: \u00abFeiern Sie ausgelassen und scheuen Sie sich nicht, die Herrschenden in diesem Land mit Hohn und Spott zu \u00fcberziehen.\u00bb<\/p>\n<p>Zugleich spielte er auf einen anhaltenden Streit innerhalb der Fraktion des BSW an: \u00abBereits seit der Fraktionssitzung am 11. 11. l\u00e4uft bei uns eine sehr unterhaltsame Karnevalsveranstaltung, von der ich allerdings inst\u00e4ndig hoffe, dass diese nicht erst am Aschermittwoch endet.\u00bb Vier Abgeordnete der Fraktion waren im Streit und nach Vorw\u00fcrfen von \u00abautorit\u00e4ren Tendenzen\u00bb aus der Partei B\u00fcndnis Sahra Wagenknecht ausgetreten.<\/p>\n","protected":false},"excerpt":{"rendered":"Der Landtag von Brandenburg unterst\u00fctzt einhellig die Bewerbung der ostdeutschen Karnevalsverb\u00e4nde f\u00fcr eine Anerkennung des jahrhundertealten Brauchtums als&hellip;\n","protected":false},"author":2,"featured_media":591985,"comment_status":"","ping_status":"","sticky":false,"template":"","format":"standard","meta":{"footnotes":""},"categories":[1816],"tags":[1960,1958,1959,1957,1956,1890,29,30],"class_list":{"0":"post-591984","1":"post","2":"type-post","3":"status-publish","4":"format-standard","5":"has-post-thumbnail","7":"category-brandenburg","8":"tag-aktuelle-nachrichten-aus-berlin-und-brandenburg","9":"tag-aktuelle-nachrichten-aus-brandenburg","10":"tag-aktuelle-news-aus-berlin-und-brandenburg","11":"tag-aktuelle-news-aus-brandenburg","12":"tag-berlin-und-brandenburg","13":"tag-brandenburg","14":"tag-deutschland","15":"tag-germany"},"share_on_mastodon":{"url":"https:\/\/pubeurope.com\/@de\/115588100648592297","error":""},"_links":{"self":[{"href":"https:\/\/www.europesays.com\/de\/wp-json\/wp\/v2\/posts\/591984","targetHints":{"allow":["GET"]}}],"collection":[{"href":"https:\/\/www.europesays.com\/de\/wp-json\/wp\/v2\/posts"}],"about":[{"href":"https:\/\/www.europesays.com\/de\/wp-json\/wp\/v2\/types\/post"}],"author":[{"embeddable":true,"href":"https:\/\/www.europesays.com\/de\/wp-json\/wp\/v2\/users\/2"}],"replies":[{"embeddable":true,"href":"https:\/\/www.europesays.com\/de\/wp-json\/wp\/v2\/comments?post=591984"}],"version-history":[{"count":0,"href":"https:\/\/www.europesays.com\/de\/wp-json\/wp\/v2\/posts\/591984\/revisions"}],"wp:featuredmedia":[{"embeddable":true,"href":"https:\/\/www.europesays.com\/de\/wp-json\/wp\/v2\/media\/591985"}],"wp:attachment":[{"href":"https:\/\/www.europesays.com\/de\/wp-json\/wp\/v2\/media?parent=591984"}],"wp:term":[{"taxonomy":"category","embeddable":true,"href":"https:\/\/www.europesays.com\/de\/wp-json\/wp\/v2\/categories?post=591984"},{"taxonomy":"post_tag","embeddable":true,"href":"https:\/\/www.europesays.com\/de\/wp-json\/wp\/v2\/tags?post=591984"}],"curies":[{"name":"wp","href":"https:\/\/api.w.org\/{rel}","templated":true}]}}