{"id":591988,"date":"2025-11-21T14:14:21","date_gmt":"2025-11-21T14:14:21","guid":{"rendered":"https:\/\/www.europesays.com\/de\/591988\/"},"modified":"2025-11-21T14:14:21","modified_gmt":"2025-11-21T14:14:21","slug":"sonne-und-frostige-naechte-am-wochenende","status":"publish","type":"post","link":"https:\/\/www.europesays.com\/de\/591988\/","title":{"rendered":"Sonne und frostige N\u00e4chte am Wochenende"},"content":{"rendered":"<p>Am Samstag bleibt es heiter bis wolkig bei \u00e4hnlichen H\u00f6chstwerten. In der Nacht zu Sonntag sinken die Temperaturen laut Deutschem Wetterdienst (DWD) erneut auf minus 4 bis minus 8 Grad. Der Sonntag zeige sich dann \u00fcberwiegend sonnig und bleibe mit 1 bis 3 Grad kalt.<\/p>\n<p>Torsten Walter, Meteorologe beim Wetterkompetenzzentrum der ARD, erkl\u00e4rte rbb|24, er erwarte in den kommenden Tagen, dass im Zuge der frostigen N\u00e4chte Reifgl\u00e4tte auftreten k\u00f6nnte. Auch in der Nacht zu Montag sei auf den Stra\u00dfen in Berlin und Brandenburg noch Vorsicht geboten.<\/p>\n<p>In der kommenden Woche schw\u00e4cht sich der n\u00e4chtliche Frost durch atlantische Tiefausl\u00e4ufer dann wieder ab. &#8222;Eine wirkliche Milderung wird man noch nicht merken, einen Wetterumschwung aber schon, auch weil es wieder deutlich wolkiger wird&#8220;, sagte Walter. Bis zur Wochenmitte steigen die Temperaturen in den N\u00e4chten bis auf null Grad. Tags\u00fcber erreichen die Temperaturen leichte Plusgrade. Allerdings k\u00f6nnten dann \u00f6rtlich auch Niederschl\u00e4ge auftreten.<\/p>\n","protected":false},"excerpt":{"rendered":"Am Samstag bleibt es heiter bis wolkig bei \u00e4hnlichen H\u00f6chstwerten. In der Nacht zu Sonntag sinken die Temperaturen&hellip;\n","protected":false},"author":2,"featured_media":591989,"comment_status":"","ping_status":"","sticky":false,"template":"","format":"standard","meta":{"footnotes":""},"categories":[1825],"tags":[296,1890,29,30],"class_list":{"0":"post-591988","1":"post","2":"type-post","3":"status-publish","4":"format-standard","5":"has-post-thumbnail","7":"category-berlin","8":"tag-berlin","9":"tag-brandenburg","10":"tag-deutschland","11":"tag-germany"},"share_on_mastodon":{"url":"https:\/\/pubeurope.com\/@de\/115588108607686653","error":""},"_links":{"self":[{"href":"https:\/\/www.europesays.com\/de\/wp-json\/wp\/v2\/posts\/591988","targetHints":{"allow":["GET"]}}],"collection":[{"href":"https:\/\/www.europesays.com\/de\/wp-json\/wp\/v2\/posts"}],"about":[{"href":"https:\/\/www.europesays.com\/de\/wp-json\/wp\/v2\/types\/post"}],"author":[{"embeddable":true,"href":"https:\/\/www.europesays.com\/de\/wp-json\/wp\/v2\/users\/2"}],"replies":[{"embeddable":true,"href":"https:\/\/www.europesays.com\/de\/wp-json\/wp\/v2\/comments?post=591988"}],"version-history":[{"count":0,"href":"https:\/\/www.europesays.com\/de\/wp-json\/wp\/v2\/posts\/591988\/revisions"}],"wp:featuredmedia":[{"embeddable":true,"href":"https:\/\/www.europesays.com\/de\/wp-json\/wp\/v2\/media\/591989"}],"wp:attachment":[{"href":"https:\/\/www.europesays.com\/de\/wp-json\/wp\/v2\/media?parent=591988"}],"wp:term":[{"taxonomy":"category","embeddable":true,"href":"https:\/\/www.europesays.com\/de\/wp-json\/wp\/v2\/categories?post=591988"},{"taxonomy":"post_tag","embeddable":true,"href":"https:\/\/www.europesays.com\/de\/wp-json\/wp\/v2\/tags?post=591988"}],"curies":[{"name":"wp","href":"https:\/\/api.w.org\/{rel}","templated":true}]}}