{"id":592561,"date":"2025-11-21T20:13:17","date_gmt":"2025-11-21T20:13:17","guid":{"rendered":"https:\/\/www.europesays.com\/de\/592561\/"},"modified":"2025-11-21T20:13:17","modified_gmt":"2025-11-21T20:13:17","slug":"162-wohnungen-an-der-heinrichstrasse-zu-kaufen","status":"publish","type":"post","link":"https:\/\/www.europesays.com\/de\/592561\/","title":{"rendered":"162 Wohnungen an der Heinrichstra\u00dfe zu kaufen"},"content":{"rendered":"<p class=\"text_ohne_einzug richtext text-em-55 !leading-serif mx-6 desktop:mx-0\">F\u00fcr jenes graue und u-f\u00f6rmige Geb\u00e4ude an der Heinrichstra\u00dfe nahe des Zooparks gab es in j\u00fcngster Vergangenheit schon viele Ideen: Erst sollte der 50 Jahre alte Verwaltungsbau ein moderner B\u00fcrokomplex werden, dann plante die Stadt dort die Unterbringung von 400 Fl\u00fcchtlingen \u2013 gefolgt von AfD-gef\u00fchrten Protesten und einer gro\u00dfen Gegendemo im Zoopark. Schlie\u00dflich kaufte vergangenes Jahr der Immobilienarm einer Hamburger Milliard\u00e4rsfamilie das Objekt, um darin Wohnungen zu entwickeln. Jetzt gibt es erstmals konkrete Details dazu.<\/p>\n","protected":false},"excerpt":{"rendered":"F\u00fcr jenes graue und u-f\u00f6rmige Geb\u00e4ude an der Heinrichstra\u00dfe nahe des Zooparks gab es in j\u00fcngster Vergangenheit schon&hellip;\n","protected":false},"author":2,"featured_media":592562,"comment_status":"","ping_status":"","sticky":false,"template":"","format":"standard","meta":{"footnotes":""},"categories":[1831],"tags":[186,3364,13395,29,3405,90010,30,22897,1209,236,57241],"class_list":{"0":"post-592561","1":"post","2":"type-post","3":"status-publish","4":"format-standard","5":"has-post-thumbnail","7":"category-duesseldorf","8":"tag-afd","9":"tag-de","10":"tag-details","11":"tag-deutschland","12":"tag-duesseldorf","13":"tag-duesseltal","14":"tag-germany","15":"tag-heinrichstrasse","16":"tag-nordrhein-westfalen","17":"tag-plaene","18":"tag-zoopark"},"share_on_mastodon":{"url":"https:\/\/pubeurope.com\/@de\/115589520374033236","error":""},"_links":{"self":[{"href":"https:\/\/www.europesays.com\/de\/wp-json\/wp\/v2\/posts\/592561","targetHints":{"allow":["GET"]}}],"collection":[{"href":"https:\/\/www.europesays.com\/de\/wp-json\/wp\/v2\/posts"}],"about":[{"href":"https:\/\/www.europesays.com\/de\/wp-json\/wp\/v2\/types\/post"}],"author":[{"embeddable":true,"href":"https:\/\/www.europesays.com\/de\/wp-json\/wp\/v2\/users\/2"}],"replies":[{"embeddable":true,"href":"https:\/\/www.europesays.com\/de\/wp-json\/wp\/v2\/comments?post=592561"}],"version-history":[{"count":0,"href":"https:\/\/www.europesays.com\/de\/wp-json\/wp\/v2\/posts\/592561\/revisions"}],"wp:featuredmedia":[{"embeddable":true,"href":"https:\/\/www.europesays.com\/de\/wp-json\/wp\/v2\/media\/592562"}],"wp:attachment":[{"href":"https:\/\/www.europesays.com\/de\/wp-json\/wp\/v2\/media?parent=592561"}],"wp:term":[{"taxonomy":"category","embeddable":true,"href":"https:\/\/www.europesays.com\/de\/wp-json\/wp\/v2\/categories?post=592561"},{"taxonomy":"post_tag","embeddable":true,"href":"https:\/\/www.europesays.com\/de\/wp-json\/wp\/v2\/tags?post=592561"}],"curies":[{"name":"wp","href":"https:\/\/api.w.org\/{rel}","templated":true}]}}