{"id":592814,"date":"2025-11-21T22:41:16","date_gmt":"2025-11-21T22:41:16","guid":{"rendered":"https:\/\/www.europesays.com\/de\/592814\/"},"modified":"2025-11-21T22:41:16","modified_gmt":"2025-11-21T22:41:16","slug":"86-laender-im-rennen-um-den-auslands-oscar-auch-deutschland","status":"publish","type":"post","link":"https:\/\/www.europesays.com\/de\/592814\/","title":{"rendered":"86 L\u00e4nder im Rennen um den Auslands-Oscar &#8211; auch Deutschland"},"content":{"rendered":"<p>Im M\u00e4rz werden die Oscars verliehen &#8211; 86 L\u00e4nder k\u00f6nnen sich jetzt Hoffnung auf den Auslands-Oscar machen. Die Filmakademie in Los Angeles listet die weltweiten Beitr\u00e4ge auf, Deutschland ist dabei.<\/p>\n<p class=\"is-first-paragraph\" data-external=\"Article.FirstParagraph\">Filmbeitr\u00e4ge aus 86 L\u00e4ndern bewerben sich f\u00fcr 2026 um den sogenannten Auslands-Oscar. Das teilte die Oscar-Akademie im kalifornischen Beverly Hills mit. Bei den letzten Academy Awards hatten 85 L\u00e4nder die Richtlinien f\u00fcr den Wettbewerb in der Sparte \u00abInternational Feature Film\u00bb erf\u00fcllt. Deutschland ist f\u00fcr die 98. Oscar-Verleihung im kommenden M\u00e4rz mit dem Drama \u00abIn die Sonne schauen\u00bb vertreten.<\/p>\n<p>\u00abIn die Sonne schauen\u00bb trifft auf weltweite Anw\u00e4rter<\/p>\n<p>German Films, die Auslandsvertretung des deutschen Films, hatte den Film der Berliner Regisseurin Mascha Schilinski im vorigen August ausgew\u00e4hlt.<br \/>\nEr handelt von vier jungen Frauen, die zu unterschiedlichen Zeiten auf einem Bauernhof in der Altmark leben. Es geht unter anderem um h\u00e4usliche Gewalt, verdr\u00e4ngte Sehns\u00fcchte und vererbte Traumata.<\/p>\n<p>Frankreich bewirbt sich mit \u00abEin einfacher Unfall\u00bb des iranischen Regisseurs Jafar Panahi, Norwegen mit dem Familiendrama \u00abSentimental Value\u00bb, Spanien mit dem Roadmovie \u00abSir\u00e2t\u00bb, Brasilien mit dem Thriller \u00abThe Secret Agent\u00bb. Die Schweiz schickt \u00abHeldin\u00bb mit Hauptdarstellerin Leonie Benesch ins Rennen.<\/p>\n<p>Vorauswahl im Dezember<\/p>\n<p>Die Academy of Motion Picture Arts and Sciences w\u00e4hlt aus den Bewerbungen 15 Filme f\u00fcr eine \u00abShortlist\u00bb aus, die am 16. Dezember bekanntgegeben werden soll. Daraus werden dann am 22. Januar f\u00fcnf Filme f\u00fcr die Endrunde nominiert. Die 98. Oscar-Verleihung findet am 15. M\u00e4rz 2026 statt.<\/p>\n<p>Im vorigen Januar hatte es f\u00fcr Deutschland der Politthriller \u00abDie Saat des heiligen Feigenbaums\u00bb des Iraners Mohammad Rasoulof in die Oscar-Endrunde geschafft. Die Troph\u00e4e als bester internationaler Film ging am Ende an das brasilianische Drama \u00abF\u00fcr immer hier\u00bb von Walter Salles. 2023 holte die deutsche Literaturverfilmung \u00abIm Westen nichts Neues\u00bb von Regisseur Edward Berger vier Oscars, darunter in der Sparte Internationaler Film.<\/p>\n<p>dpa-infocom GmbH<\/p>\n","protected":false},"excerpt":{"rendered":"Im M\u00e4rz werden die Oscars verliehen &#8211; 86 L\u00e4nder k\u00f6nnen sich jetzt Hoffnung auf den Auslands-Oscar machen. Die&hellip;\n","protected":false},"author":2,"featured_media":592815,"comment_status":"","ping_status":"","sticky":false,"template":"","format":"standard","meta":{"footnotes":""},"categories":[2],"tags":[331,3924,332,3922,3364,29,30,13,14,3923,15,3921,12],"class_list":{"0":"post-592814","1":"post","2":"type-post","3":"status-publish","4":"format-standard","5":"has-post-thumbnail","7":"category-deutschland","8":"tag-aktuelle-nachrichten","9":"tag-aktuelle-nachrichten-aus-deutschland","10":"tag-aktuelle-news","11":"tag-aktuelle-news-aus-deutschland","12":"tag-de","13":"tag-deutschland","14":"tag-germany","15":"tag-headlines","16":"tag-nachrichten","17":"tag-nachrichten-aus-deutschland","18":"tag-news","19":"tag-news-aus-deutschland","20":"tag-schlagzeilen"},"share_on_mastodon":{"url":"https:\/\/pubeurope.com\/@de\/115590102096322831","error":""},"_links":{"self":[{"href":"https:\/\/www.europesays.com\/de\/wp-json\/wp\/v2\/posts\/592814","targetHints":{"allow":["GET"]}}],"collection":[{"href":"https:\/\/www.europesays.com\/de\/wp-json\/wp\/v2\/posts"}],"about":[{"href":"https:\/\/www.europesays.com\/de\/wp-json\/wp\/v2\/types\/post"}],"author":[{"embeddable":true,"href":"https:\/\/www.europesays.com\/de\/wp-json\/wp\/v2\/users\/2"}],"replies":[{"embeddable":true,"href":"https:\/\/www.europesays.com\/de\/wp-json\/wp\/v2\/comments?post=592814"}],"version-history":[{"count":0,"href":"https:\/\/www.europesays.com\/de\/wp-json\/wp\/v2\/posts\/592814\/revisions"}],"wp:featuredmedia":[{"embeddable":true,"href":"https:\/\/www.europesays.com\/de\/wp-json\/wp\/v2\/media\/592815"}],"wp:attachment":[{"href":"https:\/\/www.europesays.com\/de\/wp-json\/wp\/v2\/media?parent=592814"}],"wp:term":[{"taxonomy":"category","embeddable":true,"href":"https:\/\/www.europesays.com\/de\/wp-json\/wp\/v2\/categories?post=592814"},{"taxonomy":"post_tag","embeddable":true,"href":"https:\/\/www.europesays.com\/de\/wp-json\/wp\/v2\/tags?post=592814"}],"curies":[{"name":"wp","href":"https:\/\/api.w.org\/{rel}","templated":true}]}}