{"id":592975,"date":"2025-11-22T00:22:01","date_gmt":"2025-11-22T00:22:01","guid":{"rendered":"https:\/\/www.europesays.com\/de\/592975\/"},"modified":"2025-11-22T00:22:01","modified_gmt":"2025-11-22T00:22:01","slug":"schmalzkuchen-baecker-michael-gross-vor-karstadt-gerettet-vorerst","status":"publish","type":"post","link":"https:\/\/www.europesays.com\/de\/592975\/","title":{"rendered":"Schmalzkuchen-B\u00e4cker Michael Gro\u00df vor Karstadt gerettet \u2013 vorerst"},"content":{"rendered":"<p>Kult-Stand in Hannover <\/p>\n<p>Neue Hoffnung f\u00fcr beliebten Schmalzkuchen-B\u00e4cker<\/p>\n<p>Aktualisiert am 21.11.2025 &#8211; 13:05 UhrLesedauer: 1 Min.<\/p>\n<p><a href=\"#focus-0\" class=\"transition-colors duration-200 block text-current relative\" data-sctrack=\"FocusGalleryImage.Reference\"><img fetchpriority=\"high\" data-testid=\"Opener.Image\" style=\"--lqipURL:url('https:\/\/images.t-online.de\/2025\/11\/al6chigiagFR\/288x369:2985x1679\/fit-in\/150x0\/filters:blur(25)\/schmalzkuchen-baecker-michael-gross-m-und-oberbuergermeister-belit-onay-die-kuendigung-des-beliebten-standes-wurde-vorerst-zurueckgezogen.jpg')\"   loading=\"eager\" src=\"https:\/\/www.europesays.com\/de\/wp-content\/uploads\/2025\/11\/schmalzkuchen-baecker-michael-gross-m-und-oberbuergermeister-belit-onay-die-kuendigung-des-beliebten.jpeg\" alt=\"Schmalzkuchen-B\u00e4cker Michael Gro\u00df (m.) und Oberb\u00fcrgermeister Belit Onay: Die K\u00fcndigung des beliebten Standes wurde vorerst zur\u00fcckgezogen.\" title=\"Schmalzkuchen-B\u00e4cker Michael Gro\u00df (m.) und Oberb\u00fcrgermeister Belit Onay: Die K\u00fcndigung des beliebten Standes wurde vorerst zur\u00fcckgezogen.\" width=\"2985\" height=\"1679\" class=\"bg-[url:var(--lqipURL)] bg-cover bg-center flex h-full w-full max-w-full\" decoding=\"async\"\/><img style=\"--width:32;--height:32\" loading=\"lazy\" src=\"https:\/\/hannover.t-online.de\/s\/paper\/_next\/static\/media\/zoom-in.f7dae02f.svg\" alt=\"Vergr\u00f6\u00dfern des Bildes\" title=\"Vergr\u00f6\u00dfern des Bildes\" class=\"block h-[calc(var(--height)_\/_16_*_1rem)] w-[calc(var(--width)_\/_16_*_1rem)] max-w-none absolute bottom-8 right-8 rounded-4 bg-snow p-8\" decoding=\"async\"\/><\/a><\/p>\n<p>Schmalzkuchen-B\u00e4cker Michael Gro\u00df (m.) und Oberb\u00fcrgermeister Belit Onay: Die K\u00fcndigung des beliebten Standes wurde vorerst zur\u00fcckgezogen. (Quelle: Patrick Schiller)<\/p>\n<p class=\"font-bold text-18 leading-17\">Schmalzkuchen-B\u00e4cker Michael Gro\u00df k\u00e4mpft um seine Existenz: Nach fast 25 Jahren soll er seinen Stand in Hannover aufgeben. Nun gibt es neue Hoffnung.<\/p>\n<p class=\"text-18 leading-17\">Der beliebte Schmalzkuchen-Stand von Michael Gro\u00df unter den Arkaden des ehemaligen Karstadt-Hauses an der Georgstra\u00dfe ist vorerst gerettet. Die K\u00fcndigung wird zur\u00fcckgezogen, verk\u00fcndete Oberb\u00fcrgermeister Belit Onay (Gr\u00fcne) am Freitag. Anfang des neuen Jahres soll es neue Gespr\u00e4che geben.<\/p>\n<p class=\"text-18 leading-17\">Zuvor hatte sich in der Stadt eine gro\u00dfe Welle der Unterst\u00fctzung f\u00fcr Michael Gro\u00df breit gemacht. Eine am Donnerstagabend auf der Plattform &#8222;Change.org&#8220; gestartete Petition sammelte bis Freitagmittag mehr als 4.500 Unterschriften f\u00fcr den Erhalt des Standes. Mehr als 25.000 Menschen gaben einem Beitrag des Instagram-Accounts &#8222;Hannover Memes&#8220;, der auf Gro\u00df&#8216; bevorstehendes Aus hinwies, ein Like.<\/p>\n<p class=\"text-18 leading-17\">Er sei &#8222;v\u00f6llig \u00fcberw\u00e4ltigt&#8220;, sagte der 76 Jahre alte Schmalzkuchen-B\u00e4cker im Gespr\u00e4ch mit der Hannover-Redaktion von t-online. &#8222;Das ist schon fast ein bisschen zu viel Andrang gerade hier, aber ich bin auch sehr dankbar, dass das \u00fcberhaupt passiert&#8220;, sagte Gro\u00df. An seinem Stand hatte er in den vergangenen Tagen bereits selbst Hunderte Unterschriften gesammelt.<\/p>\n<p class=\"text-18 leading-17\">Den Schmalzkuchen-Stand in der Innenstadt Hannovers gibt es seit fast 25 Jahren. Vor kurzem sprach der Eigent\u00fcmer der Immobilie, vor der der Laden steht, eine K\u00fcndigung zum 31. Dezember aus. Als Begr\u00fcndung f\u00fcr das pl\u00f6tzliche Aus nannte der Vermieter ein \u00f6ffentliches Interesse der Stadt an den Arkaden, das auf einen fast 75 Jahre alten Vertrag zur\u00fcckgeht. <a class=\"transition-colors duration-200 cursor-pointer text-inherit no-underline text-salemsfur md:hover:text-magenta md:hover:border-magenta md:focus:text-magenta border-current border-b border-solid break-words\" href=\"https:\/\/hannover.t-online.de\/region\/hannover\/id_101010084\/hannover-schmalzkuchen-stand-an-der-georgstrasse-vor-dem-aus.html\" data-sctrack=\"BodyAnchor\" target=\"_blank\" rel=\"noopener\">Mehr zum Thema erfahren Sie hier.<\/a><\/p>\n","protected":false},"excerpt":{"rendered":"Kult-Stand in Hannover Neue Hoffnung f\u00fcr beliebten Schmalzkuchen-B\u00e4cker Aktualisiert am 21.11.2025 &#8211; 13:05 UhrLesedauer: 1 Min. Schmalzkuchen-B\u00e4cker Michael&hellip;\n","protected":false},"author":2,"featured_media":592976,"comment_status":"","ping_status":"","sticky":false,"template":"","format":"standard","meta":{"footnotes":""},"categories":[1836],"tags":[5933,12171,3364,29,30,46,141420,1411,141421],"class_list":{"0":"post-592975","1":"post","2":"type-post","3":"status-publish","4":"format-standard","5":"has-post-thumbnail","7":"category-hannover","8":"tag-karstadt","9":"tag-belit-onay","10":"tag-de","11":"tag-deutschland","12":"tag-germany","13":"tag-hannover","14":"tag-michael-gross","15":"tag-niedersachsen","16":"tag-schmalzkuchen"},"share_on_mastodon":{"url":"https:\/\/pubeurope.com\/@de\/115590501156648269","error":""},"_links":{"self":[{"href":"https:\/\/www.europesays.com\/de\/wp-json\/wp\/v2\/posts\/592975","targetHints":{"allow":["GET"]}}],"collection":[{"href":"https:\/\/www.europesays.com\/de\/wp-json\/wp\/v2\/posts"}],"about":[{"href":"https:\/\/www.europesays.com\/de\/wp-json\/wp\/v2\/types\/post"}],"author":[{"embeddable":true,"href":"https:\/\/www.europesays.com\/de\/wp-json\/wp\/v2\/users\/2"}],"replies":[{"embeddable":true,"href":"https:\/\/www.europesays.com\/de\/wp-json\/wp\/v2\/comments?post=592975"}],"version-history":[{"count":0,"href":"https:\/\/www.europesays.com\/de\/wp-json\/wp\/v2\/posts\/592975\/revisions"}],"wp:featuredmedia":[{"embeddable":true,"href":"https:\/\/www.europesays.com\/de\/wp-json\/wp\/v2\/media\/592976"}],"wp:attachment":[{"href":"https:\/\/www.europesays.com\/de\/wp-json\/wp\/v2\/media?parent=592975"}],"wp:term":[{"taxonomy":"category","embeddable":true,"href":"https:\/\/www.europesays.com\/de\/wp-json\/wp\/v2\/categories?post=592975"},{"taxonomy":"post_tag","embeddable":true,"href":"https:\/\/www.europesays.com\/de\/wp-json\/wp\/v2\/tags?post=592975"}],"curies":[{"name":"wp","href":"https:\/\/api.w.org\/{rel}","templated":true}]}}