{"id":593242,"date":"2025-11-22T03:05:20","date_gmt":"2025-11-22T03:05:20","guid":{"rendered":"https:\/\/www.europesays.com\/de\/593242\/"},"modified":"2025-11-22T03:05:20","modified_gmt":"2025-11-22T03:05:20","slug":"beschaedigte-huntebruecke-wird-repariert-drei-tage-sperrung","status":"publish","type":"post","link":"https:\/\/www.europesays.com\/de\/593242\/","title":{"rendered":"Besch\u00e4digte Huntebr\u00fccke wird repariert &#8211; drei Tage Sperrung"},"content":{"rendered":"<p>        <img decoding=\"async\" src=\"https:\/\/www.europesays.com\/de\/wp-content\/uploads\/2025\/11\/huntebruecke-112.webp\" alt=\"Eine Eisenbahnbr\u00fccke in Oldenburg.\" title=\"Eine Eisenbahnbr\u00fccke in Oldenburg. | Andreas Sahlmann, Deutsche Bahn\" class=\"responsive\"\/><\/p>\n<p>\n            Stand: 21.11.2025 20:01 Uhr<\/p>\n<p class=\"preface\">Die Reparatur der besch\u00e4digten Huntebr\u00fccke in Oldenburg kommt laut Bahn voran. Ab dem 9. Dezember soll die Br\u00fccke wieder zweigleisig befahrbar sein, k\u00fcndigte das Unternehmen am Freitag an. <\/p>\n<p class=\"\">F\u00fcr die Reparatur werde die Br\u00fccke \u00fcber das Wochenende vom 6. bis 8. Dezember voll gesperrt.\u00a0Die Arbeiten sollen demnach am 5. Dezember um 23 Uhr beginnen und am 8. Dezember ebenfalls um 23 Uhr enden. In die Br\u00fcckenkonstruktion werden laut Bahn zwei spezielle, f\u00fcnf Meter hohe und \u00fcber eine Tonne schwere St\u00fctzen eingebaut. Danach sei der Engpass auf der Strecke Bremen-Leer behoben, so die Bahn. Dann k\u00f6nnten Z\u00fcge wieder planm\u00e4\u00dfig die Br\u00fccke passieren. \u00dcblicherweise passieren nach Bahnangaben t\u00e4glich mehr als\u00a0100 Z\u00fcge das\u00a0rund 70 Jahre alte Bauwerk. J\u00fcngst hatte ein B\u00fcndnis aus Wirtschaft, Verb\u00e4nden und regionalen Institutionen in einer Resolution die <a href=\"https:\/\/www.ndr.de\/nachrichten\/niedersachsen\/oldenburg_ostfriesland\/beschaedigte-huntebruecke-in-oldenburg-buendnis-legt-resolution-vor,huntebruecke-116.html\" title=\"Besch\u00e4digte Huntebr\u00fccke in Oldenburg: B\u00fcndnis legt Resolution vor\" target=\"_blank\" rel=\"noopener\">schnellstm\u00f6gliche Reparatur der Br\u00fccke<\/a> und die Wiederherstellung des Betriebs gefordert.<\/p>\n<p>\n            <strong>Video:<\/strong><br \/>\n            Huntebr\u00fccke bei Oldenburg besch\u00e4digt &#8211; Probleme im Zugverkehr (1 Min)\n        <\/p>\n<p>    Einschr\u00e4nkungen seit dem 5. November<\/p>\n<p class=\"\">Wegen einer Besch\u00e4digung ist die Br\u00fccke seit 5. November nur eingleisig und langsamer als \u00fcblich befahrbar. Es kommt zu Versp\u00e4tungen und Ausf\u00e4llen. Wie die Deutsche Bahn mitteilte, fielen die Sch\u00e4den bei planm\u00e4\u00dfigen Instandsetzungsarbeiten an der Eisenbahnklappbr\u00fccke auf. Demnach wurde im Tr\u00e4gerteil\u00a0eines Gegengewichts\u00a0der Br\u00fccke ein Riss entdeckt. Bei dem besch\u00e4digten Bauwerk handelt es sich nicht um die gleichnamige Huntebr\u00fccke bei Elsfleth, einige Kilometer weiter \u00f6stlich. Dort steht derzeit eine Behelfsbr\u00fccke, nachdem ein <a href=\"https:\/\/www.ndr.de\/nachrichten\/niedersachsen\/oldenburg_ostfriesland\/huntebruecke-in-elsfleth-mit-schiff-gerammt-kapitaen-verurteilt,huntebruecke-100.html\" title=\"Huntebr\u00fccke in Elsfleth mit Schiff gerammt: Kapit\u00e4n verurteilt\" target=\"_blank\" rel=\"noopener\">Binnenschiff die regul\u00e4re Eisenbahnbr\u00fccke<\/a> besch\u00e4digt hatte.<\/p>\n<p>        <img decoding=\"async\" src=\"https:\/\/www.europesays.com\/de\/wp-content\/uploads\/2025\/11\/huntebruecke-108.webp\" alt=\"Die Eisenbahn-Klappbr\u00fccke \u00fcber die Hunte in Oldenburg ist besch\u00e4digt\" title=\"Die Eisenbahn-Klappbr\u00fccke \u00fcber die Hunte in Oldenburg ist besch\u00e4digt | Screenshot\/NDR\" class=\"responsive\" loading=\"lazy\"\/><\/p>\n<p>Der Engpass an der Huntebr\u00fccke sorgt weiter f\u00fcr Probleme im Bahnverkehr &#8211; und f\u00fcr wachsenden Druck auf Politik und Bahn.<\/p>\n<p>        <img decoding=\"async\" src=\"https:\/\/www.europesays.com\/de\/wp-content\/uploads\/2025\/11\/huntebruecke-112.webp\" alt=\"Eine Eisenbahnbr\u00fccke in Oldenburg.\" title=\"Eine Eisenbahnbr\u00fccke in Oldenburg. | Andreas Sahlmann, Deutsche Bahn\" class=\"responsive\" loading=\"lazy\"\/><\/p>\n<p>Die besch\u00e4digte Br\u00fccke in Oldenburg sorgt wochenlang f\u00fcr Zugausf\u00e4lle und Versp\u00e4tungen. Fernverkehrsz\u00fcge fallen komplett aus.<\/p>\n<p>Dieses Thema im Programm:<\/p>\n<p>                NDR 1 Niedersachsen | Aktuell | 21.11.2025 | 19:00 Uhr<\/p>\n","protected":false},"excerpt":{"rendered":"Stand: 21.11.2025 20:01 Uhr Die Reparatur der besch\u00e4digten Huntebr\u00fccke in Oldenburg kommt laut Bahn voran. Ab dem 9.&hellip;\n","protected":false},"author":2,"featured_media":593243,"comment_status":"","ping_status":"","sticky":false,"template":"","format":"standard","meta":{"footnotes":""},"categories":[5],"tags":[331,332,1739,2227,3364,29,30,13,137107,14,15,3560,5087,12,2224],"class_list":{"0":"post-593242","1":"post","2":"type-post","3":"status-publish","4":"format-standard","5":"has-post-thumbnail","7":"category-nachrichten","8":"tag-aktuelle-nachrichten","9":"tag-aktuelle-news","10":"tag-bahn","11":"tag-bahnverkehr","12":"tag-de","13":"tag-deutschland","14":"tag-germany","15":"tag-headlines","16":"tag-huntebruecke","17":"tag-nachrichten","18":"tag-news","19":"tag-oldenburg","20":"tag-reparatur","21":"tag-schlagzeilen","22":"tag-sperrung"},"share_on_mastodon":{"url":"https:\/\/pubeurope.com\/@de\/115591141149919484","error":""},"_links":{"self":[{"href":"https:\/\/www.europesays.com\/de\/wp-json\/wp\/v2\/posts\/593242","targetHints":{"allow":["GET"]}}],"collection":[{"href":"https:\/\/www.europesays.com\/de\/wp-json\/wp\/v2\/posts"}],"about":[{"href":"https:\/\/www.europesays.com\/de\/wp-json\/wp\/v2\/types\/post"}],"author":[{"embeddable":true,"href":"https:\/\/www.europesays.com\/de\/wp-json\/wp\/v2\/users\/2"}],"replies":[{"embeddable":true,"href":"https:\/\/www.europesays.com\/de\/wp-json\/wp\/v2\/comments?post=593242"}],"version-history":[{"count":0,"href":"https:\/\/www.europesays.com\/de\/wp-json\/wp\/v2\/posts\/593242\/revisions"}],"wp:featuredmedia":[{"embeddable":true,"href":"https:\/\/www.europesays.com\/de\/wp-json\/wp\/v2\/media\/593243"}],"wp:attachment":[{"href":"https:\/\/www.europesays.com\/de\/wp-json\/wp\/v2\/media?parent=593242"}],"wp:term":[{"taxonomy":"category","embeddable":true,"href":"https:\/\/www.europesays.com\/de\/wp-json\/wp\/v2\/categories?post=593242"},{"taxonomy":"post_tag","embeddable":true,"href":"https:\/\/www.europesays.com\/de\/wp-json\/wp\/v2\/tags?post=593242"}],"curies":[{"name":"wp","href":"https:\/\/api.w.org\/{rel}","templated":true}]}}