{"id":593562,"date":"2025-11-22T06:11:15","date_gmt":"2025-11-22T06:11:15","guid":{"rendered":"https:\/\/www.europesays.com\/de\/593562\/"},"modified":"2025-11-22T06:11:15","modified_gmt":"2025-11-22T06:11:15","slug":"restaurants-beets-roots-und-kaisers-kaiserschmarrn-eroeffnen-bald","status":"publish","type":"post","link":"https:\/\/www.europesays.com\/de\/593562\/","title":{"rendered":"Restaurants beets &#038; roots und Kaisers Kaiserschmarrn er\u00f6ffnen bald"},"content":{"rendered":"<p>Gastro-Szene in Bremen <\/p>\n<p>Zwei Restaurant-Ketten k\u00fcndigen baldige Er\u00f6ffnung an<\/p>\n<p>22.11.2025 &#8211; 07:03 UhrLesedauer: 1 Min.<\/p>\n<p><a href=\"#focus-0\" class=\"transition-colors duration-200 block text-current relative\" data-sctrack=\"FocusGalleryImage.Reference\"><img fetchpriority=\"high\" data-testid=\"Opener.Image\" style=\"--lqipURL:url('https:\/\/images.t-online.de\/2021\/06\/89174880v2\/0x35:1920x1080\/fit-in\/150x0\/filters:blur(25)\/eine-frau-isst-eine-vegetarische-buddha-bowl-wer-sich-vitiamin-und-ballaststoffreich-ernaehrt-kommt-besser-durch-den-lockdown.jpg')\"   loading=\"eager\" src=\"https:\/\/www.europesays.com\/de\/wp-content\/uploads\/2025\/11\/eine-frau-isst-eine-vegetarische-buddha-bowl-wer-sich-vitiamin-und-ballaststoffreich-ernaehrt-kommt-.jpeg\" alt=\"Eine Frau isst eine vegetarische &quot;Buddha-Bowl&quot;. Wer sich vitiamin- und ballaststoffreich ern\u00e4hrt, kommt besser durch den Lockdown.\" title=\"Eine Frau isst eine vegetarische &quot;Buddha-Bowl&quot;. Wer sich vitiamin- und ballaststoffreich ern\u00e4hrt, kommt besser durch den Lockdown.\" width=\"1920\" height=\"1080\" class=\"bg-[url:var(--lqipURL)] bg-cover bg-center flex h-full w-full max-w-full\" decoding=\"async\"\/><img style=\"--width:32;--height:32\" loading=\"lazy\" src=\"https:\/\/bremen.t-online.de\/s\/paper\/_next\/static\/media\/zoom-in.f7dae02f.svg\" alt=\"Vergr\u00f6\u00dfern des Bildes\" title=\"Vergr\u00f6\u00dfern des Bildes\" class=\"block h-[calc(var(--height)_\/_16_*_1rem)] w-[calc(var(--width)_\/_16_*_1rem)] max-w-none absolute bottom-8 right-8 rounded-4 bg-snow p-8\" decoding=\"async\"\/><\/a><\/p>\n<p>Eine Frau isst eine vegetarische Bowl (Symbolbild): In Bremen gibt es solche bald in der Langestra\u00dfe. (Quelle: Foxys_forest_manufacture\/getty-images-bilder)<\/p>\n<p class=\"font-bold text-18 leading-17\">Neuzug\u00e4nge in Bremen: Nach dem Jahreswechsel er\u00f6ffnen zwei Gastro-Ketten in der Hansestadt. Worauf sich Besucher freuen k\u00f6nnen.<\/p>\n<p class=\"text-18 leading-17\">In der Gastronomieszene in <a target=\"_blank\" class=\"transition-colors duration-200 cursor-pointer text-inherit no-underline text-salemsfur md:hover:text-magenta md:hover:border-magenta md:focus:text-magenta border-current border-b border-solid break-words\" href=\"https:\/\/bremen.t-online.de\/region\/bremen\/\" data-sctrack=\"BodyAnchor\" rel=\"noopener\">Bremen<\/a> tut sich schon zeitnah wieder etwas. F\u00fcr das erste Halbjahr 2026 k\u00fcndigen sich zwei Neuer\u00f6ffnungen an. Bereits zu Anfang des Jahres zieht das Restaurant &#8222;beets &amp; roots&#8220; ins Erdgeschoss im Neuen Essighaus an der Langenstra\u00dfe. Dort wird das Lokal Teil einer regelrechten Gastromeile. <a class=\"transition-colors duration-200 cursor-pointer text-inherit no-underline text-salemsfur md:hover:text-magenta md:hover:border-magenta md:focus:text-magenta border-current border-b border-solid break-words\" href=\"https:\/\/bremen.t-online.de\/region\/bremen\/id_100823572\/bremen-langenstrasse-wird-gastromeile-viele-restaurants-eroeffnen.html\" data-sctrack=\"BodyAnchor\" target=\"_blank\" rel=\"noopener\">Mehr dazu lesen Sie hier<\/a>.<\/p>\n<p class=\"text-18 leading-17\">Die 2016 in Berlin gegr\u00fcndete Kette verfolgt ein Fast-Casual-Konzept und bietet \u00fcberwiegend vegetarische Bowls, Wraps, Salate und Suppen an. Inzwischen sind die verschiedenen Standorte deutschlandweit verteilt. So gibt es etwa Filialen in <a target=\"_blank\" class=\"transition-colors duration-200 cursor-pointer text-inherit no-underline text-salemsfur md:hover:text-magenta md:hover:border-magenta md:focus:text-magenta border-current border-b border-solid break-words\" href=\"https:\/\/hamburg.t-online.de\/region\/hamburg\/\" data-sctrack=\"BodyAnchor\" rel=\"noopener\">Hamburg<\/a>, Berlin, <a target=\"_blank\" class=\"transition-colors duration-200 cursor-pointer text-inherit no-underline text-salemsfur md:hover:text-magenta md:hover:border-magenta md:focus:text-magenta border-current border-b border-solid break-words\" href=\"https:\/\/frankfurt.t-online.de\/region\/frankfurt-am-main\/\" data-sctrack=\"BodyAnchor\" rel=\"noopener\">Frankfurt<\/a>, <a target=\"_blank\" class=\"transition-colors duration-200 cursor-pointer text-inherit no-underline text-salemsfur md:hover:text-magenta md:hover:border-magenta md:focus:text-magenta border-current border-b border-solid break-words\" href=\"https:\/\/duesseldorf.t-online.de\/region\/duesseldorf\/\" data-sctrack=\"BodyAnchor\" rel=\"noopener\">D\u00fcsseldorf<\/a>, <a target=\"_blank\" class=\"transition-colors duration-200 cursor-pointer text-inherit no-underline text-salemsfur md:hover:text-magenta md:hover:border-magenta md:focus:text-magenta border-current border-b border-solid break-words\" href=\"https:\/\/stuttgart.t-online.de\/region\/stuttgart\/\" data-sctrack=\"BodyAnchor\" rel=\"noopener\">Stuttgart<\/a>, <a target=\"_blank\" class=\"transition-colors duration-200 cursor-pointer text-inherit no-underline text-salemsfur md:hover:text-magenta md:hover:border-magenta md:focus:text-magenta border-current border-b border-solid break-words\" href=\"https:\/\/nuernberg.t-online.de\/region\/nuernberg\/\" data-sctrack=\"BodyAnchor\" rel=\"noopener\">N\u00fcrnberg<\/a> und K\u00f6ln.<\/p>\n<p class=\"text-18 leading-17\">Der Standort in Bremen erstreckt sich auf rund 132 Quadratmetern. Hier k\u00f6nnen die G\u00e4ste entweder vor Ort essen oder auf To-go-Angebote zur\u00fcckgreifen. Die Bestellungen werden \u00fcber eine App entgegengenommen. Auch Caterings f\u00fcr Firmenkunden sollen angeboten werden.<\/p>\n<p class=\"text-18 leading-17\">Doch nicht nur die Langestra\u00dfe erh\u00e4lt im ersten Halbjahr von 2026 Zuwachs. Die Waterfront Bremen erweitert ihr gastronomisches Angebot mit der Kette &#8222;Kaiser&#8217;s Kaiser&#8217;schmarrn&#8220;. Darauf weist ein &#8222;Coming soon&#8220; auf der Internetseite des Unternehmens hin.<\/p>\n<p class=\"text-18 leading-17\">Bei Kaiser&#8217;s gibt es verschiedene Kaiserschmarrn-Varianten, sowohl traditionelle als auch spezielle Kombinationen. Beispiele sind Classic Kaiser&#8217;schmarrn mit Apfel-Zimt-Vanille oder Apfelmus sowie spezielle Versionen wie Nutella-Erdbeer-Vanille oder Pistazie-Nutella-Vanille. Kostenpunkt: zwischen 8 und 12 Euro. Ein genaues Datum f\u00fcr die Er\u00f6ffnung steht noch nicht fest.<\/p>\n","protected":false},"excerpt":{"rendered":"Gastro-Szene in Bremen Zwei Restaurant-Ketten k\u00fcndigen baldige Er\u00f6ffnung an 22.11.2025 &#8211; 07:03 UhrLesedauer: 1 Min. Eine Frau isst&hellip;\n","protected":false},"author":2,"featured_media":593563,"comment_status":"","ping_status":"","sticky":false,"template":"","format":"standard","meta":{"footnotes":""},"categories":[1824],"tags":[611,522,2420,3364,29,3405,2051,22949,30,18118,2280,141875,3893,21755,58242,1598,1441],"class_list":{"0":"post-593562","1":"post","2":"type-post","3":"status-publish","4":"format-standard","5":"has-post-thumbnail","7":"category-bremen","8":"tag-611","9":"tag-522","10":"tag-bremen","11":"tag-de","12":"tag-deutschland","13":"tag-duesseldorf","14":"tag-frankfurt-am-main","15":"tag-gastronomieszene","16":"tag-germany","17":"tag-hansestadt","18":"tag-jahreswechsel","19":"tag-langestrasse","20":"tag-neueroeffnung","21":"tag-neuzugang","22":"tag-nutella","23":"tag-restaurant","24":"tag-stuttgart"},"share_on_mastodon":{"url":"https:\/\/pubeurope.com\/@de\/115591871774665060","error":""},"_links":{"self":[{"href":"https:\/\/www.europesays.com\/de\/wp-json\/wp\/v2\/posts\/593562","targetHints":{"allow":["GET"]}}],"collection":[{"href":"https:\/\/www.europesays.com\/de\/wp-json\/wp\/v2\/posts"}],"about":[{"href":"https:\/\/www.europesays.com\/de\/wp-json\/wp\/v2\/types\/post"}],"author":[{"embeddable":true,"href":"https:\/\/www.europesays.com\/de\/wp-json\/wp\/v2\/users\/2"}],"replies":[{"embeddable":true,"href":"https:\/\/www.europesays.com\/de\/wp-json\/wp\/v2\/comments?post=593562"}],"version-history":[{"count":0,"href":"https:\/\/www.europesays.com\/de\/wp-json\/wp\/v2\/posts\/593562\/revisions"}],"wp:featuredmedia":[{"embeddable":true,"href":"https:\/\/www.europesays.com\/de\/wp-json\/wp\/v2\/media\/593563"}],"wp:attachment":[{"href":"https:\/\/www.europesays.com\/de\/wp-json\/wp\/v2\/media?parent=593562"}],"wp:term":[{"taxonomy":"category","embeddable":true,"href":"https:\/\/www.europesays.com\/de\/wp-json\/wp\/v2\/categories?post=593562"},{"taxonomy":"post_tag","embeddable":true,"href":"https:\/\/www.europesays.com\/de\/wp-json\/wp\/v2\/tags?post=593562"}],"curies":[{"name":"wp","href":"https:\/\/api.w.org\/{rel}","templated":true}]}}