{"id":593599,"date":"2025-11-22T06:33:16","date_gmt":"2025-11-22T06:33:16","guid":{"rendered":"https:\/\/www.europesays.com\/de\/593599\/"},"modified":"2025-11-22T06:33:16","modified_gmt":"2025-11-22T06:33:16","slug":"hertha-chef-ueber-proteste-fussballkultur-aufrechterhalten-fussball","status":"publish","type":"post","link":"https:\/\/www.europesays.com\/de\/593599\/","title":{"rendered":"Hertha-Chef \u00fcber Proteste: \u00abFu\u00dfballkultur aufrechterhalten\u00bb | Fussball"},"content":{"rendered":"<p>Personalisierte Tickets und strengere Stadionverbote? Fans schlagen Alarm. Wie Hertha Einfluss auf die geplanten Ma\u00dfnahmen nehmen will.<\/p>\n<p id=\"absatz1\" class=\"em_text\">Hertha-Gesch\u00e4ftsf\u00fchrer Peter G\u00f6rlich will die Belange der Fu\u00dfball-Fans gegen die geplanten Sicherheitsma\u00dfnahmen der Politik in deutschen Stadien unterst\u00fctzen. \u00abIn der Demokratie ist das letzte Wort nie gesprochen. Also d\u00fcrfen sie sich auch artikulieren, solange das respektvoll abl\u00e4uft. Sie haben Kritik ge\u00fcbt, das d\u00fcrfen sie\u00bb, sagte der 58-J\u00e4hrige nach der Partie des Zweitligisten gegen Eintracht Braunschweig \u00fcber die Proteste der Fans.<\/p>\n<p id=\"absatz2\" class=\"em_text\">Im Berliner Olympiastadion stellten beide Fanlager in den ersten zw\u00f6lf Spielminuten die Ges\u00e4nge und Anfeuerungen ein. Genauso soll es an diesem Wochenende auch in den anderen Stadien laufen. \u00abWir haben erlebt, was wir nicht wollen, die ersten zw\u00f6lf Minuten. Das ist genau das, was wir eigentlich nicht als Fu\u00dfballkultur verstehen\u00bb, sagte G\u00f6rlich.<\/p>\n<p>Hertha im Austausch mit DFB und Politik<\/p>\n<p><a class=\"link-img\" href=\"https:\/\/www.mt.de\/_em_daten\/_cache\/image\/1xRG40QnZPblJGUERFT2htK3BoVmI1bDZxemNXUVYwN1VxY0NSdVNTWENpamZWM2g2KysxVWVweEFiNkFxU2IxNmxEU2xSUldQUXNyc2JoNDJmWk9oNHlmUDFYRWpTWCtTbTlJem1mRmJqRjFramFmd2RpZlVkeFFXeVJUOXJOdjY\/251122-0420-urn-newsml-dpa-com-20090101-251122-935-971023.webp\" data-fancybox=\"images\" data-caption=\"Fans von Eintracht Braunschweig haben protestiert. - \u00a9 Andreas Gora\/dpa\" target=\"_blank\" rel=\"noopener\"><br \/>\n<img decoding=\"async\"  src=\"https:\/\/www.europesays.com\/de\/wp-content\/uploads\/2025\/11\/251122-0420-urn-newsml-dpa-com-20090101-251122-935-971023.webp.webp\" loading=\"lazy\" width=\"1000\" alt=\"Fans von Eintracht Braunschweig haben protestiert. - \u00a9 Andreas Gora\/dpa\"\/><\/p>\n<p><\/a><\/p>\n<p>Fans von Eintracht Braunschweig haben protestiert. &#8211; \u00a9 Andreas Gora\/dpa<\/p>\n<p id=\"absatz5\" class=\"em_text\">\u00abWir arbeiten sehr intensiv daran, dass wir unseren Einfluss geltend machen k\u00f6nnen\u00bb, sagte der Gesch\u00e4ftsf\u00fchrer \u00fcber Herthas Vorgehen. Am Freitag waren DFB-Pr\u00e4sident Bernd Neuendorf und Berlins Innensenatorin Iris Spranger (SPD) zu Besuch. \u00abDas sind schon Themen, die wir gemeinsam mit denen machen, wo wir unseren Einfluss auch geltend machen und uns auch tats\u00e4chlich dahin positionieren, dass wir die Fu\u00dfballkultur in der eigentlichen Form beibehalten wollen\u00bb, sagte G\u00f6rlich.<\/p>\n<p id=\"absatz6\" class=\"em_text\">\u00dcber das Thema Stadionsicherheit wird vom 3. bis 5. Dezember bei der Herbsttagung der Innenministerkonferenz in Bremen diskutiert. Im Gespr\u00e4ch sind unter anderem personalisierte Tickets bei Fu\u00dfballspielen und eine Versch\u00e4rfung der Stadionverbotsrichtlinien. Die organisierten Fans in Deutschland wehren sich dagegen. Jeder einzelne Verein wisse, dass er auf seine Fans angewiesen sei, sagte G\u00f6rlich. <\/p>\n","protected":false},"excerpt":{"rendered":"Personalisierte Tickets und strengere Stadionverbote? Fans schlagen Alarm. Wie Hertha Einfluss auf die geplanten Ma\u00dfnahmen nehmen will. Hertha-Gesch\u00e4ftsf\u00fchrer&hellip;\n","protected":false},"author":2,"featured_media":593600,"comment_status":"","ping_status":"","sticky":false,"template":"","format":"standard","meta":{"footnotes":""},"categories":[1825],"tags":[127671,1941,1939,296,1937,29,481,8704,5282,30,1088,1940,1938,4277,141898,105624],"class_list":{"0":"post-593599","1":"post","2":"type-post","3":"status-publish","4":"format-standard","5":"has-post-thumbnail","7":"category-berlin","8":"tag-fuballkultur","9":"tag-aktuelle-nachrichten-aus-berlin","10":"tag-aktuelle-news-aus-berlin","11":"tag-berlin","12":"tag-berlin-news","13":"tag-deutschland","14":"tag-dfb","15":"tag-eintracht-braunschweig","16":"tag-fuball","17":"tag-germany","18":"tag-hertha-bsc","19":"tag-nachrichten-aus-berlin","20":"tag-news-aus-berlin","21":"tag-olympiastadion-berlin","22":"tag-peter-grlich","23":"tag-stadionverbot"},"share_on_mastodon":{"url":"","error":""},"_links":{"self":[{"href":"https:\/\/www.europesays.com\/de\/wp-json\/wp\/v2\/posts\/593599","targetHints":{"allow":["GET"]}}],"collection":[{"href":"https:\/\/www.europesays.com\/de\/wp-json\/wp\/v2\/posts"}],"about":[{"href":"https:\/\/www.europesays.com\/de\/wp-json\/wp\/v2\/types\/post"}],"author":[{"embeddable":true,"href":"https:\/\/www.europesays.com\/de\/wp-json\/wp\/v2\/users\/2"}],"replies":[{"embeddable":true,"href":"https:\/\/www.europesays.com\/de\/wp-json\/wp\/v2\/comments?post=593599"}],"version-history":[{"count":0,"href":"https:\/\/www.europesays.com\/de\/wp-json\/wp\/v2\/posts\/593599\/revisions"}],"wp:featuredmedia":[{"embeddable":true,"href":"https:\/\/www.europesays.com\/de\/wp-json\/wp\/v2\/media\/593600"}],"wp:attachment":[{"href":"https:\/\/www.europesays.com\/de\/wp-json\/wp\/v2\/media?parent=593599"}],"wp:term":[{"taxonomy":"category","embeddable":true,"href":"https:\/\/www.europesays.com\/de\/wp-json\/wp\/v2\/categories?post=593599"},{"taxonomy":"post_tag","embeddable":true,"href":"https:\/\/www.europesays.com\/de\/wp-json\/wp\/v2\/tags?post=593599"}],"curies":[{"name":"wp","href":"https:\/\/api.w.org\/{rel}","templated":true}]}}