{"id":593621,"date":"2025-11-22T06:46:15","date_gmt":"2025-11-22T06:46:15","guid":{"rendered":"https:\/\/www.europesays.com\/de\/593621\/"},"modified":"2025-11-22T06:46:15","modified_gmt":"2025-11-22T06:46:15","slug":"er-lacht-ein-heiseres-lachen-howard-carpendale-berichtet-ueber-missbrauch-als-kind","status":"publish","type":"post","link":"https:\/\/www.europesays.com\/de\/593621\/","title":{"rendered":"&#8222;Er lacht ein heiseres Lachen&#8220;: Howard Carpendale berichtet \u00fcber Missbrauch als Kind"},"content":{"rendered":"<p>&#8222;Er lacht ein heiseres Lachen&#8220;Howard Carpendale berichtet \u00fcber Missbrauch als Kind<img decoding=\"async\" class=\"Image_img__fQCi0 Image_Img_16_9__4BLfH widget-picture-inline_maximizable__t_E7h\" loading=\"eager\" fetchpriority=\"high\" src=\"https:\/\/www.europesays.com\/de\/wp-content\/uploads\/2025\/11\/Schlagersaenger-Howard-Carpendale-bei-Schlagerbooom-2025-Alles-funkelt-Alles-glitzert-in-der-Westfal.webp\" alt=\"Schlagersaenger-Howard-Carpendale-bei-Schlagerbooom-2025-Alles-funkelt-Alles-glitzert-in-der-Westfalenhalle-Dortmund-18-10\"\/>&#8222;Dieser Mann h\u00e4tte sonst was mit mir anstellen k\u00f6nnen. Er h\u00e4tte mich umbringen k\u00f6nnen&#8220;, schreibt Carpendale. (Foto: picture alliance \/ Panama Pictures)TeilenFolgen auf:<a href=\"https:\/\/www.whatsapp.com\/channel\/0029Va5cdVJD8SDp5YZgYF01\" title=\"Auf WhatsApp folgen\" target=\"_blank\" rel=\"noopener\"><img decoding=\"async\" src=\"https:\/\/www.n-tv.de\/socialIcons\/whatsapp.svg\" alt=\"whatsapp\" class=\"ArticleShare_icon__FsrC2\"\/><\/a><a href=\"https:\/\/news.google.com\/publications\/CAAiEPMdif5mpRNxiLOeUpHCwwsqFAgKIhDzHYn-ZqUTcYiznlKRwsML?hl=de&amp;gl=DE&amp;ceid=DE%3Ade\" title=\"Auf Google News folgen\" target=\"_blank\" rel=\"noopener\"><img decoding=\"async\" src=\"https:\/\/www.n-tv.de\/socialIcons\/google.svg\" alt=\"whatsapp\" class=\"ArticleShare_icon__FsrC2\"\/><\/a><\/p>\n<p class=\"Typography_text-m__XI0da Typography_weight-bold__uT6mq storyline_lead_text_leadtext__q_wg8\">In einem Buch blickt der S\u00e4nger Howard Carpendale auf sein Leben zur\u00fcck. Der geb\u00fcrtige S\u00fcdafrikaner offenbart dabei auch schmerzhafte Erinnerungen an seine Kindheit. Es geht um einen Vorfall mit einem Bekannten seiner Eltern, Carpendale war damals zehn Jahre alt.<\/p>\n<p class=\"Typography_text-default__P3otY Typography_weight-normal__pqUbH storyline_paragraph_p__qSR5N\">Der S\u00e4nger Howard Carpendale hat in seiner Kindheit Missbrauchserfahrungen gemacht. Laut &#8222;Bild&#8220;-Zeitung geht es um einen Vorfall als Zehnj\u00e4hriger in seiner damaligen Heimat S\u00fcdafrika. Passiert sei es nach einem Kinobesuch durch einen Bekannten seiner Eltern, zitiert die Zeitung aus dem Buch &#8222;Unerwartet&#8220;, das am Mittwoch erscheint. <\/p>\n<p class=\"Typography_text-default__P3otY Typography_weight-normal__pqUbH storyline_paragraph_p__qSR5N\">Der Mann, ein Matrose, habe bei einem Besuch bei Carpendale zu Hause die Eltern gefragt, ob er mit dem Jungen ins Kino gehen d\u00fcrfe. Die Eltern willigten ein. Nach dem Kinobesuch habe sich der Seemann mit ihm auf eine Parkbank gesetzt und erst sein Knie, dann sein Bein angefasst, wie der 79-J\u00e4hrige in dem Buch schildert. &#8222;Mit seiner riesigen Hand greift er nach meinem linken Knie. Er t\u00e4tschelt es. Und lacht, ein heiseres Lachen. Seine Hand streift mein Bein hinauf, immer h\u00f6her.&#8220;<\/p>\n<p class=\"Typography_text-default__P3otY Typography_weight-normal__pqUbH storyline_paragraph_p__qSR5N\">Ein Schock f\u00fcr den Zehnj\u00e4hrigen, er sei erstarrt. Er habe nicht gewusst, was er tun sollte, zitiert die &#8222;Bild&#8220;-Zeitung Carpendale. Nach einer Weile sei der Seemann aufgestanden, habe beide H\u00e4nde in die Hosentaschen gesteckt und gesagt: &#8222;Let&#8217;s go.&#8220; Noch zweimal sei das so passiert, bis der Mann nicht mehr aufgetaucht sei. <\/p>\n<p class=\"Typography_text-default__P3otY Typography_weight-normal__pqUbH storyline_paragraph_p__qSR5N\">Seinen Eltern erz\u00e4hlte Carpendale zwar sp\u00e4ter davon, sie h\u00e4tten aber geschwiegen. Dass sie ihn \u00fcberhaupt mit dem Mann mitgehen lie\u00dfen, kann der in M\u00fcnchen lebende S\u00e4nger demnach bis heute nicht nachvollziehen. &#8222;Dieser Mann h\u00e4tte sonst was mit mir anstellen k\u00f6nnen. Er h\u00e4tte mich umbringen k\u00f6nnen&#8220;, schreibt er nach &#8222;Bild&#8220;-Angaben in seinem Buch. Carpendale vermutet, seine Eltern h\u00e4tten sich gar nicht vorstellen k\u00f6nnen, dass sich ein erwachsener Mann an einem Jungen vergreift. &#8222;\u00dcber Sexualit\u00e4t sprach man nicht.&#8220; P\u00e4dophilie sei ein Tabuthema gewesen. <\/p>\n<p class=\"Typography_text-s__wu_cm Typography_weight-normal__pqUbH Typography_color-darkgrey__sZEnP article-detail-footer_source__KslPc\">Quelle: ntv.de, jog\/dpa<\/p>\n","protected":false},"excerpt":{"rendered":"&#8222;Er lacht ein heiseres Lachen&#8220;Howard Carpendale berichtet \u00fcber Missbrauch als Kind&#8222;Dieser Mann h\u00e4tte sonst was mit mir anstellen&hellip;\n","protected":false},"author":2,"featured_media":593622,"comment_status":"","ping_status":"","sticky":false,"template":"","format":"standard","meta":{"footnotes":""},"categories":[155],"tags":[29,214,30,5502,7116,215],"class_list":{"0":"post-593621","1":"post","2":"type-post","3":"status-publish","4":"format-standard","5":"has-post-thumbnail","7":"category-unterhaltung","8":"tag-deutschland","9":"tag-entertainment","10":"tag-germany","11":"tag-sexueller-missbrauch","12":"tag-suedafrika","13":"tag-unterhaltung"},"share_on_mastodon":{"url":"https:\/\/pubeurope.com\/@de\/115592010838958574","error":""},"_links":{"self":[{"href":"https:\/\/www.europesays.com\/de\/wp-json\/wp\/v2\/posts\/593621","targetHints":{"allow":["GET"]}}],"collection":[{"href":"https:\/\/www.europesays.com\/de\/wp-json\/wp\/v2\/posts"}],"about":[{"href":"https:\/\/www.europesays.com\/de\/wp-json\/wp\/v2\/types\/post"}],"author":[{"embeddable":true,"href":"https:\/\/www.europesays.com\/de\/wp-json\/wp\/v2\/users\/2"}],"replies":[{"embeddable":true,"href":"https:\/\/www.europesays.com\/de\/wp-json\/wp\/v2\/comments?post=593621"}],"version-history":[{"count":0,"href":"https:\/\/www.europesays.com\/de\/wp-json\/wp\/v2\/posts\/593621\/revisions"}],"wp:featuredmedia":[{"embeddable":true,"href":"https:\/\/www.europesays.com\/de\/wp-json\/wp\/v2\/media\/593622"}],"wp:attachment":[{"href":"https:\/\/www.europesays.com\/de\/wp-json\/wp\/v2\/media?parent=593621"}],"wp:term":[{"taxonomy":"category","embeddable":true,"href":"https:\/\/www.europesays.com\/de\/wp-json\/wp\/v2\/categories?post=593621"},{"taxonomy":"post_tag","embeddable":true,"href":"https:\/\/www.europesays.com\/de\/wp-json\/wp\/v2\/tags?post=593621"}],"curies":[{"name":"wp","href":"https:\/\/api.w.org\/{rel}","templated":true}]}}