{"id":593806,"date":"2025-11-22T08:32:24","date_gmt":"2025-11-22T08:32:24","guid":{"rendered":"https:\/\/www.europesays.com\/de\/593806\/"},"modified":"2025-11-22T08:32:24","modified_gmt":"2025-11-22T08:32:24","slug":"nuernberg-vs-bielefeld-tipp-zum-spiel-am-23-11-2025","status":"publish","type":"post","link":"https:\/\/www.europesays.com\/de\/593806\/","title":{"rendered":"N\u00fcrnberg vs. Bielefeld &#8211; Tipp zum Spiel am 23.11.2025"},"content":{"rendered":"<p>                <img fetchpriority=\"high\" decoding=\"async\" aria-describedby=\"caption-attachment-138910\" class=\"wp-image-138910 size-full\" src=\"https:\/\/www.europesays.com\/de\/wp-content\/uploads\/2025\/08\/max-morlock-stadion-nuernberg-08-02-2018-imago-steffen-kuttner-30662131.jpg\" alt=\"\u00a9 IMAGO \/ Steffen Kuttner\" width=\"1600\" height=\"1067\"  \/><\/p>\n<p id=\"caption-attachment-138910\" class=\"wp-caption-text\">Der Club will seine Serie im heimischen Max-Morlock-Stadion fortsetzen. \u00a9 IMAGO \/ Steffen Kuttner<\/p>\n<p>Elf Punkte hat der <a href=\"https:\/\/www.liga-zwei.de\/vereine\/1-fc-nuernberg\/\" target=\"_blank\" rel=\"noopener\">1. FC N\u00fcrnberg<\/a> aus den f\u00fcnf Spielen vor der L\u00e4nderspielpause geholt und damit den Tabellenkeller erst einmal hinter sich gelassen. Nun wollen die Franken sich weiter stabilisieren und zun\u00e4chst das Polster nach unten vergr\u00f6\u00dfern, beginnend mit einem weiteren guten Auftritt gegen Arminia Bielefeld. Der Aufsteiger allerdings steht nicht zuf\u00e4llig zwei Z\u00e4hler vor dem FCN und hat nach einem Zwischentief mit vier Niederlagen in Serie aus den j\u00fcngsten drei Begegnungen auch sieben Punkte eingefahren.<\/p>\n<p>Schon ein Wettkonto bei NEO.bet? <a href=\"https:\/\/neobet.de\/de\/Sportwetten?campaignId=profi&amp;affiliateId=leadfisher-liga2\" target=\"_blank\" rel=\"noopener\">Jetzt mit exklusivem NEO.bet Bonuscode \u201eLigaZwei10\u201c<\/a> zus\u00e4tzlich zum 200%-Willkommensbonus eine 10\u20ac-Freiwette erhalten!<\/p>\n<p>1. FC N\u00fcrnberg: Luka Lochoshvili wieder dabei<\/p>\n<p>Miroslav Klose, der unter der Woche krankheitsbedingt teilweise auf dem Trainingsplatz fehlte, will mit dem 1. FC N\u00fcrnberg den Trend der Spiele vor der L\u00e4nderspielpause fortsetzen, freilich ohne gegen Gegner auf die leichte Schulter zu nehmen: \u201eWir haben ein Heimspiel und wollen da weitermachen, wo wir zuletzt aufgeh\u00f6rt haben. Wir sind gewappnet und gewarnt vor Bielefeld.\u201c<\/p>\n<p>Auf der <a href=\"https:\/\/www.youtube.com\/watch?v=sZ8mIDny8yk\" target=\"_blank\" rel=\"noopener\">Pressekonferenz am Freitag<\/a> konnte Klose erfreut vermelden, dass bis auf Eryk Grzywacz und Henri Koudossou der gesamte Kader zur Verf\u00fcgung steht. Gr\u00f6\u00dfere Ver\u00e4nderungen im Vergleich zum 2:1-Sieg bei Dynamo Dresden vor zwei Wochen sind daher nicht zu erwarten.<\/p>\n<p>Eine knifflige Entscheidung muss Klose allerdings treffen. Weil Luka Lochoshvili nach seiner Gelbsperre zur\u00fcck ist, droht Kapit\u00e4n Robin Knoche wieder die Bank. Eng geht es auch auf der rechten Seite zu, wo zuletzt Tim Janisch gegen\u00fcber Tim Drexler Pluspunkte sammeln konnte und daher wohl erneut starten wird.<\/p>\n<p><strong>Die voraussichtliche Aufstellung: <\/strong>Reichert \u2013 Janisch, Gruber, Lochoshvili, Yilmaz \u2013 Markhiev \u2013 Becker, Lubach \u2013 Justvan, Stepanov, Zoma<\/p>\n<p>\n          Jetzt auf den 13. Spieltag wetten\n        <\/p>\n<p>        <img decoding=\"async\" class=\"mr1\" height=\"14px\" width=\"14px\" src=\"https:\/\/www.europesays.com\/de\/wp-content\/uploads\/2025\/08\/lizenz-checkbox.png\" alt=\"Lizenz\"\/><\/p>\n<p>18+| Erlaubt (White-list)<\/p>\n<p>Suchtrisiken | Hilfe unter buwei.de<\/p>\n<p>Arminia Bielefeld: Russo und Mehlem zur\u00fcck<\/p>\n<p>Bielefelds Trainer Mitch Kniat deutete auf der <a href=\"https:\/\/www.youtube.com\/watch?v=InzWls4EGkA\" target=\"_blank\" rel=\"noopener\">PK am Freitag<\/a> schon an, keine gro\u00dfen \u00c4nderungen vornehmen zu wollen, wof\u00fcr es nach dem 4:0-Sieg gegen den Karlsruher SC allerdings auch keinen wirklichen Grund gibt. \u201eDie Jungs, die angeschlagen waren, sind fit. Die konnten die Pause nutzen. Manche Spieler waren komplett dr\u00fcber. Deswegen war die L\u00e4nderspielpause vom Zeitpunkt her perfekt. Ich bin froh, dass sie gekommen ist. Wir sind wieder bei 100 Prozent\u201c, freute sich Kniat auch dar\u00fcber, mit Ausnahme vom noch im Aufbautraining befindlichen Roberts Uldrikis aus dem Vollen sch\u00f6pfen zu k\u00f6nnen.<\/p>\n<p>Auch Stefano Russo und Marvin Mehlem, zwei eigentliche Stammspieler, sind wieder verf\u00fcgbar, werden aber zun\u00e4chst wohl mit einem Platz auf der Bank vorlieb nehmen m\u00fcssen.<\/p>\n<p>Der zuletzt so starke Monju Momuluh musste zwar mit einer Erk\u00e4ltung vor\u00fcbergehend k\u00fcrzertreten, ist aber wieder fit und wird aller Voraussicht nach mit Joel Grodowski und Noah Sarenren Bazee die Offensivreihe bilden.<\/p>\n<p><strong>Die voraussichtliche Aufstellung: <\/strong>Kersken \u2013 Schneider, Gro\u00dfer, Felix \u2013 Boakye, Corboz, W\u00f6rl, Handwerker \u2013 Momuluh, Grodowski, Sarenren Bazee<\/p>\n<p><strong>TV-Tipps: <\/strong>Live-\u00dcbertragung auf Sky (Ansto\u00df: Sonntag, 13.30 Uhr), Free-TV-Highlights ab 18.45 Uhr in der ARD-Sportschau.<\/p>\n<p>Tipp &amp; Prognose zum Spiel<\/p>\n<p>Beide Mannschaften haben guten Grund, selbstbewusst ins Spiel zu gehen. Nicht nur wegen der \u00e4hnlichen Punktzahl in der Tabelle erwarten wir ein Duell auf Augenh\u00f6he, bei dem Kleinigkeiten und die Tagesform den Ausschlag geben werden. Wegen des Heimvorteils haben wir zwar eine leichte Tendenz zum 1. FC N\u00fcrnberg, aber f\u00fcr wahrscheinlicher halten wir ein Unentschieden.<\/p>\n<p>F\u00fcr Wetten auf die Partie ist <a href=\"https:\/\/www.bet365.de\/olp\/open-account?affiliate=365_01287384\" target=\"_blank\" rel=\"noopener noreferrer\">bet365 Sportwetten<\/a> als offiziell in Deutschland lizenzierter Buchmacher eine gute Wahl. W\u00e4hrend Neukunden einen Bonus von bis zu 100\u20ac erhalten, wetten bei <a href=\"https:\/\/www.bet365.de\/olp\/open-account?affiliate=365_01287384\" target=\"_blank\" rel=\"noopener noreferrer\">bet365 Sportwetten<\/a> alle Kunden steuerfrei!<\/p>\n<p>                <img loading=\"lazy\" width=\"160\" height=\"170\" src=\"https:\/\/www.europesays.com\/de\/wp-content\/uploads\/2025\/05\/avatar_johannes_ketterl-283x300.png\" class=\"db grow\" alt=\"avatar johannes ketterl\" style=\"object-fit:contain; max-width: 80px;\" decoding=\"async\"  \/>            <\/p>\n","protected":false},"excerpt":{"rendered":"Der Club will seine Serie im heimischen Max-Morlock-Stadion fortsetzen. \u00a9 IMAGO \/ Steffen Kuttner Elf Punkte hat der&hellip;\n","protected":false},"author":2,"featured_media":326135,"comment_status":"","ping_status":"","sticky":false,"template":"","format":"standard","meta":{"footnotes":""},"categories":[1841],"tags":[783,2368,2658,1605,3364,29,30,1209,20794,1339],"class_list":{"0":"post-593806","1":"post","2":"type-post","3":"status-publish","4":"format-standard","5":"has-post-thumbnail","7":"category-bielefeld","8":"tag-1-fc-nuernberg","9":"tag-arminia-bielefeld","10":"tag-aufstellung","11":"tag-bielefeld","12":"tag-de","13":"tag-deutschland","14":"tag-germany","15":"tag-nordrhein-westfalen","16":"tag-prognose","17":"tag-vorschau"},"share_on_mastodon":{"url":"https:\/\/pubeurope.com\/@de\/115592426683783588","error":""},"_links":{"self":[{"href":"https:\/\/www.europesays.com\/de\/wp-json\/wp\/v2\/posts\/593806","targetHints":{"allow":["GET"]}}],"collection":[{"href":"https:\/\/www.europesays.com\/de\/wp-json\/wp\/v2\/posts"}],"about":[{"href":"https:\/\/www.europesays.com\/de\/wp-json\/wp\/v2\/types\/post"}],"author":[{"embeddable":true,"href":"https:\/\/www.europesays.com\/de\/wp-json\/wp\/v2\/users\/2"}],"replies":[{"embeddable":true,"href":"https:\/\/www.europesays.com\/de\/wp-json\/wp\/v2\/comments?post=593806"}],"version-history":[{"count":0,"href":"https:\/\/www.europesays.com\/de\/wp-json\/wp\/v2\/posts\/593806\/revisions"}],"wp:featuredmedia":[{"embeddable":true,"href":"https:\/\/www.europesays.com\/de\/wp-json\/wp\/v2\/media\/326135"}],"wp:attachment":[{"href":"https:\/\/www.europesays.com\/de\/wp-json\/wp\/v2\/media?parent=593806"}],"wp:term":[{"taxonomy":"category","embeddable":true,"href":"https:\/\/www.europesays.com\/de\/wp-json\/wp\/v2\/categories?post=593806"},{"taxonomy":"post_tag","embeddable":true,"href":"https:\/\/www.europesays.com\/de\/wp-json\/wp\/v2\/tags?post=593806"}],"curies":[{"name":"wp","href":"https:\/\/api.w.org\/{rel}","templated":true}]}}