{"id":594109,"date":"2025-11-22T11:32:21","date_gmt":"2025-11-22T11:32:21","guid":{"rendered":"https:\/\/www.europesays.com\/de\/594109\/"},"modified":"2025-11-22T11:32:21","modified_gmt":"2025-11-22T11:32:21","slug":"gesetz-gegen-flaechenverbrauch-landwirte-fuerchten-wertverlust-ihrer-grundstuecke","status":"publish","type":"post","link":"https:\/\/www.europesays.com\/de\/594109\/","title":{"rendered":"Gesetz gegen Fl\u00e4chenverbrauch: Landwirte f\u00fcrchten Wertverlust ihrer Grundst\u00fccke"},"content":{"rendered":"<p>\u00dcber einen Fall hat das franz\u00f6sische Medium L\u2018Union berichtet. Betroffen ist C\u00e9dric Gamby aus Barbaise, einem Dorf unweit der belgischen Grenze. Sein 1.000 m\u00b2 gro\u00dfes Grundst\u00fcck wollte er als Baugrundst\u00fcck verkaufen, doch die neuen Regeln haben ihm einen Strich durch die Rechnung gemacht. Denn das Grundst\u00fcck darf allenfalls Acker, Wiese oder Naturschutzgebiet werden. Bauen ist nicht. \u201e<strong>Mein Land war 35.000 Euro wert, jetzt ist es nur noch 4.000 Euro wert<\/strong>\u201c, sagt er.\u00a0<\/p>\n<p><strong>So wie ihm geht es auch anderen. Viele Landbesitzer und Landwirte bef\u00fcrchten, dass ihre Grundst\u00fccke massiv an Wert verlieren und Entwicklungsm\u00f6glichkeiten stark eingeschr\u00e4nkt werden. <\/strong>Bauernverb\u00e4nde und lokale Interessengruppen kritisieren, ihre Fl\u00e4chen w\u00fcrden de facto \u201eenteignet\u201c, da die Bebauung fast unm\u00f6glich werde. Jean-Luc Rouan, B\u00fcrgermeister von Saurat, sagt: \u201eSie (die B\u00fcrgermeister) sehen ZAN als ein erhebliches Hindernis f\u00fcr die Entwicklung ihrer Gemeinde. Denn wenn sich eine Gelegenheit bietet, insbesondere f\u00fcr den Bau von Wohnungen oder anderen Einrichtungen, bef\u00fcrchten sie, diese nicht nutzen zu k\u00f6nnen, weil jetzt alles zu stark reguliert ist.\u201c<\/p>\n","protected":false},"excerpt":{"rendered":"\u00dcber einen Fall hat das franz\u00f6sische Medium L\u2018Union berichtet. Betroffen ist C\u00e9dric Gamby aus Barbaise, einem Dorf unweit&hellip;\n","protected":false},"author":2,"featured_media":594110,"comment_status":"","ping_status":"","sticky":false,"template":"","format":"standard","meta":{"footnotes":""},"categories":[3974],"tags":[331,332,548,663,3934,29461,3980,156,13,14,15,12],"class_list":{"0":"post-594109","1":"post","2":"type-post","3":"status-publish","4":"format-standard","5":"has-post-thumbnail","7":"category-frankreich","8":"tag-aktuelle-nachrichten","9":"tag-aktuelle-news","10":"tag-eu","11":"tag-europa","12":"tag-europe","13":"tag-flaechenversiegelung","14":"tag-france","15":"tag-frankreich","16":"tag-headlines","17":"tag-nachrichten","18":"tag-news","19":"tag-schlagzeilen"},"share_on_mastodon":{"url":"https:\/\/pubeurope.com\/@de\/115593133691511574","error":""},"_links":{"self":[{"href":"https:\/\/www.europesays.com\/de\/wp-json\/wp\/v2\/posts\/594109","targetHints":{"allow":["GET"]}}],"collection":[{"href":"https:\/\/www.europesays.com\/de\/wp-json\/wp\/v2\/posts"}],"about":[{"href":"https:\/\/www.europesays.com\/de\/wp-json\/wp\/v2\/types\/post"}],"author":[{"embeddable":true,"href":"https:\/\/www.europesays.com\/de\/wp-json\/wp\/v2\/users\/2"}],"replies":[{"embeddable":true,"href":"https:\/\/www.europesays.com\/de\/wp-json\/wp\/v2\/comments?post=594109"}],"version-history":[{"count":0,"href":"https:\/\/www.europesays.com\/de\/wp-json\/wp\/v2\/posts\/594109\/revisions"}],"wp:featuredmedia":[{"embeddable":true,"href":"https:\/\/www.europesays.com\/de\/wp-json\/wp\/v2\/media\/594110"}],"wp:attachment":[{"href":"https:\/\/www.europesays.com\/de\/wp-json\/wp\/v2\/media?parent=594109"}],"wp:term":[{"taxonomy":"category","embeddable":true,"href":"https:\/\/www.europesays.com\/de\/wp-json\/wp\/v2\/categories?post=594109"},{"taxonomy":"post_tag","embeddable":true,"href":"https:\/\/www.europesays.com\/de\/wp-json\/wp\/v2\/tags?post=594109"}],"curies":[{"name":"wp","href":"https:\/\/api.w.org\/{rel}","templated":true}]}}