{"id":594116,"date":"2025-11-22T11:36:14","date_gmt":"2025-11-22T11:36:14","guid":{"rendered":"https:\/\/www.europesays.com\/de\/594116\/"},"modified":"2025-11-22T11:36:14","modified_gmt":"2025-11-22T11:36:14","slug":"wir-wissen-was-wir-an-unseren-fans-haben","status":"publish","type":"post","link":"https:\/\/www.europesays.com\/de\/594116\/","title":{"rendered":"\u201eWir wissen, was wir an unseren Fans haben\u201c"},"content":{"rendered":"<p class=\"tspBHk1 tspBHk2\">Das Banner mit wei\u00dfer Schrift auf schwarzem Grund zog sich \u00fcber die gesamte Breite das Oberrangs in der Ostkurve des Berliner Olympiastadion. \u201ePopulisten legen die Axt an\u201c, stand darauf. Im Unterrang wurde derweil das riesige Konterfei von drei d\u00fcsteren M\u00e4nnern pr\u00e4sentiert.&#13;<\/p>\n<p class=\"tspBHk1\">Zu sehen waren der Bundesinnenminister Alexander Dobrindt in der Mitte, und zu seinen Seiten Hendrik Gro\u00dfe Lefert, der Sicherheitsbeauftragte des Deutschen Fu\u00dfball-Bundes (DFB), sowie Hamburgs Innensenator Andy Grote. Alle drei hielten eine Axt in der Hand.<\/p>\n<blockquote class=\"tspB4ng\">\n<p>Jeder einzelne Verein wei\u00df, dass er auf seine Fans angewiesen ist und sich daf\u00fcr auch einsetzt.<\/p>\n<\/blockquote>\n<p class=\"tspB4nh\">Herthas Gesch\u00e4ftsf\u00fchrer <strong>Peter G\u00f6rlich<\/strong><\/p>\n<p class=\"tspBHk1\">Die d\u00fcstere Choreografie zu Beginn <a href=\"https:\/\/www.tagesspiegel.de\/sport\/die-siegesserie-geht-weiter-hertha-bsc-setzt-sich-mit-10-gegen-eintracht-braunschweig-durch-14911136.html?icid=in-text-link_14914730\" class=\"link link--internal\" data-gtm-class=\"article-text-link\" data-gtm-val=\"internal\" target=\"_blank\" rel=\"noopener\">des Zweitligaspiels zwischen Hertha BSC und Eintracht Braunschweig <\/a>am Freitagabend war Teil des konzertierten Protests, mit dem sich die aktiven Fans an diesem und am kommenden Wochenende gegen die Pl\u00e4ne der Innenminister aus Bund und L\u00e4ndern wenden. <\/p>\n<p class=\"tspBHk1\">Sie f\u00fcrchten weitere Repressionen von Seiten der Politik und sehen durch die geplanten Ma\u00dfnahmen die Fu\u00dfballkultur in Gefahr \u2013 vor allem wenn die Ideen beim Thema Stadionverbot umgesetzt werden. Nach den Pl\u00e4nen der Innenpolitiker soll k\u00fcnftig schon die Einleitung eines Ermittlungsverfahrens zwingend ein dreimonatiges Stadionverbot nach sich ziehen.<\/p>\n<p><a href=\"https:\/\/www.tagesspiegel.de\/sport\/demonstration-in-leipzig-fur-fanrechte-der-fussball-ist-sicherer-denn-je--und-doch-droht-eine-eskalation-14854688.html?icid=single-topic_14914730___\" data-gtm-class=\"article-mzt-link\" class=\"tspB5ni\" target=\"_blank\" rel=\"noopener\">Demonstration in Leipzig f\u00fcr Fanrechte Der Fu\u00dfball ist sicherer denn je \u2013 und doch droht eine Eskalation <\/a><\/p>\n<p class=\"tspBHk1\">Nach der <a href=\"https:\/\/www.tagesspiegel.de\/sport\/demonstration-in-leipzig-fur-fanrechte-der-fussball-ist-sicherer-denn-je--und-doch-droht-eine-eskalation-14854688.html?icid=in-text-link_14914730\" class=\"link link--internal\" data-gtm-class=\"article-text-link\" data-gtm-val=\"internal\" target=\"_blank\" rel=\"noopener\">Fan-Demonstration am vergangenen Sonntag in Leipzig<\/a> wird an diesem Wochenende in allen deutschen Fu\u00dfballstadien zw\u00f6lf Minuten lang von den aktiven Fans geschwiegen. So war es auch am Freitagabend im Berliner Olympiastadion. <\/p>\n<p class=\"tspBHk1\">\u201eEs war schon eine madige Stimmung im Stadion\u201c, sagte Herthas Trainer Stefan Leitl. Seinem Braunschweiger Kollegen Heiner Backhaus kam es vor \u201ewie zu Corona-Zeiten\u201c. Als die Stadionuhr auf 12:01 Minuten sprang, setzte die Unterst\u00fctzung auf beiden Seiten wieder ein. <\/p>\n<p class=\"tspBHk1\">\u201eSoll das die Zukunft des Fu\u00dfballs sein?\u201c, fragten Herthas Fans parallel zu ihrem Stimmungsboykott auf einem Spruchband. \u201eVereine wehrt euch f\u00fcr eure Fans!\u201c Man sollte dieses Anliegen ernst nehmen, sagte Braunschweigs Trainer Backhaus. &#13;<\/p>\n<p class=\"tspBHk1\"><a href=\"https:\/\/www.tagesspiegel.de\/sport\/wir-durfen-im-sport-besser-werden-peter-gorlich-will-bei-hertha-bsc-lust-am-aufbruch-vermitteln-14257682.html?icid=in-text-link_14914730\" class=\"link link--internal\" data-gtm-class=\"article-text-link\" data-gtm-val=\"internal\" target=\"_blank\" rel=\"noopener\">Peter G\u00f6rlich, Herthas Gesch\u00e4ftsf\u00fchrer,<\/a> \u00e4u\u00dferte ebenfalls Verst\u00e4ndnis f\u00fcr den Protest. \u201eIn der Demokratie ist das letzte Wort nie gesprochen\u201c, sagte er. \u201eAlso d\u00fcrfen die Fans sich auch artikulieren, solange es respektvoll abl\u00e4uft. Sie haben Kritik ge\u00fcbt, das d\u00fcrfen sie.\u201c <\/p>\n<p> Die Fans beklagen die Intransparenz <\/p>\n<p class=\"tspBHk1\">Beim Spiel zwischen<a href=\"https:\/\/www.tagesspiegel.de\/sport\/themen\/hertha-bsc?icid=in-text-link_14914730\" class=\"link link--internal\" data-gtm-class=\"article-text-link\" data-gtm-val=\"internal\" target=\"_blank\" rel=\"noopener\"> Hertha BSC<\/a> und der Eintracht war neben DFB-Pr\u00e4sident Bernd Neuendorf auch Berlins Innensenatorin Iris Spranger im Stadion. \u201eWir arbeiten sehr intensiv daran, dass wir unseren Einfluss geltend machen k\u00f6nnen\u201c, sagte G\u00f6rlich. \u201eWir nutzen unsere Netzwerke. Wir sind in engem Austausch mit unseren Kollegen im Ligaverband und mit den DFL-Kollegen.\u201c<\/p>\n<p class=\"tspBHk1\">Vom 3. bis zum 5. Dezember tagt die Innenministerkonferenz (IMK) in Bremen. Dann schon sollen die Ma\u00dfnahmen beschlossen werden. Die organisierten Fans werfen der Politik vor, dass sie ihre Pl\u00e4ne weitgehend im Verborgenen vorbereitet habe. Was genau geplant ist, ist bisher unter Verschluss. Auch das kritisieren die Fans. <\/p>\n<p class=\"tspBHk1\">Gerade bei der geplanten Versch\u00e4rfung der Stadionverbotsrichtlinien setzen die Anh\u00e4nger auf die Unterst\u00fctzung der Klubs. Denn die m\u00fcssten die neuen Richtlinien umsetzen. <\/p>\n<p> Mehr zu Hertha BSC bei Tagesspiegel Plus <a href=\"https:\/\/www.tagesspiegel.de\/sport\/er-wollte-prasident-von-hertha-bsc-werden-der-schwindler-von-schoneberg-14807405.html?icid=topic-list_14914730___\" data-gtm-class=\"article-mzt-link\" class=\"tspB5ni\" target=\"_blank\" rel=\"noopener\">Er wollte Pr\u00e4sident von Hertha BSC werden Der Schwindler von Sch\u00f6neberg <\/a><a href=\"https:\/\/www.tagesspiegel.de\/sport\/fabian-reese-im-gesprach-ich-lebe-nicht-von-toxischer-mannlichkeit-so-viel-ist-klar-14532668.html?icid=topic-list_14914730___\" data-gtm-class=\"article-mzt-link\" class=\"tspB5ni\" target=\"_blank\" rel=\"noopener\">Fabian Reese im Gespr\u00e4ch \u201eIch lebe nicht von toxischer M\u00e4nnlichkeit, so viel ist klar\u201c <\/a><a href=\"https:\/\/www.tagesspiegel.de\/sport\/prasident-fabian-drescher-im-interview-hertha-bsc-macht-es-sich-nicht-gemutlich-in-der-zweiten-liga-12962170.html?icid=topic-list_14914730___\" data-gtm-class=\"article-mzt-link\" class=\"tspB5ni\" target=\"_blank\" rel=\"noopener\">Pr\u00e4sident Fabian Drescher im Interview \u201eHertha BSC macht es sich nicht in der Zweiten Liga gem\u00fctlich\u201c <\/a><\/p>\n<p class=\"tspBHk1\">\u201eDie \u00c4u\u00dferungen der IMK und die geplanten \u00c4nderungen zerst\u00f6ren nicht nur freie Fankultur, sondern greifen auch massiv und unbegr\u00fcndet in die Vereinsstrukturen ein\u201c, hei\u00dft es in einer Mitteilung der Fanszenen. \u201eDie jahrelange gute Arbeit der Vereine und ihrer Partner wird ohne tats\u00e4chlichen Anlass mit F\u00fc\u00dfen getreten, das Erlebnis Stadionbesuch durch Unwahrheiten und egoistische Politiker massiv in seinem Ruf gesch\u00e4digt.\u201c<\/p>\n<p class=\"tspBHk1\">\u201eJeder einzelne Verein wei\u00df, dass er auf seine Fans angewiesen ist und sich daf\u00fcr auch einsetzt\u201c, sagte G\u00f6rlich. Hertha werde sich \u201etats\u00e4chlich dahingehend positionieren, dass wir Fu\u00dfballkultur in der eigentlichen Form beibehalten wollen\u201c. Denn: \u201eIn den ersten zw\u00f6lf Minuten haben wir erlebt, was wir nicht wollen.\u201c<\/p>\n","protected":false},"excerpt":{"rendered":"Das Banner mit wei\u00dfer Schrift auf schwarzem Grund zog sich \u00fcber die gesamte Breite das Oberrangs in der&hellip;\n","protected":false},"author":2,"featured_media":594117,"comment_status":"","ping_status":"","sticky":false,"template":"","format":"standard","meta":{"footnotes":""},"categories":[5],"tags":[331,332,20,1089,299,531,3364,29,485,30,692,13,1088,14,15,12],"class_list":{"0":"post-594116","1":"post","2":"type-post","3":"status-publish","4":"format-standard","5":"has-post-thumbnail","7":"category-nachrichten","8":"tag-aktuelle-nachrichten","9":"tag-aktuelle-news","10":"tag-alexander-dobrindt","11":"tag-berlin-sport","12":"tag-bundesliga","13":"tag-charlottenburg-wilmersdorf","14":"tag-de","15":"tag-deutschland","16":"tag-fussball-bundesliga","17":"tag-germany","18":"tag-hamburg","19":"tag-headlines","20":"tag-hertha-bsc","21":"tag-nachrichten","22":"tag-news","23":"tag-schlagzeilen"},"share_on_mastodon":{"url":"https:\/\/pubeurope.com\/@de\/115593149464155479","error":""},"_links":{"self":[{"href":"https:\/\/www.europesays.com\/de\/wp-json\/wp\/v2\/posts\/594116","targetHints":{"allow":["GET"]}}],"collection":[{"href":"https:\/\/www.europesays.com\/de\/wp-json\/wp\/v2\/posts"}],"about":[{"href":"https:\/\/www.europesays.com\/de\/wp-json\/wp\/v2\/types\/post"}],"author":[{"embeddable":true,"href":"https:\/\/www.europesays.com\/de\/wp-json\/wp\/v2\/users\/2"}],"replies":[{"embeddable":true,"href":"https:\/\/www.europesays.com\/de\/wp-json\/wp\/v2\/comments?post=594116"}],"version-history":[{"count":0,"href":"https:\/\/www.europesays.com\/de\/wp-json\/wp\/v2\/posts\/594116\/revisions"}],"wp:featuredmedia":[{"embeddable":true,"href":"https:\/\/www.europesays.com\/de\/wp-json\/wp\/v2\/media\/594117"}],"wp:attachment":[{"href":"https:\/\/www.europesays.com\/de\/wp-json\/wp\/v2\/media?parent=594116"}],"wp:term":[{"taxonomy":"category","embeddable":true,"href":"https:\/\/www.europesays.com\/de\/wp-json\/wp\/v2\/categories?post=594116"},{"taxonomy":"post_tag","embeddable":true,"href":"https:\/\/www.europesays.com\/de\/wp-json\/wp\/v2\/tags?post=594116"}],"curies":[{"name":"wp","href":"https:\/\/api.w.org\/{rel}","templated":true}]}}