{"id":594132,"date":"2025-11-22T11:46:03","date_gmt":"2025-11-22T11:46:03","guid":{"rendered":"https:\/\/www.europesays.com\/de\/594132\/"},"modified":"2025-11-22T11:46:03","modified_gmt":"2025-11-22T11:46:03","slug":"status-der-souveraenen-cloud-in-deutschland","status":"publish","type":"post","link":"https:\/\/www.europesays.com\/de\/594132\/","title":{"rendered":"Status der souver\u00e4nen Cloud in Deutschland"},"content":{"rendered":"<p class=\"expressive-copy-lg-body\">In einer Zeit, in der digitale Technologien nahezu fl\u00e4chendeckend eingesetzt werden, m\u00fcssen Unternehmen den verantwortungsvollen Datenumgang mit eigenen, <strong>lokalen, regionalen sowie internationalen Rahmenbedingungen <\/strong>in Einklang bringen. Die Frage lautet nicht mehr, ob Cloud- und Digitaltechnologien genutzt werden sollen, sondern wie sie so gestaltet werden k\u00f6nnen, dass Sicherheit, Souver\u00e4nit\u00e4t und Effizienz im Gleichgewicht stehen.<\/p>\n<p class=\"expressive-copy-lg-body\"><strong>Wie also l\u00e4sst sich digitale Souver\u00e4nit\u00e4t wahren, ohne die Vorteile moderner Cloud-L\u00f6sungen zu verlieren?<\/strong><\/p>\n<p class=\"expressive-copy-lg-body\">Die neu<strong>e empirische <a href=\"https:\/\/www.tecracer.com\/downloads\/studie-digitale-souveraenitaet-im-realitaets-check\/\" rel=\"nofollow noopener\" target=\"_blank\">Studie &#8222;Digitale Souver\u00e4nit\u00e4<\/a><\/strong><a href=\"https:\/\/www.tecracer.com\/downloads\/studie-digitale-souveraenitaet-im-realitaets-check\/\" rel=\"nofollow noopener\" target=\"_blank\">t im Realit\u00e4ts-Check<\/a><strong>&#8222;<\/strong>, gemeinsam erstellt von <strong>tecRacer<\/strong> und <strong>cloud ahead<\/strong>, gibt darauf fundierte Antworten. Sie basiert auf den Einsch\u00e4tzungen von<strong> IT-Entscheider:innen<\/strong> aus unterschiedlichen Branchen und Unternehmensgr\u00f6\u00dfen. Beleuchtet wird, wie Organisationen in Deutschland digitale Souver\u00e4nit\u00e4t heute definieren, umsetzen und priorisieren. Die Ergebnisse zeigen deutlich: Souver\u00e4ne Clouds sind in der deutschen Unternehmenslandschaft angekommen &#8211; <strong>39 Prozent<\/strong> der befragten Unternehmen planen eine zeitnahe Migration, <strong>38 Prozent<\/strong> nutzen bereits entsprechende L\u00f6sungen, weitere <strong>13 Prozent<\/strong> evaluieren aktuell ihre Optionen.<\/p>\n<p class=\"expressive-copy-lg-body\">Angesichts dieser Dynamik wird die Zusammenarbeit mit nicht-europ\u00e4ischen Technologieanbietern st\u00e4ndig diskutiert &#8211; allerdings wird genau dieser Dialog h\u00e4ufig emotional und zu wenig faktenbasiert gef\u00fchrt.<\/p>\n<p class=\"expressive-copy-lg-body\"><strong>&#8222;Die \u00f6ffentliche Debatte \u00fcber Souver\u00e4nit\u00e4t und Cloud-Nutzung ist teilweise von Schlagworten, Emotionen und relativ undifferenzierten Zuschreibungen gepr\u00e4gt&#8220;<\/strong>, sagt Maximilian Hille, Mitglied des Managements bei tecRacer. <strong>&#8222;Wer pauschal Technologien in Schubladen steckt oder vermeintliche Grenzen zieht, riskiert, sich von wirtschaftlich sinnvollen und technologisch zukunftsf\u00e4higen <\/strong><strong>L\u00f6sungen abzukoppeln. Entscheidend ist, genau hinzuschauen, die richtige Balance zwischen Kontrolle und Handlungsf\u00e4higkeit zu finden und eine Strategie zu entwickeln, die Souver\u00e4nit\u00e4t und Innovation miteinander vereint.&#8220;<\/strong><\/p>\n<p class=\"expressive-copy-lg-body\">Die Studie bietet praxisorientierte Erkenntnisse zu den zentralen Treibern und Herausforderungen digitaler Souver\u00e4nit\u00e4t &#8211; von <strong>Risikobewertungen und regulatorischen Anforderungen<\/strong> \u00fcber <strong>Branchentrends<\/strong> bis hin zu <strong>konkreten Handlungsempfehlungen<\/strong> f\u00fcr Entscheider:innen. Sie zeigt, dass digitale Souver\u00e4nit\u00e4t kein Widerspruch zu globaler Vernetzung ist, sondern eine Frage bewusster Gestaltung.<\/p>\n<p class=\"expressive-copy-lg-body\"><strong>Studie kostenfrei verf\u00fcgbar<\/strong><\/p>\n<p class=\"expressive-copy-lg-body\"><a href=\"https:\/\/www.tecracer.com\/downloads\/studie-digitale-souveraenitaet-im-realitaets-check\/\" rel=\"nofollow noopener\" target=\"_blank\">Erfahren Sie, wie d<\/a>eutsche Unternehmen digitale Souver\u00e4nit\u00e4t heute leben &#8211; und was erfolgreiche Strategien von anderen unterscheidet. Die vollst\u00e4ndige Studie <strong>&#8222;Digitale Souver\u00e4nit\u00e4t im Realit\u00e4ts-Check&#8220;<\/strong> steht ab sofort <strong>kostenfrei zum Download<\/strong> bereit: <strong>Jetzt herunterladen<\/strong> [<a href=\"https:\/\/www.tecracer.com\/downloads\/studie-digitale-souveraenitaet-im-realitaets-check\/\" rel=\"nofollow noopener\" target=\"_blank\">https:\/\/www.tecracer.com\/downloads\/studie-digitale-souveraenitaet-im-realitaets-check\/<\/a>]<\/p>\n<p class=\"expressive-copy-lg-body\"><strong>\u00dcber tecRacer:<\/strong><\/p>\n<p class=\"expressive-copy-lg-body\">tecRacer steht f\u00fcr tiefgreifende AWS-Expertise, eine klare Spezialisierung und ein partnerschaftliches Selbstverst\u00e4ndnis. Als einziger AWS Premier Tier Services und Advanced Tier Training Partner in der DACH-Region begleitet tecRacer Unternehmen bei ihrer Cloud-Transformation &#8211; pragmatisch, pers\u00f6nlich und immer mit vollem Nutzenfokus.<\/p>\n<p class=\"expressive-copy-lg-body\"><strong>\u00dcber cloud ahead:<\/strong><\/p>\n<p class=\"expressive-copy-lg-body\">cloud ahead ist eine Initiative von Expert:innen, die sich f\u00fcr mehr digitale Selbstbestimmung in Deutschland und Europa engagiert. Das Team vereint Wissen aus unterschiedlichen Disziplinen und macht komplexe Themen rund um Souver\u00e4nit\u00e4t, Cloud und Datenkompetenz verst\u00e4ndlich und greifbar. Ziel von cloud ahead ist es, Entscheider:innen und Fachleute in Wirtschaft und \u00f6ffentlicher Verwaltung zu bef\u00e4higen, Leistungsf\u00e4higkeit und Kontrolle in ihrer digitalen Wertsch\u00f6pfung gleicherma\u00dfen zu st\u00e4rken.<\/p>\n<p class=\"expressive-copy-lg-body\">Pressekontakt: Annette Jess, Head of Marketing,Tel: +49 511 59095 887, Mail: ajess@tecracer.de<\/p>\n<p class=\"expressive-copy-lg-body\">Weiteres Material: <a href=\"https:\/\/presseportal.de\/pm\/181500\/6163443\" rel=\"nofollow noopener\" target=\"_blank\">www.presseportal.de<\/a> Quelle:            tecRacer Germany GmbH<\/p>\n","protected":false},"excerpt":{"rendered":"In einer Zeit, in der digitale Technologien nahezu fl\u00e4chendeckend eingesetzt werden, m\u00fcssen Unternehmen den verantwortungsvollen Datenumgang mit eigenen,&hellip;\n","protected":false},"author":2,"featured_media":594133,"comment_status":"","ping_status":"","sticky":false,"template":"","format":"standard","meta":{"footnotes":""},"categories":[1836],"tags":[3364,29,30,46,1411],"class_list":{"0":"post-594132","1":"post","2":"type-post","3":"status-publish","4":"format-standard","5":"has-post-thumbnail","7":"category-hannover","8":"tag-de","9":"tag-deutschland","10":"tag-germany","11":"tag-hannover","12":"tag-niedersachsen"},"share_on_mastodon":{"url":"https:\/\/pubeurope.com\/@de\/115593188748745553","error":""},"_links":{"self":[{"href":"https:\/\/www.europesays.com\/de\/wp-json\/wp\/v2\/posts\/594132","targetHints":{"allow":["GET"]}}],"collection":[{"href":"https:\/\/www.europesays.com\/de\/wp-json\/wp\/v2\/posts"}],"about":[{"href":"https:\/\/www.europesays.com\/de\/wp-json\/wp\/v2\/types\/post"}],"author":[{"embeddable":true,"href":"https:\/\/www.europesays.com\/de\/wp-json\/wp\/v2\/users\/2"}],"replies":[{"embeddable":true,"href":"https:\/\/www.europesays.com\/de\/wp-json\/wp\/v2\/comments?post=594132"}],"version-history":[{"count":0,"href":"https:\/\/www.europesays.com\/de\/wp-json\/wp\/v2\/posts\/594132\/revisions"}],"wp:featuredmedia":[{"embeddable":true,"href":"https:\/\/www.europesays.com\/de\/wp-json\/wp\/v2\/media\/594133"}],"wp:attachment":[{"href":"https:\/\/www.europesays.com\/de\/wp-json\/wp\/v2\/media?parent=594132"}],"wp:term":[{"taxonomy":"category","embeddable":true,"href":"https:\/\/www.europesays.com\/de\/wp-json\/wp\/v2\/categories?post=594132"},{"taxonomy":"post_tag","embeddable":true,"href":"https:\/\/www.europesays.com\/de\/wp-json\/wp\/v2\/tags?post=594132"}],"curies":[{"name":"wp","href":"https:\/\/api.w.org\/{rel}","templated":true}]}}