{"id":594134,"date":"2025-11-22T11:47:21","date_gmt":"2025-11-22T11:47:21","guid":{"rendered":"https:\/\/www.europesays.com\/de\/594134\/"},"modified":"2025-11-22T11:47:21","modified_gmt":"2025-11-22T11:47:21","slug":"liveticker-tabellenfuehrer-sc-paderborn-empfaengt-hannover-96","status":"publish","type":"post","link":"https:\/\/www.europesays.com\/de\/594134\/","title":{"rendered":"Liveticker: Tabellenf\u00fchrer SC Paderborn empf\u00e4ngt Hannover 96"},"content":{"rendered":"<p id=\"absatz1\" class=\"em_text\">Paderborn. Was die Statistik betrifft, d\u00fcrfte der neunte Zweitliga-Sieg in Folge f\u00fcr den SC Paderborn eine reine Formsache sein. Schlie\u00dflich gastiert an diesem Samstag um 13 Uhr Hannover 96 in der Paderborner Home-Deluxe-Arena. Und die Niedersachsen gingen in ihren sechs Punktspielen an der Pader bislang stets als Verlierer vom Platz.<\/p>\n<p id=\"absatz2\" class=\"em_text\">SCP-Coach Ralf Kettemann und seine Sch\u00fctzlinge werden sich von dieser Bilanz jedoch nicht blenden lassen. Hannover gewann zwar nur zwei der vergangenen acht Spiele, ist aber ausw\u00e4rts noch ungeschlagen und verf\u00fcgt \u00fcber jede Menge Offensivpower. Und zahlreiche andere Statistiken sprechen f\u00fcr 96. So ist Hannover in dieser Saison in Sachen Torchancen, Ballbesitz, Passquote und Laufst\u00e4rke ganz vorne mit dabei.<\/p>\n<p id=\"absatz4\"><b class=\"bold\">Lesen Sie auch:<\/b> <a href=\"https:\/\/www.nw.de\/sport\/sc_paderborn_07\/24218636_Beim-Paderborn-Spiel-gegen-Hannover-kommt-es-zum-Duell-der-Handballer-Soehne.html\" target=\"_blank\" rel=\"noopener\">Beim Paderborn-Spiel gegen Hannover kommt es zum Duell der Handballer-S\u00f6hne <\/a><\/p>\n<p>\n        \u00d7\n    <\/p>\n<p>\n            Sie erhalten in wenigen Minuten eine E-Mail zur Best\u00e4tigung Ihrer Anmeldung.\n        <\/p>\n<p>Erst danach ist diese abgeschlossen.<\/p>\n<p>Bitte pr\u00fcfen Sie auch den Spam-Ordner.<\/p>\n<p>\n        \u00d7\n    <\/p>\n<p>\n            Sie haben bisher Ihre E-Mail-Adresse noch nicht best\u00e4tigt.\n        <\/p>\n<p>Erst danach ist diese abgeschlossen.<\/p>\n<p>Bitte pr\u00fcfen Sie auch den Spam-Ordner.<\/p>\n<p>\n        \u00d7\n    <\/p>\n<p>\n            Es ist einen Fehler aufgetreten\n        <\/p>\n<p>Bei Fragen hilft unser Newsletter-Support<\/p>\n<p> Newsletter<\/p>\n<p> SC Paderborn 07<\/p>\n<p>W\u00f6chentlich alle News rund um den SC Paderborn.<\/p>\n<p>                Jetzt anmelden<\/p>\n<p id=\"absatz5\" class=\"em_text\">\u201eHannover hat konstant performt und war immer nah dran am Sieg. F\u00fcr mich ist 96 ein absoluter Favorit auf den Aufstieg\u201c, urteilt daher Ralf Kettemann. Paderborns Trainer kann personell nahezu aus dem Vollen sch\u00f6pfen. Lediglich Marcel Hoffmeier (Kreuzbandriss) und sein Verteidigerkollege Calvin Brackelmann (Trainingsr\u00fcckstand) fallen aus.<\/p>\n<p id=\"absatz6\" class=\"em_text\">Mit einem Sieg k\u00f6nnte der SCP den Vorsprung auf Hannover auf satte elf Punkte ausbauen. Es w\u00e4re der perfekte Start in einen Hinrunden-Endspurt, der anschlie\u00dfend noch weitere Topspiele gegen Schalke, Elversberg, Karlsruhe und Darmstadt zu bieten hat.<\/p>\n<p id=\"absatz7\"><b class=\"bold\">Stoppelkamps Rekord-Tor: <\/b><a href=\"https:\/\/www.nw.de\/sport\/sc_paderborn_07\/24215986_Stoppelkamps-Rekord-Tor-So-wurde-der-SC-Paderborn-zum-Angstgegner-fuer-Hannover-96.html\" target=\"_blank\" rel=\"noopener\">So wurde der SC Paderborn zum Angstgegner f\u00fcr Hannover 96 <\/a><\/p>\n<p id=\"absatz8\"><b class=\"bold TextRun SCXW167316732 BCX2 NormalTextRun SCXW167316732 BCX2\">All<\/b><b class=\"bold TextRun SCXW167316732 BCX2 NormalTextRun SCXW167316732 BCX2\">e SCP-<\/b><b class=\"bold TextRun SCXW167316732 BCX2 NormalTextRun SpellingErrorV2Themed SCXW167316732 BCX2\">Nachrichten<\/b><b class=\"bold TextRun SCXW167316732 BCX2 NormalTextRun SCXW167316732 BCX2\"> <\/b><b class=\"bold TextRun SCXW167316732 BCX2 NormalTextRun SpellingErrorV2Themed SCXW167316732 BCX2\">im<\/b><b class=\"bold TextRun SCXW167316732 BCX2 NormalTextRun SCXW167316732 BCX2\"> <\/b><b class=\"bold TextRun SCXW167316732 BCX2 NormalTextRun SpellingErrorV2Themed SCXW167316732 BCX2\">\u00dcberblick<\/b><b class=\"bold TextRun SCXW167316732 BCX2 NormalTextRun SCXW167316732 BCX2\">:<\/b><b class=\"bold TextRun SCXW167316732 BCX2 NormalTextRun SCXW167316732 BCX2\"> <\/b><a href=\"https:\/\/www.nw.de\/sport\/sc_paderborn_07\/23990609_Aktuelle-News-rund-um-den-SC-Paderborn-Sperre-fuer-Adriano-Grimaldi-steht-fest.html\" rel=\"noreferrer noopener\" target=\"_blank\">Der News-Blog rund um den SC Paderborn<\/a><\/p>\n<p>Hier gibt es das Spiel des SC Paderborn gegen Hannover 96 im Liveticker:<\/p>\n","protected":false},"excerpt":{"rendered":"Paderborn. Was die Statistik betrifft, d\u00fcrfte der neunte Zweitliga-Sieg in Folge f\u00fcr den SC Paderborn eine reine Formsache&hellip;\n","protected":false},"author":2,"featured_media":594135,"comment_status":"","ping_status":"","sticky":false,"template":"","format":"standard","meta":{"footnotes":""},"categories":[1836],"tags":[3364,29,30,46,2366,9307,732,1611,1607,16345,16344,1608,2378,44423,10126,736,15355,1613,1411,70480,727,22507,3135,15351],"class_list":{"0":"post-594134","1":"post","2":"type-post","3":"status-publish","4":"format-standard","5":"has-post-thumbnail","7":"category-hannover","8":"tag-de","9":"tag-deutschland","10":"tag-germany","11":"tag-hannover","12":"tag-hannover-96","13":"tag-label_foto","14":"tag-label_frei","15":"tag-label_informiere-mich","16":"tag-label_knaller","17":"tag-label_liveticker","18":"tag-label_ticker","19":"tag-label_top-news","20":"tag-label_umfrage","21":"tag-label_user-need","22":"tag-meta_artikelklasse_reportage","23":"tag-meta_copyrights_nw","24":"tag-meta_themen_sc_paderborn","25":"tag-meta_userneeds_informieremich","26":"tag-niedersachsen","27":"tag-pader","28":"tag-paderborn","29":"tag-ralf-kettemann","30":"tag-sc-paderborn","31":"tag-scp"},"share_on_mastodon":{"url":"https:\/\/pubeurope.com\/@de\/115593192767189741","error":""},"_links":{"self":[{"href":"https:\/\/www.europesays.com\/de\/wp-json\/wp\/v2\/posts\/594134","targetHints":{"allow":["GET"]}}],"collection":[{"href":"https:\/\/www.europesays.com\/de\/wp-json\/wp\/v2\/posts"}],"about":[{"href":"https:\/\/www.europesays.com\/de\/wp-json\/wp\/v2\/types\/post"}],"author":[{"embeddable":true,"href":"https:\/\/www.europesays.com\/de\/wp-json\/wp\/v2\/users\/2"}],"replies":[{"embeddable":true,"href":"https:\/\/www.europesays.com\/de\/wp-json\/wp\/v2\/comments?post=594134"}],"version-history":[{"count":0,"href":"https:\/\/www.europesays.com\/de\/wp-json\/wp\/v2\/posts\/594134\/revisions"}],"wp:featuredmedia":[{"embeddable":true,"href":"https:\/\/www.europesays.com\/de\/wp-json\/wp\/v2\/media\/594135"}],"wp:attachment":[{"href":"https:\/\/www.europesays.com\/de\/wp-json\/wp\/v2\/media?parent=594134"}],"wp:term":[{"taxonomy":"category","embeddable":true,"href":"https:\/\/www.europesays.com\/de\/wp-json\/wp\/v2\/categories?post=594134"},{"taxonomy":"post_tag","embeddable":true,"href":"https:\/\/www.europesays.com\/de\/wp-json\/wp\/v2\/tags?post=594134"}],"curies":[{"name":"wp","href":"https:\/\/api.w.org\/{rel}","templated":true}]}}