{"id":594159,"date":"2025-11-22T12:00:14","date_gmt":"2025-11-22T12:00:14","guid":{"rendered":"https:\/\/www.europesays.com\/de\/594159\/"},"modified":"2025-11-22T12:00:14","modified_gmt":"2025-11-22T12:00:14","slug":"glaettegefahr-im-raum-stuttgart-wetterdienst-warnt-vor-glatten-strassen-am-wochenende","status":"publish","type":"post","link":"https:\/\/www.europesays.com\/de\/594159\/","title":{"rendered":"Gl\u00e4ttegefahr im Raum Stuttgart: Wetterdienst warnt vor glatten Stra\u00dfen am Wochenende"},"content":{"rendered":"<p>Das Wochenende zeigt sich in der Region <a href=\"https:\/\/www.stuttgarter-zeitung.de\/thema\/Stuttgart\" title=\"Stuttgart\" class=\"art_thema\" target=\"_blank\" rel=\"noopener\">Stuttgart<\/a> von seiner frostigen Seite. Vor allem in der Nacht zum Sonntag muss mit Temperaturen von bis zu minus 8 Grad gerechnet werden. Auch Verkehrsteilnehmer m\u00fcssen aufpassen, denn am Sonntagabend droht laut dem Deutschen Wetterdienst (DWD) \u00f6rtlich Gl\u00e4ttegefahr. <\/p>\n<p>Sobald sich der Nebel am Samstagfr\u00fch verzogen hat, wird es erstmal freundlich. Die Temperaturen bleiben deutlich auf der winterlichen Seite: Von minus 2 Grad im Allg\u00e4u bis plus 2 Grad im Kraichgau reicht die Spanne. Der Wind weht schwach meist aus s\u00fcdlicher Richtung.<\/p>\n<p>In der Nacht zum Sonntag k\u00fchlt es unter klarem Himmel kr\u00e4ftig ab. Die Prognose sieht f\u00fcr den S\u00fcdwesten Tiefstwerte zwischen minus 7 bis minus 12 Grad. \u00d6rtlich kann sich Reifgl\u00e4tte bilden. Wer fr\u00fch raus muss, sollte also ein paar Minuten zum Eiskratzen einplanen.<\/p>\n<p>Am Sonntagabend ist <a href=\"https:\/\/www.stuttgarter-zeitung.de\/thema\/Glatteis\" title=\"Glatteis\" class=\"art_thema\" target=\"_blank\" rel=\"noopener\">Glatteis<\/a> m\u00f6glich <\/p>\n<p>Der Sonntag beginnt leicht bew\u00f6lkt, f\u00e4hrt sp\u00e4ter aber st\u00e4rkeres Gesch\u00fctz auf: Von Westen ziehen rasch dichte Wolken auf, am Nachmittag setzt dann laut DWD zun\u00e4chst Schneefall ein, der sich rasch in Schneeregen und dann in Regen verwandelt. So muss im Raum Stuttgart in den Abendstunden sowie in der ersten Nachth\u00e4lfte zum Montag \u00f6rtlich mit glatten Stra\u00dfen gerechnet werden. Der DWD warnt Verkehrsteilnehmer, in dieser Zeit besonders vorsichtig zu sein. <\/p>\n<p>Im Laufe des Sonntagabends und der Nacht zum Montag steigen die H\u00f6chsttemperaturen in Baden-W\u00fcrttemberg je nach H\u00f6henlage auf Werte zwischen minus 1 Grad im Bergland und plus 7 Grad im Rheintal. Der Wind weht schwach bis m\u00e4\u00dfig aus S\u00fcdost bis S\u00fcd und dreht sp\u00e4ter auf S\u00fcdwest; auf dem Feldberg drohen st\u00fcrmische B\u00f6en bis hin zu Sturmb\u00f6en.<\/p>\n<p>In der Nacht zum Montag bleibt es stark bew\u00f6lkt bis bedeckt und verbreitet nass. Besonders in der Mitte und im Osten des Landes besteht erneut das Risiko von Glatteis durch gefrierenden Regen, laut DWD sei die Glatteisgefahr im Raum Stuttgart nicht mehr so hoch wie am Sonntagabend. In h\u00f6heren Lagen muss weiterhin mit starken bis st\u00fcrmischen B\u00f6en gerechnet werden, auf dem Feldberg sogar mit schweren Sturmb\u00f6en. <\/p>\n","protected":false},"excerpt":{"rendered":"Das Wochenende zeigt sich in der Region Stuttgart von seiner frostigen Seite. Vor allem in der Nacht zum&hellip;\n","protected":false},"author":2,"featured_media":594160,"comment_status":"","ping_status":"","sticky":false,"template":"","format":"standard","meta":{"footnotes":""},"categories":[1830],"tags":[1634,3364,29,30,42751,140601,16406,1441,5329,1973],"class_list":{"0":"post-594159","1":"post","2":"type-post","3":"status-publish","4":"format-standard","5":"has-post-thumbnail","7":"category-stuttgart","8":"tag-baden-wuerttemberg","9":"tag-de","10":"tag-deutschland","11":"tag-germany","12":"tag-glaette","13":"tag-glatteis","14":"tag-schnee","15":"tag-stuttgart","16":"tag-video","17":"tag-wetter"},"share_on_mastodon":{"url":"https:\/\/pubeurope.com\/@de\/115593243871032846","error":""},"_links":{"self":[{"href":"https:\/\/www.europesays.com\/de\/wp-json\/wp\/v2\/posts\/594159","targetHints":{"allow":["GET"]}}],"collection":[{"href":"https:\/\/www.europesays.com\/de\/wp-json\/wp\/v2\/posts"}],"about":[{"href":"https:\/\/www.europesays.com\/de\/wp-json\/wp\/v2\/types\/post"}],"author":[{"embeddable":true,"href":"https:\/\/www.europesays.com\/de\/wp-json\/wp\/v2\/users\/2"}],"replies":[{"embeddable":true,"href":"https:\/\/www.europesays.com\/de\/wp-json\/wp\/v2\/comments?post=594159"}],"version-history":[{"count":0,"href":"https:\/\/www.europesays.com\/de\/wp-json\/wp\/v2\/posts\/594159\/revisions"}],"wp:featuredmedia":[{"embeddable":true,"href":"https:\/\/www.europesays.com\/de\/wp-json\/wp\/v2\/media\/594160"}],"wp:attachment":[{"href":"https:\/\/www.europesays.com\/de\/wp-json\/wp\/v2\/media?parent=594159"}],"wp:term":[{"taxonomy":"category","embeddable":true,"href":"https:\/\/www.europesays.com\/de\/wp-json\/wp\/v2\/categories?post=594159"},{"taxonomy":"post_tag","embeddable":true,"href":"https:\/\/www.europesays.com\/de\/wp-json\/wp\/v2\/tags?post=594159"}],"curies":[{"name":"wp","href":"https:\/\/api.w.org\/{rel}","templated":true}]}}