{"id":594163,"date":"2025-11-22T12:02:14","date_gmt":"2025-11-22T12:02:14","guid":{"rendered":"https:\/\/www.europesays.com\/de\/594163\/"},"modified":"2025-11-22T12:02:14","modified_gmt":"2025-11-22T12:02:14","slug":"unbekannter-autofahrer-raubt-senior-die-goldkette-vom-hals","status":"publish","type":"post","link":"https:\/\/www.europesays.com\/de\/594163\/","title":{"rendered":"Unbekannter Autofahrer raubt Senior die Goldkette vom Hals"},"content":{"rendered":"<p>Trick aus dem Auto heraus <\/p>\n<p>Senior wird in Frankfurt Opfer von Kettenraub<\/p>\n<p>22.11.2025 &#8211; 12:22 UhrLesedauer: 1 Min.<\/p>\n<p><a href=\"#focus-0\" class=\"transition-colors duration-200 block text-current relative\" data-sctrack=\"FocusGalleryImage.Reference\"><img fetchpriority=\"high\" data-testid=\"Opener.Image\" style=\"--lqipURL:url('https:\/\/images.t-online.de\/2025\/11\/AlKz3-gguNot\/0x206:4000x2250\/fit-in\/150x0\/filters:blur(25)\/polizeiauto-vor-der-frankfurter-skyline-archivbild-der-taeter-konnte-unerkannt-entkommen.jpg')\"   loading=\"eager\" src=\"https:\/\/www.europesays.com\/de\/wp-content\/uploads\/2025\/11\/polizeiauto-vor-der-frankfurter-skyline-archivbild-der-taeter-konnte-unerkannt-entkommen.jpg\" alt=\"Polizeiauto vor der Frankfurter Skyline (Archivbild): Der T\u00e4ter konnte unerkannt entkommen.\" title=\"Polizeiauto vor der Frankfurter Skyline (Archivbild): Der T\u00e4ter konnte unerkannt entkommen.\" width=\"4000\" height=\"2250\" class=\"bg-[url:var(--lqipURL)] bg-cover bg-center flex h-full w-full max-w-full\" decoding=\"async\"\/><img style=\"--width:32;--height:32\" loading=\"lazy\" src=\"https:\/\/frankfurt.t-online.de\/s\/paper\/_next\/static\/media\/zoom-in.f7dae02f.svg\" alt=\"Vergr\u00f6\u00dfern des Bildes\" title=\"Vergr\u00f6\u00dfern des Bildes\" class=\"block h-[calc(var(--height)_\/_16_*_1rem)] w-[calc(var(--width)_\/_16_*_1rem)] max-w-none absolute bottom-8 right-8 rounded-4 bg-snow p-8\" decoding=\"async\"\/><\/a><\/p>\n<p>Polizeiauto vor der Frankfurter Skyline (Archivbild): Der T\u00e4ter konnte unerkannt entkommen. (Quelle: IMAGO)<\/p>\n<p class=\"font-bold text-18 leading-17\">Ein Autofahrer h\u00e4lt am Stra\u00dfenrand und verwickelt einen \u00e4lteren Mann in ein Gespr\u00e4ch. Dann gibt der Unbekannte pl\u00f6tzlich Gas. Warum, wird dem Senior unmittelbar danach klar.<\/p>\n<p class=\"text-18 leading-17\">Mit einem perfiden Trick hat ein Unbekannter einem Senior in <a target=\"_blank\" class=\"transition-colors duration-200 cursor-pointer text-inherit no-underline text-salemsfur md:hover:text-magenta md:hover:border-magenta md:focus:text-magenta border-current border-b border-solid break-words\" href=\"https:\/\/frankfurt.t-online.de\/region\/frankfurt-am-main\/\" data-sctrack=\"BodyAnchor\" rel=\"noopener\">Frankfurt<\/a> die Goldkette geraubt. Der 75-J\u00e4hrige war nach Polizeiangaben am Donnerstagvormittag zu Fu\u00df unterwegs, als ein Auto neben ihm anhielt. Der Fahrer soll den Mann durch das ge\u00f6ffnete Seitenfenster in ein Gespr\u00e4ch verwickelt und ihm eine schmale Kette um den Hals gelegt haben.<\/p>\n<p class=\"text-18 leading-17\">Als der 75-J\u00e4hrige den Kopf zur\u00fcckzog und sich die Kette vom Hals riss, gab der T\u00e4ter Gas und zog den Senior noch einige Meter mit, bis dieser zu Boden st\u00fcrzte, erkl\u00e4rte die Polizei. W\u00e4hrend das Auto in unbekannte Richtung fl\u00fcchtete, habe der Mann bemerkt, dass ihm seine eigene Kette vom Hals geklaut worden war.<\/p>\n","protected":false},"excerpt":{"rendered":"Trick aus dem Auto heraus Senior wird in Frankfurt Opfer von Kettenraub 22.11.2025 &#8211; 12:22 UhrLesedauer: 1 Min.&hellip;\n","protected":false},"author":2,"featured_media":594164,"comment_status":"","ping_status":"","sticky":false,"template":"","format":"standard","meta":{"footnotes":""},"categories":[1829],"tags":[513,29,2050,2051,1213,30,2052,141962,121,15580,40139],"class_list":{"0":"post-594163","1":"post","2":"type-post","3":"status-publish","4":"format-standard","5":"has-post-thumbnail","7":"category-frankfurt-am-main","8":"tag-auto","9":"tag-deutschland","10":"tag-frankfurt","11":"tag-frankfurt-am-main","12":"tag-gas","13":"tag-germany","14":"tag-hessen","15":"tag-kettenraub","16":"tag-polizei","17":"tag-polizeiauto","18":"tag-strassenrand"},"share_on_mastodon":{"url":"https:\/\/pubeurope.com\/@de\/115593251850346729","error":""},"_links":{"self":[{"href":"https:\/\/www.europesays.com\/de\/wp-json\/wp\/v2\/posts\/594163","targetHints":{"allow":["GET"]}}],"collection":[{"href":"https:\/\/www.europesays.com\/de\/wp-json\/wp\/v2\/posts"}],"about":[{"href":"https:\/\/www.europesays.com\/de\/wp-json\/wp\/v2\/types\/post"}],"author":[{"embeddable":true,"href":"https:\/\/www.europesays.com\/de\/wp-json\/wp\/v2\/users\/2"}],"replies":[{"embeddable":true,"href":"https:\/\/www.europesays.com\/de\/wp-json\/wp\/v2\/comments?post=594163"}],"version-history":[{"count":0,"href":"https:\/\/www.europesays.com\/de\/wp-json\/wp\/v2\/posts\/594163\/revisions"}],"wp:featuredmedia":[{"embeddable":true,"href":"https:\/\/www.europesays.com\/de\/wp-json\/wp\/v2\/media\/594164"}],"wp:attachment":[{"href":"https:\/\/www.europesays.com\/de\/wp-json\/wp\/v2\/media?parent=594163"}],"wp:term":[{"taxonomy":"category","embeddable":true,"href":"https:\/\/www.europesays.com\/de\/wp-json\/wp\/v2\/categories?post=594163"},{"taxonomy":"post_tag","embeddable":true,"href":"https:\/\/www.europesays.com\/de\/wp-json\/wp\/v2\/tags?post=594163"}],"curies":[{"name":"wp","href":"https:\/\/api.w.org\/{rel}","templated":true}]}}