{"id":594167,"date":"2025-11-22T12:04:22","date_gmt":"2025-11-22T12:04:22","guid":{"rendered":"https:\/\/www.europesays.com\/de\/594167\/"},"modified":"2025-11-22T12:04:22","modified_gmt":"2025-11-22T12:04:22","slug":"widerspruch-zur-ausbeutung-kirchengemeinden-beziehen-fair-gehandeltes-obst-aus-kalabrien","status":"publish","type":"post","link":"https:\/\/www.europesays.com\/de\/594167\/","title":{"rendered":"Widerspruch zur Ausbeutung: Kirchengemeinden beziehen fair gehandeltes Obst aus Kalabrien"},"content":{"rendered":"<p data-start=\"171\" data-end=\"1442\">Aktuell vers\u00fc\u00dfen wieder Orangen und Mandarinen den Menschen die dunklen Herbst- und Wintermonate. Wer die vitaminreichen Fr\u00fcchte kauft, kann aber auch anderen etwas Gutes tun \u2013 wenn er oder sie das an der richtigen Stelle tut: Seit zwei Jahren bestellt die \u00f6kumenische Umweltgruppe \u201eLaudatosi\u201c, bestehend aus Menschen der katholischen Kirchengemeinde St. Franziskus und der evangelischen Kirchengemeinde Ichthys in Widdersdorf, regelm\u00e4\u00dfig bei einer Kooperative aus Kleinbauern und -b\u00e4uerinnen im italienischen Rosarno verschiedene Fr\u00fcchte. Dabei handelt es sich um Orangen, Mandarinen, Zitronen, Kiwis und Avocados, die \u00f6kologisch und vor allem unter fairen Arbeitsbedingungen produziert wurden. Zahlreiche weitere Gemeinden in K\u00f6ln und der Region haben sich angeschlossen: die evangelische Kirchengemeinde in K\u00f6ln-Klettenberg, die evangelische Hoffnungsgemeinde Velbert und T\u00f6nisheide, der \u00f6kumenische Arbeitskreis \u201eGerechtigkeit, Frieden und Bewahrung der Sch\u00f6pfung\u201c in Hilden, die evangelische Kirchengemeinde B\u00fcchenbeuren-Laufersweiler-G\u00f6senroth und das Landeskirchenamt in D\u00fcsseldorf. Aber auch die Solidarische Landwirtschaft Widdersdorf (SoLaWi-Gem\u00fcsekoop) geh\u00f6rt zu den Bestellern \u2013 ebenso der genossenschaftlich organisierte Supermarkt K\u00f6llektiv in der S\u00fcdstadt.<\/p>\n<p><strong data-start=\"1453\" data-end=\"1542\">\u201eF\u00fcr 2,80 Euro pro Kilo zahlt die Gemeinde nicht nur f\u00fcr Orangen \u2013 sondern f\u00fcr W\u00fcrde\u201c<\/strong><\/p>\n<p data-start=\"1544\" data-end=\"1869\">In diesem Jahr hat die Presbyterin der Evangelischen Gemeinde Widdersdorf, Gisela Theis, erstmals sogar zwei Sammelbestellungen aufgegeben, eine im Fr\u00fchjahr und nun eine im Herbst. Knapp 1,7 Tonnen Fr\u00fcchte werden bald wieder zur Scheune der Solawi geliefert, sortiert und dann dort von den Gemeinden und Initiativen abgeholt. Sie kommen direkt von der Kooperative \u201eSOS Rosarno\u201c in Kalabrien, die mittlerweile als Genossenschaft den Namen \u201eMani et Terra\u201c (\u201eH\u00e4nde und Erde\u201c) tr\u00e4gt und der Ausbeutung von Arbeitern vor Ort etwas entgegensetzen will. Theis schildert die Hintergr\u00fcnde: Die Supermarktketten w\u00fcrden den heimischen Kleinbauern und -b\u00e4uerinnen einen so geringen Preis f\u00fcr ihre Ernte zahlen, dass sie damit kaum die Ausgaben f\u00fcr ihre Produktion decken k\u00f6nnten. Gleichzeitig w\u00fcrden an der Stiefelspitze Italiens sehr viele aus afrikanischen L\u00e4ndern gefl\u00fcchtete Menschen stranden, dort dann auf den Obstplantagen f\u00fcr Hungerl\u00f6hne arbeiten und notd\u00fcrftig unter Planen am Stadtrand kampieren.<\/p>\n<p><strong data-start=\"2551\" data-end=\"2637\">\u201eSOS Rosarno schafft Arbeitspl\u00e4tze mit Tarifvertrag, Mindestlohn und Versicherung\u201c<\/strong><\/p>\n<p data-start=\"2639\" data-end=\"3184\">Die Initiative SOS Rosarno verkauft das Obst statt an die Ketten direkt an Verbraucherverb\u00fcnde zu einem fairen Preis und erm\u00f6glicht so ebenso faire Arbeitsbedingungen: \u201eDie Arbeiter und Arbeiterinnen erhalten einen Tarifvertrag, den Mindestlohn und sind sozialversichert\u201c, schildert Theis. Pro Kilo Orangen beispielsweise zahlt die Gemeinde 2,80 Euro plus Mehrwertsteuer und verkauft sie f\u00fcr 3,50 Euro. Der Differenzbetrag geht auf ein Spendenkonto f\u00fcr \u201eMediterranean Hope\u201c bei der Evangelischen Kirche von Westfalen mit dem Stichwort \u201eRosarno\u201c.<\/p>\n<p><strong data-start=\"3195\" data-end=\"3276\">\u201eMit jeder Frucht auch Hoffnung: Gemeinden unterst\u00fctzen \u201aMediterranean Hope\u2018\u201c<\/strong><\/p>\n<p data-start=\"3278\" data-end=\"3783\">\u201eMediterranean Hope\u201c geh\u00f6rt zum Gefl\u00fcchtetenprogramm des Bundes der Evangelischen Kirchen in Italien und finanziert verschiedene Projekte in Rosarno \u2013 zum Beispiel das \u201eHaus der W\u00fcrde\u201c, ein Wohnheim, wo Wanderarbeiter in Zwei-Betten-Appartements mit K\u00fcchenzeile und Bad leben k\u00f6nnen. Es erm\u00f6glicht Traumatherapien und stattet die Fahrr\u00e4der der Erntehelfer mit Lampen aus. Sie m\u00fcssen meist im Dunkeln auf unbeleuchteten Stra\u00dfen lange Wege zu den Obstplantagen zur\u00fccklegen und werden oft Opfer von Unf\u00e4llen.<\/p>\n<p data-start=\"3278\" data-end=\"3783\">Zu der Einkaufshilfsaktion wurde Theis bei der Rheinischen Friedenskonferenz in Bonn inspiriert. Dort kam sie \u00fcber den Verein zur \u201eF\u00f6rderung des fairen Handel(n)s am Niederrhein, Fair\/rhein\u201c in Kontakt mit der stellvertretenden Leiterin des Oikos-Instituts f\u00fcr Mission und \u00d6kumene bei der Evangelischen Kirche von Westfalen (EKvW), Katja Breyer. Eine italienische Partnerkirche hatte an Breyer vor einiger Zeit die Bitte herangetragen, in Kalabrien fair produzierte Fr\u00fcchte zu kaufen. So hatte die EKvW die Orangen-Verkaufsaktion \u201eS\u00fc\u00df statt bitter\u201c gestartet. Theis folgte ihrem Beispiel mit der Einkaufsaktion in K\u00f6ln und Umgebung. Auf diese Weise m\u00f6chten nun viele Gemeinden gemeinsam mit dem Kauf der leuchtenden Fr\u00fcchte in zweierlei Hinsicht Licht ins Herbstdunkel bringen.<\/p>\n<p><a href=\"#\" rel=\"nofollow\" onclick=\"window.print(); return false;\" title=\"Printer Friendly, PDF &amp; Email\"><img decoding=\"async\" src=\"https:\/\/www.europesays.com\/de\/wp-content\/uploads\/2025\/04\/printfriendly-icon-lg.png\" alt=\"Print Friendly, PDF &amp; Email\" class=\"pf-button-img\" style=\"width: 25px;height: 25px;\"\/>Drucken<\/a><\/p>\n<p>Text: Susanne Esch<br \/>Foto(s): Marcus Zahn\/ Canva<\/p>\n","protected":false},"excerpt":{"rendered":"Aktuell vers\u00fc\u00dfen wieder Orangen und Mandarinen den Menschen die dunklen Herbst- und Wintermonate. Wer die vitaminreichen Fr\u00fcchte kauft,&hellip;\n","protected":false},"author":2,"featured_media":594168,"comment_status":"","ping_status":"","sticky":false,"template":"","format":"standard","meta":{"footnotes":""},"categories":[1828],"tags":[133777,29,141963,141964,65793,141965,141966,141967,141968,141969,141970,30,141971,22312,141972,23489,141973,141974,141975,1420,141976,141977,141978,141979,141980,1209,141981,141982,141983,141984,141985,141986,141987,141988,141989,141990],"class_list":{"0":"post-594167","1":"post","2":"type-post","3":"status-publish","4":"format-standard","5":"has-post-thumbnail","7":"category-koeln","8":"tag-fairer-handel","9":"tag-deutschland","10":"tag-einkaufsaktion-kirche","11":"tag-ernteeinsatz","12":"tag-evangelische-kirche-von-westfalen","13":"tag-fair-rhein","14":"tag-faire-arbeitsbedingungen","15":"tag-faire-mandarinen","16":"tag-faire-orangen","17":"tag-fluechtlingshilfe","18":"tag-gemeindeaktion","19":"tag-germany","20":"tag-haus-der-wuerde","21":"tag-kalabrien","22":"tag-kirche-fuer-gerechtigkeit","23":"tag-kirche-koeln","24":"tag-kirche-und-oekologie","25":"tag-kirchenengagement","26":"tag-kirchenkooperation","27":"tag-koeln","28":"tag-laudatosi","29":"tag-mani-et-terra","30":"tag-mediterranean-hope","31":"tag-mindestlohn-italien","32":"tag-nachhaltiger-konsum","33":"tag-nordrhein-westfalen","34":"tag-obst-aus-italien","35":"tag-oikos-institut","36":"tag-oekologische-landwirtschaft","37":"tag-oekumenische-projekte","38":"tag-orangenaktion","39":"tag-rosarno","40":"tag-solidarische-landwirtschaft","41":"tag-sos-rosarno","42":"tag-tarife-in-der-landwirtschaft","43":"tag-wanderarbeiter"},"share_on_mastodon":{"url":"","error":"Validation failed: Text character limit of 500 exceeded"},"_links":{"self":[{"href":"https:\/\/www.europesays.com\/de\/wp-json\/wp\/v2\/posts\/594167","targetHints":{"allow":["GET"]}}],"collection":[{"href":"https:\/\/www.europesays.com\/de\/wp-json\/wp\/v2\/posts"}],"about":[{"href":"https:\/\/www.europesays.com\/de\/wp-json\/wp\/v2\/types\/post"}],"author":[{"embeddable":true,"href":"https:\/\/www.europesays.com\/de\/wp-json\/wp\/v2\/users\/2"}],"replies":[{"embeddable":true,"href":"https:\/\/www.europesays.com\/de\/wp-json\/wp\/v2\/comments?post=594167"}],"version-history":[{"count":0,"href":"https:\/\/www.europesays.com\/de\/wp-json\/wp\/v2\/posts\/594167\/revisions"}],"wp:featuredmedia":[{"embeddable":true,"href":"https:\/\/www.europesays.com\/de\/wp-json\/wp\/v2\/media\/594168"}],"wp:attachment":[{"href":"https:\/\/www.europesays.com\/de\/wp-json\/wp\/v2\/media?parent=594167"}],"wp:term":[{"taxonomy":"category","embeddable":true,"href":"https:\/\/www.europesays.com\/de\/wp-json\/wp\/v2\/categories?post=594167"},{"taxonomy":"post_tag","embeddable":true,"href":"https:\/\/www.europesays.com\/de\/wp-json\/wp\/v2\/tags?post=594167"}],"curies":[{"name":"wp","href":"https:\/\/api.w.org\/{rel}","templated":true}]}}