{"id":594172,"date":"2025-11-22T12:07:14","date_gmt":"2025-11-22T12:07:14","guid":{"rendered":"https:\/\/www.europesays.com\/de\/594172\/"},"modified":"2025-11-22T12:07:14","modified_gmt":"2025-11-22T12:07:14","slug":"fc-bayern-muenchen-schnappt-mancity-dem-fcb-einen-wunschspieler-weg","status":"publish","type":"post","link":"https:\/\/www.europesays.com\/de\/594172\/","title":{"rendered":"FC Bayern M\u00fcnchen: Schnappt ManCity dem FCB einen Wunschspieler weg?"},"content":{"rendered":"<p class=\"css-1q8kfuz\">Alle Transfer-News und Ger\u00fcchte zum\u00a0FC Bayern M\u00fcnchen im \u00dcberblick. Welche Stars wechseln? Welche gehen? Alle Informationen zum deutschen Rekordmeister im Ticker.<\/p>\n<p class=\"css-1cmglxz\">Hier findet ihr alle Transfer-News und aktuelle Ger\u00fcchte zum <a data-li-document-ref=\"443207\" href=\"https:\/\/www.ran.de\/sports\/fussball\/fc-bayern-muenchen\" target=\"_blank\" rel=\"noopener\">FC Bayern M\u00fcnchen.<\/a><\/p>\n<p class=\"css-1cmglxz\">Die wichtigsten <a data-li-document-ref=\"384426\" href=\"https:\/\/www.ran.de\/sports\/fussball\/bundesliga\/news\/fc-bayern-muenchen-bvb-und-bayer-leverkusen-jagen-wohl-belgien-juwel-transfergeruechte-und-news-der-bundesliga-384426\" target=\"_blank\" rel=\"noopener\">Transferger\u00fcchte der\u00a0Bundesliga<\/a>\u00a0und <a data-li-document-ref=\"343680\" href=\"https:\/\/www.ran.de\/sports\/fussball\/news\/macht-granit-xhaka-schon-die-sunderland-biege-internationale-transfers-und-geruechte-im-ticker-343680\" target=\"_blank\" rel=\"noopener\">der\u00a0internationalen Top-Ligen<\/a>\u00a0findet ihr ebenfalls auf <strong>ran.de<\/strong>.<\/p>\n<p>+++ 22. November, 12:25 Uhr: Schnappt City Bayern einen Wunschspieler weg? +++<\/p>\n<p class=\"css-1cmglxz\">Der FC Bayern bem\u00fcht sich Medienberichten zufolge intensiv um eine Verpflichtung des niederl\u00e4ndischen Au\u00dfenverteidigers Givairo Read von Feyenoord Rotterdam.<\/p>\n<p class=\"css-1cmglxz\">Laut Transferexperte Fabrizio Romano will nun aber wohl auch Manchester City um Ex-Bayern-Coach Pep Guardiola in das Rennen um den Defensivspezialisten einsteigen.<\/p>\n<p class=\"css-1cmglxz\">J\u00fcngst vermeldete bereits &#8222;Sky&#8220;, dass die Gespr\u00e4che zwischen dem deutschen Rekordmeister und dem Lager des 19-J\u00e4hrigen weit fortgeschritten seien.<\/p>\n<p class=\"css-1cmglxz\">Der Youngster steht noch bis 2029 bei Feyenoord unter Vertrag, genannt wird eine Abl\u00f6se im Bereich zwischen 30 und 40 Millionen Euro.<\/p>\n<p>+++ 21. November, 10:22 Uhr: Wohl nur noch drei Klubs im Rennen um Upamecano +++<\/p>\n<p class=\"css-1cmglxz\">Im Poker um einen Verbleib von Dayot Upamecano muss sich der FC Bayern offenbar noch mit zwei Konkurrenten auseinandersetzen. Wie die &#8222;Bild&#8220; berichtet, befasst sich der Franzose selbst nur noch mit Bayern, Real Madrid und Paris Saint-Germain.<\/p>\n<p class=\"css-1cmglxz\">Alle anderen Klubs, die zuletzt mit dem Innenverteidiger in Verbindung gebracht wurden, seien demnach aus dem Rennen, darunter der FC Barcelona und der FC Liverpool.<\/p>\n<p class=\"css-1cmglxz\">Mutma\u00dflich wird sich der Franzose in den kommenden Wochen entscheiden. Der Vertrag des 27-J\u00e4hrigen l\u00e4uft am Saisonende aus.<\/p>\n<p>Dieser Inhalt stammt von externen Anbietern wie Facebook, Instagram oder Youtube. Aktiviere bitte Personalisierte Anzeigen und Inhalte sowie Anbieter au\u00dferhalb des CMP Standards, um diese Inhalte anzuzeigen.Privatsph\u00e4re-Einstellungen+++ 20. November, 13:52 Uhr: Verl\u00e4ngert Upamecano? Hainer ist zuversichtlich +++<\/p>\n<p class=\"css-1cmglxz\">Bayern M\u00fcnchens Pr\u00e4sident Herbert Hainer ist zuversichtlich, dass der hei\u00df umworbene Abwehrchef Dayot Upamecano auch \u00fcber den kommenden Sommer hinaus beim Rekordmeister spielen wird.<\/p>\n<p class=\"css-1cmglxz\">&#8222;Ich bin da optimistisch. Alles was ich h\u00f6re, auch wenn ich selber mit ihm spreche: Es gef\u00e4llt ihm unheimlich gut bei Bayern M\u00fcnchen, er f\u00fchlt sich unheimlich wohl, f\u00fchlt sich auch mit dem Trainer unheimlich wohl. Dies sieht man auch an seiner Leistung&#8220;, sagte Hainer am Donnerstag am Rande einer Veranstaltung des Rekordmeisters zum Thema Demenz.<\/p>\n<p class=\"css-1cmglxz\">Deshalb hoffe er &#8222;nat\u00fcrlich, dass es klappt bei uns. Aber wie gesagt, am Ende des Tages muss der Vertrag erst unterschrieben sein&#8220;, so Hainer. Der Vertrag des Innenverteidigers l\u00e4uft am Saisonende aus. Einige europ\u00e4ische Topklubs, unter anderem Real Madrid und Paris Saint-Germain, sollen Interesse am 27 Jahre alten Franzosen haben. F\u00fcr Hainer kommt dies aber nicht \u00fcberraschend, &#8222;wenn so ein Spieler wie er, der so gut spielt, auch von anderen Vereinen umworben wird&#8220;.<\/p>\n<p class=\"css-1cmglxz\">Upamecano hatte zuletzt die Frage nach seiner Zukunft erneut offen gelassen. &#8222;Ich habe einen guten Berater. Wir werden die richtige Entscheidung treffen. Ich konzentriere mich auf diese Saison und meine Ziele mit dem Verein und der Nationalmannschaft&#8220;, sagte er bei &#8222;L&#8217;Equipe&#8220;.<\/p>\n<p>+++ 19. November, 16:15 Uhr: FC Bayern plant offenbar keine Wintertransfers +++<\/p>\n<p class=\"css-1cmglxz\">Das Transferkarussell wird sich im Winter wohl ohne Beteiligung des <a data-li-document-ref=\"443207\" href=\"https:\/\/www.ran.de\/sports\/fussball\/fc-bayern-muenchen\" target=\"_blank\" rel=\"noopener\">FC Bayern M\u00fcnchen<\/a> drehen. Wie es im Podcast Bayern-Insider der &#8222;Bild&#8220;-Zeitung hei\u00dft, verzichtet der Rekordmeister auf Aktivit\u00e4ten in der kommenden Transferperiode.<\/p>\n<p class=\"css-1cmglxz\">Demnach sei die Vereinsf\u00fchrung \u00fcberzeugt, dass der aktuelle Kader stark genug ist, um die Saisonziele zu erreichen. Eine Erkenntnis, die angesichts der derzeit \u00fcberzeugenden Leistungen und Ergebnisse des Teams von Vincent Kompany nicht unbedingt \u00fcberrascht. Zumal mit Hiroki Ito, <a data-li-document-ref=\"459328\" href=\"https:\/\/www.ran.de\/sports\/fussball\/jamal-musiala\" target=\"_blank\" rel=\"noopener\">Jamal Musiala<\/a> und <a data-li-document-ref=\"515811\" href=\"https:\/\/www.ran.de\/sports\/fussball\/alphonso-davies\" target=\"_blank\" rel=\"noopener\">Alphonso Davies<\/a> drei langzeitverletzte Profis kurz vor ihren Comebacks stehen.<\/p>\n<p class=\"css-1cmglxz\">Auch Kompany selbst sei \u00fcberzeugt von dieser Strategie, hei\u00dft es. Der Belgier galt bislang nicht als uneingeschr\u00e4nkter F\u00f6rderer von jungen Spielern. Sein Vertrauen in den erst 17-j\u00e4hrigen <a data-li-document-ref=\"576802\" href=\"https:\/\/www.ran.de\/sports\/fussball\/lennart-karl\" target=\"_blank\" rel=\"noopener\">Lennart Karl<\/a> zeigt aber, dass er sehr wohl eigenen Talenten den Weg zu den Profis ebnen kann.<\/p>\n<p>+++ 18. November, 23:55 Uhr: Schon im Winter: Topklub wohl hei\u00df auf Goretzka +++<\/p>\n<p class=\"css-1cmglxz\">Bei der Nationalmannschaft konnte sich Bayern-Star <a href=\"https:\/\/www.ran.de\/sports\/fussball\/leon-goretzka\" target=\"_blank\" rel=\"noopener\">Leon Goretzka<\/a> j\u00fcngst wieder ins Schaufenster spielen. Beim 6:0-Sieg gegen die Slowakei spielte der Routinier stark und leitete das 2:0 mit einem Traumpass auf Teamkollege Serge Gnabry ein.<\/p>\n<p class=\"css-1cmglxz\">Derartige Leistungen wecken Begehrlichkeiten. So berichtete die italienische Zeitung &#8222;Leggo&#8220;, dass Topklub Juventus Turin den Deutschen unter Vertrag nehmen will &#8211; und zwar bereits im Winter.<\/p>\n<p class=\"css-1cmglxz\">Demnach hofft Klubboss Damien Comolli wohl auf ein Schn\u00e4ppchen, weil der Vertrag von Goretzka in M\u00fcnchen am Saisonende ausl\u00e4uft. Will der FCB noch Abl\u00f6se kassieren, muss der 30-J\u00e4hrige im Winter verkauft werden, worauf die Alte Dame spekulieren soll.<\/p>\n<p class=\"css-1cmglxz\">Aber: Die M\u00fcnchner sollen laut &#8222;Sport Bild&#8220; kein Interesse an einem Abgang des Nationalspielers haben und k\u00f6nnen sich demnach sogar vorstellen, seinen Vertrag im Sommer noch einmal zu verl\u00e4ngern &#8211; wenn auch zu deutlich geringeren Bez\u00fcgen.<\/p>\n<p class=\"css-1cmglxz\">In diesem Zuge soll sich \u00fcbrigens auch ein m\u00f6glicher Wechsel in die T\u00fcrkei er\u00fcbrigt haben. Zuletzt zeigte Fenerbahce Istanbul mit Neu-Trainer Domenico Tedesco, den Goretzka noch aus gemeinsamen Schalker Zeiten kennt, Interesse.<\/p>\n<p>+++ 18. November, 07:43 Uhr: Freund erkl\u00e4rt Asllani-Idee +++<\/p>\n<p class=\"css-1cmglxz\">Der FC Bayern besch\u00e4ftigt sich mit TSG-St\u00fcrmer Fisnik Asllani. Bei &#8222;Sky&#8220; erkl\u00e4rt Sportdirektor Christoph Freund, dass es f\u00fcr den FCB f\u00fcr die Zukunft wichtig sei, &#8222;junge Talente&#8220; einzubinden. Es sei ein wichtiger Faktor f\u00fcr eine &#8222;gute Balance&#8220; im Kader.<\/p>\n<p class=\"css-1cmglxz\">Neben Asllani sollen die Bayern auch K\u00f6lns Said El Mala beobachten. Freund zur Kaderplanung: &#8222;Die Mischung innerhalb des Kaders macht den Unterschied. Das sieht man derzeit. Wir haben sehr erfahrene Spieler, die auf h\u00f6chstem Niveau spielen, und wir haben junge Spieler, die sich extrem gut entwickeln und gro\u00dfe, beeindruckende Fortschritte machen. Eine gute Mischung zu haben, wird auch in Zukunft das Ziel bleiben.&#8220;<\/p>\n<p class=\"css-1cmglxz\">In der Offensive ist Harry Kane gesetzt. Dahinter l\u00e4uft der Vertrag von Serge Gnabry aus. Nicolas Jackson ist f\u00fcr ein Jahr vom FC Chelsea ausgeliehen. Dessen Kaufoption l\u00e4ge bei 65 Millionen Euro. Die von Asllani beispielweise bei 30 Millionen.<\/p>\n<p class=\"css-1cmglxz\">Auch interessant: <a data-li-document-ref=\"598995\" href=\"https:\/\/www.ran.de\/sports\/fussball\/bundesliga\/news\/fc-bayern-muenchen-michael-olise-von-top-klubs-umworben-rueckkehr-auf-die-insel-wirklich-realistisch-598995\" target=\"_blank\" rel=\"noopener\">FC Bayern M\u00fcnchen: Michael Olise von Top-Klubs umworben &#8211; Abgang ausgeschlossen?<\/a><\/p>\n<p>+++ 17. November, 18:45 Uhr: Erste Gespr\u00e4che mit St\u00fcrmer-Kandidat Fisnik Asllani? +++<\/p>\n<p class=\"css-1cmglxz\">Der FC Bayern M\u00fcnchen konkretisiert seine Bem\u00fchungen um St\u00fcrmer Fisnik Asllani nun wohl. Laut &#8222;Sky&#8220; haben bereits erste Gespr\u00e4che mit dem 23-Jahre alten Angreifer von 1899 Hoffenheim stattgefunden.<\/p>\n<p class=\"css-1cmglxz\">Demnach sind die Bayern-Verantwortlichen Max Eberl und Christoph Freund von der Entwicklung des geb\u00fcrtigen Berliners wohl sehr angetan. Der kosovarische Nationalspieler kann die Kraichgauer dem Bericht nach im Sommer 2025 aufgrund einer Ausstiegsklausel verlassen.<\/p>\n<p class=\"css-1cmglxz\">F\u00fcr die Hoffenheimer steuerte Asllani in der laufenden Pflichtspiel-Saison bereits sechs Treffer und drei Vorlagen bei zw\u00f6lf Eins\u00e4tzen bei. In der Vorsaison war er in die 2. Bundesliga nach Elversberg verliehen, wo er seinen Durchbruch in Deutschland schaffte (37 Pflichtspiel-Eins\u00e4tze, 19 Tore, zehn Vorlagen).<\/p>\n<p>FC Bayern M\u00fcnchen: Die aktuellsten Transfers<\/p>\n","protected":false},"excerpt":{"rendered":"Alle Transfer-News und Ger\u00fcchte zum\u00a0FC Bayern M\u00fcnchen im \u00dcberblick. Welche Stars wechseln? Welche gehen? Alle Informationen zum deutschen&hellip;\n","protected":false},"author":2,"featured_media":594173,"comment_status":"","ping_status":"","sticky":false,"template":"","format":"standard","meta":{"footnotes":""},"categories":[1827],"tags":[772,29,458,64783,30,22045,131945,1409,1268,15],"class_list":{"0":"post-594172","1":"post","2":"type-post","3":"status-publish","4":"format-standard","5":"has-post-thumbnail","7":"category-muenchen","8":"tag-bayern","9":"tag-deutschland","10":"tag-fc-bayern-muenchen","11":"tag-feyenoord-rotterdam","12":"tag-germany","13":"tag-geruechte","14":"tag-givairo-read","15":"tag-manchester-city","16":"tag-muenchen","17":"tag-news"},"share_on_mastodon":{"url":"","error":""},"_links":{"self":[{"href":"https:\/\/www.europesays.com\/de\/wp-json\/wp\/v2\/posts\/594172","targetHints":{"allow":["GET"]}}],"collection":[{"href":"https:\/\/www.europesays.com\/de\/wp-json\/wp\/v2\/posts"}],"about":[{"href":"https:\/\/www.europesays.com\/de\/wp-json\/wp\/v2\/types\/post"}],"author":[{"embeddable":true,"href":"https:\/\/www.europesays.com\/de\/wp-json\/wp\/v2\/users\/2"}],"replies":[{"embeddable":true,"href":"https:\/\/www.europesays.com\/de\/wp-json\/wp\/v2\/comments?post=594172"}],"version-history":[{"count":0,"href":"https:\/\/www.europesays.com\/de\/wp-json\/wp\/v2\/posts\/594172\/revisions"}],"wp:featuredmedia":[{"embeddable":true,"href":"https:\/\/www.europesays.com\/de\/wp-json\/wp\/v2\/media\/594173"}],"wp:attachment":[{"href":"https:\/\/www.europesays.com\/de\/wp-json\/wp\/v2\/media?parent=594172"}],"wp:term":[{"taxonomy":"category","embeddable":true,"href":"https:\/\/www.europesays.com\/de\/wp-json\/wp\/v2\/categories?post=594172"},{"taxonomy":"post_tag","embeddable":true,"href":"https:\/\/www.europesays.com\/de\/wp-json\/wp\/v2\/tags?post=594172"}],"curies":[{"name":"wp","href":"https:\/\/api.w.org\/{rel}","templated":true}]}}