{"id":594180,"date":"2025-11-22T12:12:25","date_gmt":"2025-11-22T12:12:25","guid":{"rendered":"https:\/\/www.europesays.com\/de\/594180\/"},"modified":"2025-11-22T12:12:25","modified_gmt":"2025-11-22T12:12:25","slug":"der-weg-von-unions-aljoscha-kemlein-in-die-bundesliga","status":"publish","type":"post","link":"https:\/\/www.europesays.com\/de\/594180\/","title":{"rendered":"Der Weg von Unions Aljoscha Kemlein in die Bundesliga"},"content":{"rendered":"<p class=\"tspBHk1 tspBHk2\">Hinter Aljoscha Kemlein liegen ereignisreiche Wochen. <a href=\"https:\/\/www.tagesspiegel.de\/sport\/neuformierte-u-21-nach-platz-zwei-bei-der-em-di-salvo-nominiert-drei-spieler-des-1-fc-union-berlin-14245730.html?icid=in-text-link_14896838\" class=\"link link--internal\" data-gtm-class=\"article-text-link\" data-gtm-val=\"internal\" target=\"_blank\" rel=\"noopener\">F\u00fcr die deutsche U-21-Nationalmannschaft<\/a> stand der Berliner zuletzt zweimal in der Startelf und trug mit je einer Vorlage zum 6:0 gegen Malta und dem 2:0 in Georgien bei. Davor war ihm mit dem 1. FC Union Berlin als erster Mannschaft in dieser Saison gelungen, woran selbst PSG und Chelsea gescheitert waren: <a href=\"https:\/\/www.tagesspiegel.de\/sport\/fc-bayern-stolpert-nach-16-siegen-in-folge-eine-bittersusse-sensation-fur-den-1-fc-union-berlin-14788682.html?icid=in-text-link_14896838\" class=\"link link--internal\" data-gtm-class=\"article-text-link\" data-gtm-val=\"internal\" target=\"_blank\" rel=\"noopener\">dem FC Bayern M\u00fcnchen einen Punkt abzunehmen<\/a>. <\/p>\n<p><a href=\"https:\/\/leute.tagesspiegel.de\/?utm_source=tagesspiegel.de&amp;utm_campaign=newsletter-signup&amp;utm_medium=website&amp;utm_content=link&amp;icid=single-topic_14896838___\" data-gtm-class=\"article-mzt-link\" class=\"tspB5ni\" target=\"_blank\" rel=\"noopener\">Mehr \u00fcber guten Sport aus lokaler Perspektive lesen! In unseren w\u00f6chentlichen Newslettern aus den zw\u00f6lf Berliner Bezirken finden Sie Spannendes zu lokalem Sport, lokaler Politik und Kultur. Hier bestellen.  <\/a><\/p>\n<p class=\"tspBHk1\">Nachdem er <a href=\"https:\/\/www.tagesspiegel.de\/sport\/operation-bei-u-21-nationalspieler-1-fc-union-muss-bis-zum-saisonende-auf-aljoscha-kemlein-verzichten-13266709.html?icid=in-text-link_14896838\" class=\"link link--internal\" data-gtm-class=\"article-text-link\" data-gtm-val=\"internal\" target=\"_blank\" rel=\"noopener\">monatelang mit den Nachwirkungen einer Fu\u00dfverletzung<\/a> zu k\u00e4mpfen gehabt hatte, ist die Laune wieder gut beim 21 Jahre alten Mittelfeldspieler \u2013 und das merkt man auch bei einer Medienrunde im Stadion An der Alten F\u00f6rsterei am Donnerstag. \u201eDie ewige Bundesligatabelle ist nat\u00fcrlich ein riesiger Ansporn f\u00fcr uns in der Kabine\u201c, sagt Kemlein lachend auf den Hinweis eines Journalisten, dass Union dort nur zwei Punkte vor dem kommenden Gegner liegt, dem FC St. Pauli. <\/p>\n<p class=\"tspBHk1\">Extramotivation braucht er nicht, erst recht nicht in diesem Duell. \u201eIch hatte bei St. Pauli eine super Zeit, habe mit dem Aufstieg sch\u00f6ne Dinge erlebt und freue mich, dort zu spielen\u201c, sagt Kemlein, der in der R\u00fcckrunde der Saison 2023\/24 nach Hamburg ausgeliehen war. Der Kontakt sei mittlerweile aber deutlich seltener geworden. Die Mannschaft habe sich stark ver\u00e4ndert und \u201eda verl\u00e4uft sich das mit der Zeit\u201c.  <\/p>\n<p><img decoding=\"async\" src=\"https:\/\/www.europesays.com\/de\/wp-content\/uploads\/2025\/11\/fussball-1-bundesliga-union-berlin-fc-bayern-munchen.jpeg\"   alt=\"\" aria-labelledby=\"caption-14897213\" width=\"440\" height=\"330\" loading=\"lazy\" class=\"tspAVii\"\/> Im vergangenen Ligaspiel \u00e4rgerte Aljoscha Kemlein (rot-wei\u00dfes Trikot) mit Union den gro\u00dfen FC Bayern um St\u00fcrmerstar Harry Kane (rechts).  <\/p>\n<p class=\"tspAEf9\"> \u00a9 imago\/Michael Taeger <\/p>\n<p class=\"tspBHk1\">Dennoch bleibt <a href=\"https:\/\/www.tagesspiegel.de\/sport\/bei-uns-ist-es-einen-ticken-lauter-aljoscha-kemlein-und-die-ruckkehr-zum-fc-st-pauli-13074331.html?icid=in-text-link_14896838\" class=\"link link--internal\" data-gtm-class=\"article-text-link\" data-gtm-val=\"internal\" target=\"_blank\" rel=\"noopener\">das halbe Jahr am Millerntor pr\u00e4gend f\u00fcr Kemleins Karriere.<\/a> Dort kam er richtig im Profifu\u00dfball an und St. Pauli h\u00e4tte ihn gerne behalten. Unions Pr\u00e4sident Dirk Zingler, der sich selten zu einzelnen Spielern \u00e4u\u00dfert, sprach schlie\u00dflich ein Machtwort f\u00fcr den Verbleib des Eigengew\u00e4chses: \u201eEs ist klarer Wunsch des Pr\u00e4sidiums, ihn in die erste Mannschaft zu integrieren.\u201c<\/p>\n<p class=\"tspBHk1\">Mit etwas Geduld gelang dies in der vergangenen Saison sehr erfolgreich \u2013 bis ihn eine Fu\u00dfverletzung samt anschlie\u00dfender Operation im Februar au\u00dfer Gefecht setzte. <a href=\"https:\/\/www.tagesspiegel.de\/sport\/kemlein-jeong-skov-burcu-so-sieht-es-bei-unions-angeschlagenen-und-rekonvaleszenten-aus-14022116.html?icid=in-text-link_14896838\" class=\"link link--internal\" data-gtm-class=\"article-text-link\" data-gtm-val=\"internal\" target=\"_blank\" rel=\"noopener\">Der Weg zur\u00fcck war beschwerlich<\/a> und ben\u00f6tigte viel Geduld. In der Sommervorbereitung trainierte er immer noch teilweise individuell, bis Mitte Oktober kam er im Profiteam nur auf wenige Minuten als Einwechselspieler. <\/p>\n<p class=\"tspBHk1\">In Unions Perspektivmannschaft und im September auch bei der U 21 arbeitete er sich langsam wieder in den Spielrhythmus \u2013 und das zahlte sich aus. Beim <a href=\"https:\/\/www.tagesspiegel.de\/sport\/innenverteidiger-mit-torjager-gen-danilho-doekhi-lasst-union-gegen-gladbach-jubeln--mal-wieder-14598269.html?icid=in-text-link_14896838\" class=\"link link--internal\" data-gtm-class=\"article-text-link\" data-gtm-val=\"internal\" target=\"_blank\" rel=\"noopener\">3:1-Sieg gegen Borussia M\u00f6nchengladbach<\/a> stand er erstmals wieder in der Startelf und zeigte eine erstaunlich abgekl\u00e4rte Leistung f\u00fcr einen jungen Spieler, der aus einer langen Pause kommt. \u201eNach dem ersten Spiel \u00fcber 90 Minuten habe ich schon gemerkt, dass die Regeneration l\u00e4nger dauert\u201c, sagt Kemlein. \u201eAber ich merke, dass mir jede Minute guttut.\u201c<\/p>\n<p>6<\/p>\n<p><strong>Mal<\/strong> in Folge stand Kemlein zuletzt in der Startelf f\u00fcr Union und die U 21.<\/p>\n<p class=\"tspBHk1\">Steffen Baumgart h\u00e4lt viel von Kemlein und hat ihn vor einigen Wochen als einen der \u201eflei\u00dfigsten Spieler\u201c bezeichnet, mit denen er je gearbeitet hat. Allerdings wies Unions Trainer auch darauf hin, dass der Weg zur alten Form lang ist. \u201eBei Joschi sieht man, dass er ein sehr gutes Spiel macht, auf sehr gutem Niveau ist. Dann merkt man, dass er im zweiten Spiel noch nicht den gleichen Rhythmus hat. Da geht es auch um Anpassung nach seiner Verletzung\u201c, sagte Baumgart vor dem Spiel gegen die Bayern. &#13;<\/p>\n<p class=\"tspBHk1\">Auch Kemlein selbst sieht sich trotz sechs Startelfeins\u00e4tzen in Folge f\u00fcr Union und die U 21 noch nicht ganz auf dem Niveau, das ihn vor der Verletzung zum Stammspieler gemacht hatte. \u201eIch habe Themen, wo ich besser werden muss, besser werden will\u201c, sagt er. Etwa die Gef\u00e4hrlichkeit im Angriffsdrittel. \u201eEs wird Zeit\u201c, sagt Kemlein mit Blick auf seine Statistik, die in dieser Saison f\u00fcr Union noch keine Tore oder Vorlagen aufweist. <\/p>\n<blockquote class=\"tspB4ng\">\n<p>Ich habe gerne den Ball am Fu\u00df und bringe spielerische Akzente.<\/p>\n<\/blockquote>\n<p class=\"tspB4nh\"><strong>Aljoscha Kemlein<\/strong><\/p>\n<p class=\"tspBHk1\">Dabei ist schon jetzt deutlich, wie wichtig Kemlein f\u00fcr Union werden kann. In einer Mannschaft, die sich vorwiegend \u00fcber die Arbeit gegen den Ball definiert, ist er ein Impulsgeber. \u201eIch habe gerne den Ball am Fu\u00df und bringe spielerische Akzente\u201c, sagt Kemlein. <\/p>\n<p> Mehr Sport <a href=\"https:\/\/www.tagesspiegel.de\/sport\/neue-dokumentation-uber-den-fussballweltmeister-die-ard-macht-es-jerome-boateng-zu-leicht-14883794.html?icid=topic-list_14896838___\" data-gtm-class=\"article-mzt-link\" class=\"tspB5ni\" target=\"_blank\" rel=\"noopener\">Neue Dokumentation \u00fcber den Fu\u00dfballweltmeister Die ARD macht es J\u00e9r\u00f4me Boateng zu leicht <\/a><a href=\"https:\/\/www.tagesspiegel.de\/sport\/ein-spielerstipendium-fur-harvard-zu-bekommen-war-surreal-american-football-in-der-streber-liga-14882360.html?icid=topic-list_14896838___\" data-gtm-class=\"article-mzt-link\" class=\"tspB5ni\" target=\"_blank\" rel=\"noopener\">\u201eEin Spielerstipendium f\u00fcr Harvard zu bekommen, war surreal\u201c American Football in der Streber-Liga <\/a><a href=\"https:\/\/www.tagesspiegel.de\/sport\/us-fonds-im-deutschen-frauenfussball-fur-vereine-wie-viktoria-berlin-wird-es-selbst-mit-investoren-schwer-14807324.html?icid=topic-list_14896838___\" data-gtm-class=\"article-mzt-link\" class=\"tspB5ni\" target=\"_blank\" rel=\"noopener\">US-Fonds im deutschen Frauenfu\u00dfball \u201eF\u00fcr Vereine wie Viktoria Berlin wird es selbst mit Investoren schwer\u201c <\/a><\/p>\n<p class=\"tspBHk1\">Bei Union wissen sie, was sie an ihm haben, er spielt seit der D-Jugend in K\u00f6penick. Gelegentlich zieht es ihn aber auch noch zu seinem Kindheitsverein. Sein \u00e4lterer Bruder Nikolai, der im Nachwuchsbereich auch bei Union aktiv war, spielt inzwischen wieder bei den Berliner Amateuren in Kreuzberg. <\/p>\n<p class=\"tspBHk1\">\u201eWenn ich es schaffe, bin ich gerne dort. Da gibt es immer noch 20, 30 Leute, die ich kenne und mit denen ich mich hinsetze und entspannt das Spiel schaue\u201c, sagt Kemlein. An diesem Wochenende werden die alten Freunde allerdings ohne ihn auskommen m\u00fcssen. Am Sonntag (17.30 Uhr, Dazn) hat die R\u00fcckkehr nach St. Pauli Priorit\u00e4t. <\/p>\n","protected":false},"excerpt":{"rendered":"Hinter Aljoscha Kemlein liegen ereignisreiche Wochen. F\u00fcr die deutsche U-21-Nationalmannschaft stand der Berliner zuletzt zweimal in der Startelf&hellip;\n","protected":false},"author":2,"featured_media":594181,"comment_status":"","ping_status":"","sticky":false,"template":"","format":"standard","meta":{"footnotes":""},"categories":[1825],"tags":[297,1941,1939,296,1937,299,29,458,527,13538,30,692,1635,1940,1938,5917],"class_list":{"0":"post-594180","1":"post","2":"type-post","3":"status-publish","4":"format-standard","5":"has-post-thumbnail","7":"category-berlin","8":"tag-1-fc-union-berlin","9":"tag-aktuelle-nachrichten-aus-berlin","10":"tag-aktuelle-news-aus-berlin","11":"tag-berlin","12":"tag-berlin-news","13":"tag-bundesliga","14":"tag-deutschland","15":"tag-fc-bayern-muenchen","16":"tag-friedrichshain-kreuzberg","17":"tag-georgien","18":"tag-germany","19":"tag-hamburg","20":"tag-jugend","21":"tag-nachrichten-aus-berlin","22":"tag-news-aus-berlin","23":"tag-treptow-koepenick"},"share_on_mastodon":{"url":"https:\/\/pubeurope.com\/@de\/115593291351026565","error":""},"_links":{"self":[{"href":"https:\/\/www.europesays.com\/de\/wp-json\/wp\/v2\/posts\/594180","targetHints":{"allow":["GET"]}}],"collection":[{"href":"https:\/\/www.europesays.com\/de\/wp-json\/wp\/v2\/posts"}],"about":[{"href":"https:\/\/www.europesays.com\/de\/wp-json\/wp\/v2\/types\/post"}],"author":[{"embeddable":true,"href":"https:\/\/www.europesays.com\/de\/wp-json\/wp\/v2\/users\/2"}],"replies":[{"embeddable":true,"href":"https:\/\/www.europesays.com\/de\/wp-json\/wp\/v2\/comments?post=594180"}],"version-history":[{"count":0,"href":"https:\/\/www.europesays.com\/de\/wp-json\/wp\/v2\/posts\/594180\/revisions"}],"wp:featuredmedia":[{"embeddable":true,"href":"https:\/\/www.europesays.com\/de\/wp-json\/wp\/v2\/media\/594181"}],"wp:attachment":[{"href":"https:\/\/www.europesays.com\/de\/wp-json\/wp\/v2\/media?parent=594180"}],"wp:term":[{"taxonomy":"category","embeddable":true,"href":"https:\/\/www.europesays.com\/de\/wp-json\/wp\/v2\/categories?post=594180"},{"taxonomy":"post_tag","embeddable":true,"href":"https:\/\/www.europesays.com\/de\/wp-json\/wp\/v2\/tags?post=594180"}],"curies":[{"name":"wp","href":"https:\/\/api.w.org\/{rel}","templated":true}]}}